{"id":44439,"date":"2014-01-09T19:44:19","date_gmt":"2014-01-09T19:44:19","guid":{"rendered":"https:\/\/archiviogioia.lavocedelpaese.info\/?p=44439"},"modified":"2014-01-09T19:44:19","modified_gmt":"2014-01-09T19:44:19","slug":"noi-sindaco-saremo-sempre-dalla-parte-dei-cittadini","status":"publish","type":"post","link":"https:\/\/archiviogioia.lavocedelpaese.info\/?p=44439","title":{"rendered":"&#8220;NOI, SINDACO, SAREMO SEMPRE DALLA PARTE DEI CITTADINI&#8221;"},"content":{"rendered":"<p><a title=\"gioia-del-colle di LA VOCE DEL PAESE, su Flickr\" href=\"http:\/\/www.flickr.com\/photos\/91470992@N02\/11860053864\/\"><img loading=\"lazy\" decoding=\"async\" style=\"display: block; margin-left: auto; margin-right: auto;\" src=\"http:\/\/farm6.staticflickr.com\/5487\/11860053864_10db62fa2c_z.jpg\" alt=\"gioia-del-colle\" width=\"320\" height=\"240\" \/><\/a><\/p>\n<p><!--more--><\/p>\n<p style=\"text-align: justify;\"><strong>Riceviamo e pubblichiamo<\/strong>.<\/p>\n<p style=\"text-align: center;\">&#8212;&#8212;&#8212;&#8212;&#8212;&#8212;&#8212;&#8212;&#8212;&#8212;&#8212;<\/p>\n<p style=\"text-align: justify;\"><a title=\"SERGIO POVIA di LA VOCE DEL PAESE, su Flickr\" href=\"http:\/\/www.flickr.com\/photos\/91470992@N02\/11859016805\/\"><img loading=\"lazy\" decoding=\"async\" style=\"margin: 4px; float: left;\" src=\"http:\/\/farm6.staticflickr.com\/5536\/11859016805_c9b9c787c1_n.jpg\" alt=\"SERGIO POVIA\" width=\"350\" height=\"233\" \/><\/a> &#8220;<strong>Sindaco Povia serviva un po&#8217; di impegno<\/strong> come Giunta e come Uffici Finanziari, per non applicare i parametri definiti dalla nuova legge Tares (possibilit\u00e0 data con la Legge di Ottobre).<\/p>\n<p style=\"text-align: justify;\"><strong>Tale scelta avrebbe evitato un effetto devastante<\/strong> su alcune categorie, con una tassa decuplicata.<br \/> <strong>Unanimemente<\/strong>, maggioranza e minoranza, potevano <strong>studiare soluzioni alternative<\/strong> per evitare l&#8217;applicazione delle tariffe stabilite dalla nuova legge, potevano <strong>cercare nel bilancio comunale i fondi necessari<\/strong> per ridurre il pi\u00f9 possibile l\u2019impatto della nuova tassa, magari tagliando quella enormit\u00e0 di spese superflue di cui vi siete resi promotori.<\/p>\n<p style=\"text-align: justify;\"><strong>Invece avete scelto altro<\/strong>, avete preferito applicare una tassa cos\u00ec pesante per le possibilit\u00e0 economiche di vari cittadini, <strong>soprattutto in momenti di gravi difficolt\u00e0 economiche<\/strong> com<a title=\"logo con te di LA VOCE DEL PAESE, su Flickr\" href=\"http:\/\/www.flickr.com\/photos\/91470992@N02\/11859019255\/\"><img loading=\"lazy\" decoding=\"async\" style=\"margin: 4px; float: right;\" src=\"http:\/\/farm8.staticflickr.com\/7307\/11859019255_b66abdfd28_q.jpg\" alt=\"logo con te\" width=\"200\" height=\"200\" \/><\/a>e queste.<\/p>\n<p style=\"text-align: justify;\"><strong>A questo va aggiunto il danno creato dalla societ\u00e0 Cerin<\/strong> (gestore dei tributi nel nostro Comune) <strong>c<\/strong><strong>on l&#8217;emissione di cartelle pazze<\/strong>.<\/p>\n<p style=\"text-align: justify;\">Cartelle con errori di varie tipologie che <strong>dovrebbero farla riflettere per una rescissione immediata<\/strong> per gravi inadempimenti. <strong>In questo caos generale <\/strong>da voi creato e in un periodo di grave crisi ci \u00e8 sembrato giusto andare incontro alle esigenze dei cittadini mettendo a disposizione, in modo del tutto gratuito, <strong>un pool di esperti <\/strong>che aiuti gli stessi nel risolvere i danni da voi creati e di instaurare <strong>una class action<\/strong> contro Comune e societ\u00e0 Cerin.<\/p>\n<p style=\"text-align: justify;\"><strong>Invitiamo pertanto tutti i cittadini<\/strong> che abbiano bisogno di aiuto a contattarci.<\/p>\n<p style=\"text-align: justify;\"><strong>Noi Sindaco saremo sempre dalla parte dei cittadini<\/strong>&#8220;.<\/p>\n<p>&nbsp;<\/p>\n","protected":false},"excerpt":{"rendered":"","protected":false},"author":1,"featured_media":0,"comment_status":"open","ping_status":"closed","sticky":false,"template":"","format":"standard","meta":{"colormag_page_container_layout":"default_layout","colormag_page_sidebar_layout":"default_layout","footnotes":""},"categories":[4],"tags":[],"class_list":["post-44439","post","type-post","status-publish","format-standard","hentry","category-politica"],"_links":{"self":[{"href":"https:\/\/archiviogioia.lavocedelpaese.info\/index.php?rest_route=\/wp\/v2\/posts\/44439","targetHints":{"allow":["GET"]}}],"collection":[{"href":"https:\/\/archiviogioia.lavocedelpaese.info\/index.php?rest_route=\/wp\/v2\/posts"}],"about":[{"href":"https:\/\/archiviogioia.lavocedelpaese.info\/index.php?rest_route=\/wp\/v2\/types\/post"}],"author":[{"embeddable":true,"href":"https:\/\/archiviogioia.lavocedelpaese.info\/index.php?rest_route=\/wp\/v2\/users\/1"}],"replies":[{"embeddable":true,"href":"https:\/\/archiviogioia.lavocedelpaese.info\/index.php?rest_route=%2Fwp%2Fv2%2Fcomments&post=44439"}],"version-history":[{"count":0,"href":"https:\/\/archiviogioia.lavocedelpaese.info\/index.php?rest_route=\/wp\/v2\/posts\/44439\/revisions"}],"wp:attachment":[{"href":"https:\/\/archiviogioia.lavocedelpaese.info\/index.php?rest_route=%2Fwp%2Fv2%2Fmedia&parent=44439"}],"wp:term":[{"taxonomy":"category","embeddable":true,"href":"https:\/\/archiviogioia.lavocedelpaese.info\/index.php?rest_route=%2Fwp%2Fv2%2Fcategories&post=44439"},{"taxonomy":"post_tag","embeddable":true,"href":"https:\/\/archiviogioia.lavocedelpaese.info\/index.php?rest_route=%2Fwp%2Fv2%2Ftags&post=44439"}],"curies":[{"name":"wp","href":"https:\/\/api.w.org\/{rel}","templated":true}]}}