{"id":44591,"date":"2014-01-28T02:57:40","date_gmt":"2014-01-28T02:57:40","guid":{"rendered":"https:\/\/archiviogioia.lavocedelpaese.info\/?p=44591"},"modified":"2014-01-28T02:57:40","modified_gmt":"2014-01-28T02:57:40","slug":"1d-maggio-seconda-edizione-del-corricongioia-2","status":"publish","type":"post","link":"https:\/\/archiviogioia.lavocedelpaese.info\/?p=44591","title":{"rendered":"1\u00b0 MAGGIO SECONDA EDIZIONE DEL \u201cCORRICONGIOIA\u201d"},"content":{"rendered":"<p><a title=\"gioia-running2 di LA VOCE DEL PAESE, su Flickr\" href=\"http:\/\/www.flickr.com\/photos\/91470992@N02\/12182713893\/\"><img loading=\"lazy\" decoding=\"async\" style=\"display: block; margin-left: auto; margin-right: auto;\" src=\"http:\/\/farm8.staticflickr.com\/7437\/12182713893_b7ce108009_n.jpg\" alt=\"gioia-running2\" width=\"320\" height=\"240\" \/><\/a><\/p>\n<p><!--more--><\/p>\n<p style=\"margin-bottom: 0.0001pt; text-align: justify; line-height: normal;\"><a title=\"gioia running2 di LA VOCE DEL PAESE, su Flickr\" href=\"http:\/\/www.flickr.com\/photos\/91470992@N02\/12182881354\/\"><img loading=\"lazy\" decoding=\"async\" style=\"margin: 4px; float: left;\" src=\"http:\/\/farm3.staticflickr.com\/2860\/12182881354_c7d5269e98_n.jpg\" alt=\"gioia running2\" width=\"350\" height=\"234\" \/><\/a><strong>Domenica 26 gennaio la Gioia Running \u00e8 stata impegnata su pi\u00f9 campi<\/strong>. Sul fronte agonistico la partecipazione al <strong>Primo Cross della Masseria Torricella<\/strong> \u00e8 stata sicuramente un successo. Infatti, ben nove atleti temerari hanno sfidato le intemperie di una mattinata fredda e ventosa e la difficolt\u00e0 di un percorso (<strong>4 km per le donne 6 per gli uomini<\/strong>) molto tecnico ricco di asperit\u00e0 e di un terreno reso ancor pi\u00f9 pesante dalle precipitazioni dei giorni precedenti. Il loro coraggio per\u00f2 \u00e8 stato ripagato da uno <strong>scenario splendido: la location della gara, nell\u2019agro di Alberobello<\/strong> ha fatto ben presto dimenticare la fatica e il fango ai valorosi portacolori gioiesi e la perfetta organizzazione della societ\u00e0 castellanese Free Dogs \u00e8 stata la ciliegina sulla torta.<\/p>\n<p style=\"margin-bottom: 0.0001pt; text-align: justify; line-height: normal;\"><strong>Tra tutte le prestazioni individuali sot<\/strong><a title=\"gentile gioia running di LA VOCE DEL PAESE, su Flickr\" href=\"http:\/\/www.flickr.com\/photos\/91470992@N02\/12182771703\/\"><img loading=\"lazy\" decoding=\"async\" style=\"margin: 4px; float: right;\" src=\"http:\/\/farm4.staticflickr.com\/3681\/12182771703_6835f49418_n.jpg\" alt=\"gentile gioia running\" width=\"242\" height=\"350\" \/><\/a><strong>tolineiamo quella di Franco Gentile<\/strong>, che alla \u201ctenera\u201d et\u00e0 di <strong>74 anni <\/strong>si \u00e8 misurato sulle impervie salite del cross, a dimostrazione di come questo sport sia davvero democratico e adatto a tutte le et\u00e0, con il doveroso impegno e grado di preparazione.<\/p>\n<p style=\"margin-bottom: 0.0001pt; text-align: justify; line-height: normal;\"><strong>Il post gara ha invece riservato una festosa occasione conviviale con il pranzo sociale<\/strong> a cui hanno partecipato circa 90 tra atleti, familiari e supporters della associazione. Si \u00e8 voluto quindi abbinare l\u2019insediamento ufficiale del nuovo direttivo con una giornata molto divertente e in un atmosfera rilassata sono stati presentati i risultati raggiunti e posti gli obiettivi per la nuova stagione.<\/p>\n<p style=\"margin-bottom: 0.0001pt; text-align: justify; line-height: normal;\">Sicuramente, <strong>aldil\u00e0 di piazzamenti e podi, il risultato principale \u00e8 stata proprio la grande partecipazione collettiva<\/strong>, che testimonia lo straordinario lavoro compiuto in questi due anni, quando si \u00e8 passati da un manipolo di appassionati a un movimento molto pi\u00f9 grande, che vuole continuare a crescere e diffondere tra i gioiesi i benefici di questa attivit\u00e0 sportiva che permette anche a chi non si sente un \u201csuper atleta\u201d di godere di benessere e buona compagnia.<\/p>\n<p style=\"margin-bottom: 0.0001pt; text-align: justify; line-height: normal;\">Infine \u00e8 stata <strong>comunicata dal Presidente Angelillo la data ufficiale della seconda gara podistica nel nostro paese<\/strong>, che si terr\u00e0 gioved\u00ec 1 maggio 2014 e la cui organizzazione vedr\u00e0 da subito impegnati tutti i soci della Gioia Running.<\/p>\n<p>\n<object data=\"https:\/\/static.googleusercontent.com\/external_content\/picasaweb.googleusercontent.com\/slideshow.swf\" type=\"application\/x-shockwave-flash\" width=\"640\" height=\"480\" pluginspage=\"http:\/\/www.macromedia.com\/go\/getflashplayer\"><param name=\"flashvars\" value=\"host=picasaweb.google.com&amp;hl=it&amp;feat=flashalbum&amp;RGB=0x000000&amp;feed=https%3A%2F%2Fpicasaweb.google.com%2Fdata%2Ffeed%2Fapi%2Fuser%2F104626251937098962566%2Falbumid%2F5973759969448747489%3Falt%3Drss%26kind%3Dphoto%26hl%3Dit\" \/><param name=\"movie\" value=\"https:\/\/static.googleusercontent.com\/external_content\/picasaweb.googleusercontent.com\/slideshow.swf\" \/><\/object><\/p>\n","protected":false},"excerpt":{"rendered":"","protected":false},"author":1,"featured_media":0,"comment_status":"open","ping_status":"closed","sticky":false,"template":"","format":"standard","meta":{"colormag_page_container_layout":"default_layout","colormag_page_sidebar_layout":"default_layout","footnotes":""},"categories":[5],"tags":[],"class_list":["post-44591","post","type-post","status-publish","format-standard","hentry","category-sport"],"_links":{"self":[{"href":"https:\/\/archiviogioia.lavocedelpaese.info\/index.php?rest_route=\/wp\/v2\/posts\/44591","targetHints":{"allow":["GET"]}}],"collection":[{"href":"https:\/\/archiviogioia.lavocedelpaese.info\/index.php?rest_route=\/wp\/v2\/posts"}],"about":[{"href":"https:\/\/archiviogioia.lavocedelpaese.info\/index.php?rest_route=\/wp\/v2\/types\/post"}],"author":[{"embeddable":true,"href":"https:\/\/archiviogioia.lavocedelpaese.info\/index.php?rest_route=\/wp\/v2\/users\/1"}],"replies":[{"embeddable":true,"href":"https:\/\/archiviogioia.lavocedelpaese.info\/index.php?rest_route=%2Fwp%2Fv2%2Fcomments&post=44591"}],"version-history":[{"count":0,"href":"https:\/\/archiviogioia.lavocedelpaese.info\/index.php?rest_route=\/wp\/v2\/posts\/44591\/revisions"}],"wp:attachment":[{"href":"https:\/\/archiviogioia.lavocedelpaese.info\/index.php?rest_route=%2Fwp%2Fv2%2Fmedia&parent=44591"}],"wp:term":[{"taxonomy":"category","embeddable":true,"href":"https:\/\/archiviogioia.lavocedelpaese.info\/index.php?rest_route=%2Fwp%2Fv2%2Fcategories&post=44591"},{"taxonomy":"post_tag","embeddable":true,"href":"https:\/\/archiviogioia.lavocedelpaese.info\/index.php?rest_route=%2Fwp%2Fv2%2Ftags&post=44591"}],"curies":[{"name":"wp","href":"https:\/\/api.w.org\/{rel}","templated":true}]}}