{"id":44609,"date":"2014-01-30T09:20:36","date_gmt":"2014-01-30T09:20:36","guid":{"rendered":"https:\/\/archiviogioia.lavocedelpaese.info\/?p=44609"},"modified":"2014-01-30T09:20:36","modified_gmt":"2014-01-30T09:20:36","slug":"conversazione-tra-amici-lo-chiamavano-don-tonino-foto","status":"publish","type":"post","link":"https:\/\/archiviogioia.lavocedelpaese.info\/?p=44609","title":{"rendered":"CONVERSAZIONE TRA AMICI. LO CHIAMAVANO DON TONINO-foto"},"content":{"rendered":"<p><a title=\"don-tonino-bello-conversazione di LA VOCE DEL PAESE, su Flickr\" href=\"http:\/\/www.flickr.com\/photos\/91470992@N02\/12227029585\/\"><img loading=\"lazy\" decoding=\"async\" style=\"display: block; margin-left: auto; margin-right: auto;\" src=\"http:\/\/farm3.staticflickr.com\/2885\/12227029585_011d6d30a0_z.jpg\" alt=\"don-tonino-bello-conversazione\" width=\"320\" height=\"240\" \/><\/a><\/p>\n<p><!--more--><\/p>\n<p style=\"margin-bottom: 0.0001pt; text-align: justify; line-height: normal; background: none repeat scroll 0% 0% white; vertical-align: baseline;\"><a title=\"don tonino bello di LA VOCE DEL PAESE, su Flickr\" href=\"http:\/\/www.flickr.com\/photos\/91470992@N02\/12227182873\/\"><img loading=\"lazy\" decoding=\"async\" style=\"margin: 4px; float: left;\" src=\"http:\/\/farm6.staticflickr.com\/5528\/12227182873_1567e6e8a8_o.jpg\" alt=\"don tonino bello\" width=\"255\" height=\"350\" \/><\/a>E\u2019 un tuffo in un\u2019atmosfera e in una dimensione completamente diverse da quelle a cui siamo solitamente abituati, partecipare ad incontri come quello tenutosi lo scorso mercoled\u00ec <strong>15 gennaio<\/strong> presso il <strong>Chiostro Comunale<\/strong>. Merita, perci\u00f2, uno speciale ringraziamento il settore adulti dell\u2019<strong>Azione Cattolica<\/strong> per la felice intuizione di organizzare, lavorando in sinergia a livello interparrocchiale, un cammino formativo molto interessante articolato in cinque tappe sul tema della giustizia.<\/p>\n<p style=\"margin-bottom: 0.0001pt; text-align: justify; line-height: normal; background: none repeat scroll 0% 0% white; vertical-align: baseline;\">La terza di esse, quella appunto dello scorso 15 gennaio, \u00e8 stata incentrata sulla figura di <strong>don Tonino Bello<\/strong>, Vescovo di Molfetta e Presidente nazionale di Pax Christi, il movimento cattolico internazionale per la pace. Titolo di quella che a giusta ragione \u00e8 stata definita non dibattito, ma conversazione \u00e8 stato: \u201c<strong>Denunciare le ingiustizie per il bene comune<\/strong>\u201d.<\/p>\n<p style=\"margin-bottom: 0.0001pt; text-align: justify; line-height: normal; background: none repeat scroll 0% 0% white; vertical-align: baseline;\">Non un dibattito, ma una conversazione proprio come avviene fra amici che durante un incontro, chiacchierando, si ritrovano a condividere ricordi di un caro amico ormai scomparso da un ventennio, ma ancora vivo e presente nei loro cuori.<\/p>\n<p style=\"margin-bottom: 0.0001pt; text-align: justify; line-height: normal; background: none repeat scroll 0% 0% white; vertical-align: baseline;\">I relatori <strong>don Domenico Amato<\/strong><span style=\"background: none repeat scroll 0% 0% white;\">, Vicario episcopale della diocesi di Molfetta Ruvo e dal 2008 vice postulatore della causa di beatificazione di don Tonino, <\/span><strong>Guglielmo Minervini<\/strong><span style=\"background: none repeat scroll 0% 0% white;\">, Assessore regionale alle politiche giovanili, <\/span><strong>don Vito Piccinonna<\/strong><span style=\"background: none repeat scroll 0% 0% white;\">, Direttore Caritas diocesi di Bari Bitonto e il moderatore <strong>Filippo De Bellis<\/strong> hanno tutti conosciuto direttamente o indirettamente, attraverso racconti di amici e persone a lui vicine, il Vescovo che ormai per la gente santo \u00e8 gi\u00e0. Eppure tutto di lui lascia intendere che la sua vita non \u00e8 stata segnata da quella maestosit\u00e0 troppo spesso assunta da coloro che rivestono ruoli di spicco ai vertici del potere istituzionale ecclesiale o civile.<\/span><\/p>\n<p style=\"margin-bottom: 0.0001pt; text-align: justify; line-height: normal; background: none repeat scroll 0% 0% white; vertical-align: baseline;\"><span style=\"background: none repeat scroll 0% 0% white;\">Percorreva le strade degli uomini andando a piedi, con le scarpe rotte, oppure viaggiando a bordo della sua Cinquecento priva di autista. Al collo un umile croce di legno (di ulivo per non dimenticare le sue origini pugliesi), l\u2019appartamento episcopale sempre aperto ad accogliere i senzatetto, gli immigrati, le prostitute, gli ubriachi a qualunque ora del giorno, senza sosta, notte e d\u00ec. Per tutti era semplicemente don Tonino, l\u2019uomo di Dio che non amava titoli n\u00e9 segni di potere, l\u2019amico dell\u2019intera umanit\u00e0 che non praticava esclusioni o favoritismi sia che si trovasse di fronte ai \u201cgrandi\u201d della terra sia che fosse in presenza dei \u201cpiccoli\u201d evangelicamente intesi, infaticabile operaio della \u201c<i>Chiesa del grembiule\u201d<\/i>, quella che non si rintana nel chiuso delle sacrestie, ma \u201cmette le mani in pasta\u201d per essere lievito che fermenta la massa.<\/span><\/p>\n<p style=\"margin-bottom: 0.0001pt; text-align: justify; line-height: normal; background: none repeat scroll 0% 0% white; vertical-align: baseline;\"><span style=\"background: none repeat scroll 0% 0% white;\">Un uomo, insomma, dalle radici profonde ben piantate in Dio che proprio dalla relazione intima e intensa con Lui attingeva linfa vitale per nutrire la sua fede, il suo coraggio, la sua capacit\u00e0 di discernimento nelle scelte pi\u00f9 difficili della vita.<\/span><\/p>\n<p style=\"margin-bottom: 0.0001pt; text-align: justify; line-height: normal; background: none repeat scroll 0% 0% white; vertical-align: baseline;\"><span style=\"background: none repeat scroll 0% 0% white;\">Una di queste \u00e8 stata il suo \u201cs\u00ec\u201d al mandato episcopale, un incarico rifiutato ben due volte prima della risposta definitiva. Motivo del rifiuto era il timore di essere risucchiato dal potere cedendo alle sue subdole e diaboliche seduzioni. Poi, per\u00f2, intu\u00ec che quel che gli veniva proposto era una sfida al senso delle istituzioni: avrebbe potuto ricoprire un ruolo di prestigio attraversando il potere senza restarne attaccato e riportare, in tal modo, l\u2019episcopato alla purezza evangelica semplicemente svolgendo il servizio secondo le indicazioni di Ges\u00f9: \u201c<\/span>Sapete ci\u00f2 che vi ho fatto? Se dunque io, il Signore e il Maestro, ho lavato i vostri piedi, anche voi dovete lavarvi i piedi gli uni gli altri.Vi ho dato infatti l&#8217;esempio, perch\u00e9 come ho fatto io, facciate anche voi. Un servo non \u00e8 pi\u00f9 grande del suo padrone, n\u00e9 un apostolo \u00e8 pi\u00f9 grande di chi lo ha mandato.Sapendo queste cose, sarete beati se le metterete in pratica.<span style=\"background: none repeat scroll 0% 0% white;\">\u201d (Gv. 13, 12-17).<\/span><\/p>\n<p style=\"margin-bottom: 0.0001pt; text-align: justify; line-height: normal; background: none repeat scroll 0% 0% white; vertical-align: baseline;\">E lui ha davvero attuato e incarnato questo insegnamento a tutti i livelli, prospettando l\u2019urgenza di impegnarsi anche in politica con spirito di autentico servizio. In tal senso essa era per lui addirittura un\u2019arte quasi mistica, capace di elevare l\u2019animo e condurlo oltre il sistema fino a intrecciare un rapporto di profonda comunione con la comunit\u00e0. Secondo questa visione, quindi, la politica diventava per lui una delle forme pi\u00f9 alte di servizio alla comunit\u00e0.<\/p>\n<p style=\"margin-bottom: 0.0001pt; text-align: justify; line-height: normal; background: none repeat scroll 0% 0% white; vertical-align: baseline;\">Anch\u2019essa, per\u00f2, dal canto suo dovrebbe assumere le proprie responsabilit\u00e0 perch\u00e9 questa comunione profonda possa realizzarsi. In quale modo? Ciascuno dovrebbe esercitare quella piccola porzione di potere, di cui tutti siamo portatori, attraverso la partecipazione attiva e solidale.<\/p>\n<p style=\"margin-bottom: 0.0001pt; text-align: justify; line-height: normal; background: none repeat scroll 0% 0% white; vertical-align: baseline;\"><strong>Monsignor Giovanni Giudici<\/strong>, vescovo di Pavia e attuale presidente di Pax Christi Italia di don Tonino ha detto: \u201cLo ricordo appassionato nella difesa della dignit\u00e0 di ogni persona e capace di pagare proprio lui stesso per questa passione mettendo tempo e energie\u201d.<\/p>\n<p style=\"margin-bottom: 0.0001pt; text-align: justify; line-height: normal; background: none repeat scroll 0% 0% white; vertical-align: baseline;\">Cos\u00ec negli anni \u201980 egli tuonava contro chi voleva \u201cmilitarizzare\u201d la sua terra, la Puglia, mettendovi le basi degli F16, negli anni \u201990 si schier\u00f2 contro l&#8217;intervento bellico nella<a title=\"Guerra del Golfo\" href=\"http:\/\/it.wikipedia.org\/wiki\/Guerra_del_Golfo\"><span style=\"color: windowtext; text-decoration: none;\">Guerra del Golfo<\/span><\/a> manifestando un&#8217;opposizione cos\u00ec radicale da attirarsi l&#8217;accusa di istigare alla diserzione, nel \u201992 gi\u00e0 gravemente malato, durante la sanguinosa guerra di Bosnia, organizz\u00f2 la marcia dei 500 che a piedi giunsero a Sarajevo, sotto assedio serbo gi\u00e0 da diversi mesi e convincendo pacificamente i soldati a farli passare, consolarono le vittime di entrambe le parti, dispensarono aiuti tanto agli abitanti di Sarajevo che ai serbi.<\/p>\n<p style=\"margin-bottom: 0.0001pt; text-align: justify; line-height: normal; background: none repeat scroll 0% 0% white; vertical-align: baseline;\">Altro grande suo carisma era il dono della profezia, dono che gli derivava dalla costante tensione verso Dio e la storia del suo tempo, il che gli permetteva di guardare lontano. Siamo soliti pensare ai profeti biblici come coloro che denunciavano (oggi pratica assai diffusa), mentre in realt\u00e0 pi\u00f9 che denunciare essi annunciavano. L\u2019annuncio per\u00f2 era accompagnato anche dalla rinuncia, ma a cosa? All\u2019autoreferenzialit\u00e0, il male dei nostri tempi che spesso paralizza le nostre comunit\u00e0 spingendo alla ricerca spasmodica dell\u2019affermazione personale pi\u00f9 che del bene collettivo. Cos\u00ec sentiamo spesso espressioni come \u201csinergia\u201d, lavorare in rete\u201d, ma la verit\u00e0 \u00e8 che abbiamo smarrito la capacit\u00e0 di camminare insieme in quella \u201cconvivialit\u00e0 delle differenze\u201d che affonda le sue radici nel mistero trinitario: uguaglianza, differenza, relazione. Siamo tutti uguali, tutti differenti, tutti in relazione, quindi ognuno ha qualcosa da dare.<\/p>\n<p style=\"margin-bottom: 0.0001pt; text-align: justify; line-height: normal; background: none repeat scroll 0% 0% white; vertical-align: baseline;\">Il suo carisma profetico, poi, lo port\u00f2 ad essere anche uomo della speranza. Aveva intuito che la storia si stava ormai avviando verso una fase di transizione, una fase che forse ad oggi non si \u00e8 ancora conclusa, eppure come \u00e8 avvenuto per tutte le ere che hanno conosciuto cambiamenti radicali egli riusciva a scorgere al di l\u00e0 delle apparenze (tra l\u2019altro proprio mentre il suo percorso terreno si avviava a conclusione) l\u2019alba del nuovo giorno. Questo potremmo dire il suo testamento spirituale: ci\u00f2 che stiamo vivendo non \u00e8 la fine del mondo, ma la nascita di un mondo nuovo purch\u00e9 ognuno si impegni esercitando il potere pi\u00f9 grande che \u00e8 in lui, quello cio\u00e8 di restare fedele a se stesso, alla forza morale che ha dentro di s\u00e9.<\/p>\n<p style=\"margin-bottom: 0.0001pt; text-align: justify; line-height: normal; background: none repeat scroll 0% 0% white; vertical-align: baseline;\">Concludo lasciando spazio alle sue parole tratte dalla splendida preghiera intitolata \u201c<i>La Lampara\u201d <\/i>scritta prima di lasciare Tricase:<\/p>\n<p style=\"margin-bottom: 0.0001pt; text-align: center; line-height: normal; background: none repeat scroll 0% 0% white; vertical-align: baseline;\" align=\"center\"><strong><span style=\"color: black; background: none repeat scroll 0% 0% white;\">La Lampara<\/span><\/strong><\/p>\n<p style=\"margin-bottom: 0.0001pt; line-height: normal; background: none repeat scroll 0% 0% white; vertical-align: baseline;\"><span style=\"color: black; background: none repeat scroll 0% 0% white;\">Stasera, Signore, voglio pregarti per ci\u00f2 che mi lascio dietro, per la mia citt\u00e0 di Tricase,<\/span><span style=\"color: black;\"><br \/> <span style=\"background: none repeat scroll 0% 0% white;\">per questa terraferma tenace,<\/span><br \/> <span style=\"background: none repeat scroll 0% 0% white;\">dove fluttuano ancora&#8230; le mie vele e i miei sogni.<\/span><br \/> <span style=\"background: none repeat scroll 0% 0% white;\">Ti chiedo solo tre cose. Per adesso.<\/span><br \/> <span style=\"background: none repeat scroll 0% 0% white;\">Da\u2019 a questi miei amici e fratelli la forza di osare di pi\u00f9.<\/span><br \/> <span style=\"background: none repeat scroll 0% 0% white;\">La capacit\u00e0 di inventarsi.<\/span><br \/> <span style=\"background: none repeat scroll 0% 0% white;\">La gioia di prendere il largo.<\/span><br \/> <span style=\"background: none repeat scroll 0% 0% white;\">Il fremito di speranze nuove.<\/span><br \/> <span style=\"background: none repeat scroll 0% 0% white;\">Il bisogno di sicurezze<\/span><br \/> <span style=\"background: none repeat scroll 0% 0% white;\">li ha inchiodati a un mondo vecchio, che si dissolve,<\/span><br \/> <span style=\"background: none repeat scroll 0% 0% white;\">cos\u00ec come ha inchiodato me su questo scoglio, stasera, col fardello pesante di tanti ricordi.<\/span><br \/> <span style=\"background: none repeat scroll 0% 0% white;\">Da&#8217; ad essi, Signore,<\/span><br \/> <span style=\"background: none repeat scroll 0% 0% white;\">la volont\u00e0 decisa di rompere gli ormeggi.<\/span><br \/> <span style=\"background: none repeat scroll 0% 0% white;\">Per liberarsi da soggezioni antiche e nuove.<\/span><br \/> <span style=\"background: none repeat scroll 0% 0% white;\">Stimola in tutti, nei giovani in particolare, una creativit\u00e0 pi\u00f9 fresca,<\/span><br \/> <span style=\"background: none repeat scroll 0% 0% white;\">una fantasia pi\u00f9 liberante,<\/span><br \/> <span style=\"background: none repeat scroll 0% 0% white;\">e la gioia turbinosa dell&#8217;iniziativa<\/span><br \/> <span style=\"background: none repeat scroll 0% 0% white;\">che li ponga a riparo da ogni prostituzione.<\/span><br \/> <span style=\"background: none repeat scroll 0% 0% white;\">Una seconda cosa ti chiedo, Signore.<\/span><br \/> <span style=\"background: none repeat scroll 0% 0% white;\">Fa&#8217; provare a questa gente che lascio<\/span><br \/> <span style=\"background: none repeat scroll 0% 0% white;\">l&#8217;ebbrezza di camminare insieme.<\/span><br \/> <span style=\"background: none repeat scroll 0% 0% white;\">Donale una solidariet\u00e0 nuova,<\/span><br \/> <span style=\"background: none repeat scroll 0% 0% white;\">una comunione profonda,<\/span><br \/> <span style=\"background: none repeat scroll 0% 0% white;\">una \u00abcospirazione\u00bb tenace.<\/span><br \/> <span style=\"background: none repeat scroll 0% 0% white;\">Falle sentire che per crescere insieme<\/span><br \/> <span style=\"background: none repeat scroll 0% 0% white;\">non basta tirar fuori dall&#8217;armadio del passato i ricordi splendidi e fastosi di un tempo,<\/span><br \/> <span style=\"background: none repeat scroll 0% 0% white;\">ma occorre spalancare la finestra del futuro progettando insieme, osando insieme, sacrificandosi<\/span><br \/> <span style=\"background: none repeat scroll 0% 0% white;\">insieme.<\/span><br \/> <span style=\"background: none repeat scroll 0% 0% white;\">Da soli non si cammina pi\u00f9!<\/span><br \/> <span style=\"background: none repeat scroll 0% 0% white;\">E concedile il bisogno di alimentare questa coscienza di popolo<\/span><br \/> <span style=\"background: none repeat scroll 0% 0% white;\">con l&#8217;ascolto della tua Parola.<\/span><br \/> <span style=\"background: none repeat scroll 0% 0% white;\">Concedi, perci\u00f2, a questo popolo, la letizia della domenica,<\/span><br \/> <span style=\"background: none repeat scroll 0% 0% white;\">il senso della festa, la gioia dell&#8217;incontro.<\/span><br \/> <span style=\"background: none repeat scroll 0% 0% white;\">Liberalo dalla noia del rito,<\/span><br \/> <span style=\"background: none repeat scroll 0% 0% white;\">dall&#8217;usura del cerimoniale,<\/span><br \/> <span style=\"background: none repeat scroll 0% 0% white;\">dalla stanchezza delle ripetizioni.<\/span><br \/> <span style=\"background: none repeat scroll 0% 0% white;\">Fa&#8217; che le tue messe siano una danza di giovinezza e concerti di campane,<\/span><br \/> <span style=\"background: none repeat scroll 0% 0% white;\">una liberazione di speranze prigioniere e canti di chiesa,<\/span><br \/> <span style=\"background: none repeat scroll 0% 0% white;\">il disseppellimento di attese comuni interrate nelle caverne dell&#8217;anima.<\/span><br \/> <span style=\"background: none repeat scroll 0% 0% white;\">Un&#8217;ultima implorazione, Signore.<\/span><br \/> <span style=\"background: none repeat scroll 0% 0% white;\">Per i poveri.<\/span><br \/> <span style=\"background: none repeat scroll 0% 0% white;\">Per i malati, i vecchi, gli esclusi.<\/span><br \/> <span style=\"background: none repeat scroll 0% 0% white;\">Per chi ha fame e non ha pane.<\/span><br \/> <span style=\"background: none repeat scroll 0% 0% white;\">Ma anche per chi ha pane e non ha fame.<\/span><br \/> <span style=\"background: none repeat scroll 0% 0% white;\">Per chi si vede sorpassare da tutti.<\/span><br \/> <span style=\"background: none repeat scroll 0% 0% white;\">Per gli sfrattati, gli alcolizzati, le prostitute.<\/span><br \/> <span style=\"background: none repeat scroll 0% 0% white;\">Per chi \u00e8 solo. Per chi \u00e8 stanco. Per chi ha ammainato le vele.<\/span><br \/> <span style=\"background: none repeat scroll 0% 0% white;\">Per chi nasconde sotto il coperchio di un sorriso cisterne di dolore.<\/span><br \/> <span style=\"background: none repeat scroll 0% 0% white;\">Libera i credenti, o Signore,<\/span><br \/> <span style=\"background: none repeat scroll 0% 0% white;\">dal pensare che basti un gesto di carit\u00e0 a sanare tante sofferenze.<\/span><br \/> <span style=\"background: none repeat scroll 0% 0% white;\">Ma libera anche chi non condivide le speranze cristiane<\/span><br \/> <span style=\"background: none repeat scroll 0% 0% white;\">dal credere che sia inutile spartire il pane e la tenda, e che baster\u00e0 cambiare le strutture<\/span><br \/> <span style=\"background: none repeat scroll 0% 0% white;\">perch\u00e9 i poveri non ci siano pi\u00f9.<\/span><br \/> <span style=\"background: none repeat scroll 0% 0% white;\">Essi li avremo sempre con noi.<\/span><br \/> <span style=\"background: none repeat scroll 0% 0% white;\">Sono il segno della nostra povert\u00e0 di viandanti. Sono il simbolo delle nostre delusioni.<\/span><br \/> <span style=\"background: none repeat scroll 0% 0% white;\">Sono il coagulo delle nostre stanchezze. Sono il brandello delle nostre disperazioni.<\/span><br \/> <span style=\"background: none repeat scroll 0% 0% white;\">Li avremo sempre con noi, anzi, dentro di noi.<\/span><br \/> <span style=\"background: none repeat scroll 0% 0% white;\">Adesso, basta, o Signore: non ti voglio stancare, \u00e8 gi\u00e0 scesa la notte.<\/span><br \/> <span style=\"background: none repeat scroll 0% 0% white;\">Ma laggi\u00f9, sul mare,<\/span><br \/> <span style=\"background: none repeat scroll 0% 0% white;\">ancora senza vele e senza sogni,<\/span><br \/> <span style=\"background: none repeat scroll 0% 0% white;\">si \u00e8 accesa una lampara.<\/span><\/span><\/p>\n<p style=\"margin-bottom: 0.0001pt; line-height: normal; background: none repeat scroll 0% 0% white; vertical-align: baseline;\"><span style=\"color: black;\"><span style=\"background: none repeat scroll 0% 0% white;\">Si ringraziano <strong>Cataldo Liuzzi<\/strong> e <strong>Mario Di Giuseppe<\/strong> per il loro contributo fotografico.<\/span><\/span><\/p>\n<p>\n<object data=\"https:\/\/static.googleusercontent.com\/external_content\/picasaweb.googleusercontent.com\/slideshow.swf\" type=\"application\/x-shockwave-flash\" width=\"640\" height=\"480\"><param name=\"flashvars\" value=\"host=picasaweb.google.com&amp;hl=it&amp;feat=flashalbum&amp;RGB=0x000000&amp;feed=https%3A%2F%2Fpicasaweb.google.com%2Fdata%2Ffeed%2Fapi%2Fuser%2F104626251937098962566%2Falbumid%2F5974805668792286209%3Falt%3Drss%26kind%3Dphoto%26hl%3Dit\" \/><param name=\"movie\" value=\"https:\/\/static.googleusercontent.com\/external_content\/picasaweb.googleusercontent.com\/slideshow.swf\" \/><\/object><\/p>\n","protected":false},"excerpt":{"rendered":"","protected":false},"author":1,"featured_media":0,"comment_status":"open","ping_status":"closed","sticky":false,"template":"","format":"standard","meta":{"colormag_page_container_layout":"default_layout","colormag_page_sidebar_layout":"default_layout","footnotes":""},"categories":[7],"tags":[],"class_list":["post-44609","post","type-post","status-publish","format-standard","hentry","category-attualita"],"_links":{"self":[{"href":"https:\/\/archiviogioia.lavocedelpaese.info\/index.php?rest_route=\/wp\/v2\/posts\/44609","targetHints":{"allow":["GET"]}}],"collection":[{"href":"https:\/\/archiviogioia.lavocedelpaese.info\/index.php?rest_route=\/wp\/v2\/posts"}],"about":[{"href":"https:\/\/archiviogioia.lavocedelpaese.info\/index.php?rest_route=\/wp\/v2\/types\/post"}],"author":[{"embeddable":true,"href":"https:\/\/archiviogioia.lavocedelpaese.info\/index.php?rest_route=\/wp\/v2\/users\/1"}],"replies":[{"embeddable":true,"href":"https:\/\/archiviogioia.lavocedelpaese.info\/index.php?rest_route=%2Fwp%2Fv2%2Fcomments&post=44609"}],"version-history":[{"count":0,"href":"https:\/\/archiviogioia.lavocedelpaese.info\/index.php?rest_route=\/wp\/v2\/posts\/44609\/revisions"}],"wp:attachment":[{"href":"https:\/\/archiviogioia.lavocedelpaese.info\/index.php?rest_route=%2Fwp%2Fv2%2Fmedia&parent=44609"}],"wp:term":[{"taxonomy":"category","embeddable":true,"href":"https:\/\/archiviogioia.lavocedelpaese.info\/index.php?rest_route=%2Fwp%2Fv2%2Fcategories&post=44609"},{"taxonomy":"post_tag","embeddable":true,"href":"https:\/\/archiviogioia.lavocedelpaese.info\/index.php?rest_route=%2Fwp%2Fv2%2Ftags&post=44609"}],"curies":[{"name":"wp","href":"https:\/\/api.w.org\/{rel}","templated":true}]}}