{"id":44641,"date":"2014-02-04T09:24:24","date_gmt":"2014-02-04T09:24:24","guid":{"rendered":"https:\/\/archiviogioia.lavocedelpaese.info\/?p=44641"},"modified":"2014-02-04T09:24:24","modified_gmt":"2014-02-04T09:24:24","slug":"giustizia-e-famiglia-con-mario-e-anna-salvati","status":"publish","type":"post","link":"https:\/\/archiviogioia.lavocedelpaese.info\/?p=44641","title":{"rendered":"\u201cGIUSTIZIA E FAMIGLIA\u201d CON MARIO E ANNA SALVATI"},"content":{"rendered":"<p><a title=\"F_-_famiglia di LA VOCE DEL PAESE, su Flickr\" href=\"http:\/\/www.flickr.com\/photos\/91470992@N02\/12311379054\/\"><img loading=\"lazy\" decoding=\"async\" style=\"display: block; margin-left: auto; margin-right: auto;\" src=\"http:\/\/farm3.staticflickr.com\/2811\/12311379054_93ab23166b_n.jpg\" alt=\"F_-_famiglia\" width=\"320\" height=\"240\" \/><\/a><\/p>\n<p><!--more--><\/p>\n<p style=\"text-align: justify;\"><a title=\"famiglia_mini di LA VOCE DEL PAESE, su Flickr\" href=\"http:\/\/www.flickr.com\/photos\/91470992@N02\/12311532916\/\"><img loading=\"lazy\" decoding=\"async\" style=\"margin: 4px; float: left;\" src=\"http:\/\/farm8.staticflickr.com\/7297\/12311532916_1792fddca0.jpg\" alt=\"famiglia_mini\" width=\"267\" height=\"400\" \/><\/a>\u201c<strong>La famiglia<\/strong>, nella sua natura pi\u00f9 profonda, <strong>incarna quattro principi cardine della Dottrina sociale della Chiesa<\/strong>: persona, solidariet\u00e0, sussidiariet\u00e0 e bene comune. \u00c8 infatti in famiglia che si scopre la dignit\u00e0 della persona. \u00c8 in famiglia che si vive il principio di solidariet\u00e0, quando i grandi si preoccupano dei piccoli e gli adulti non abbandonano gli anziani. La libert\u00e0 della famiglia di organizzare attivit\u00e0 economiche, educative e sociali incarna il principio di sussidiariet\u00e0. Il capitale sociale prodotto dalla famiglia sta alla base del bene comune\u201d\u2026 (dal Documento preparatorio alla 47<sup>a<\/sup> Settimana Sociale dei Cattolici Italiani \u201cLa Famiglia, speranza e Futuro per la societ\u00e0 italiana\u201d)! <strong>L\u2019Azione Cattolica delle cinque parrocchie gioiesi<\/strong> &#8211; afferma <strong>Augusto Angelillo<\/strong>, presidente del gruppo di Azione Cattolica della Parrocchia Santa Maria Maggiore &#8211; <strong>sta portando avanti<\/strong> dal mese di ottobre scorso <strong>un percorso interparrocchiale sul senso di Giustizia<\/strong>. Sono stati gi\u00e0 organizzati incontri aperti a tutta la citt\u00e0 su \u201c<strong>Giustizia e Chiesa<\/strong>\u201d e \u201c<strong>Giustizia e Politica<\/strong>\u201d, che hanno riscosso un bel successo di partecipazione e di confronto.<\/p>\n<p style=\"text-align: justify;\">Ora tocca a \u201c<strong>Giustizia e Famiglia<\/strong>\u201d, incontro che si terr\u00e0 nel salone parrocchiale della Chiesa Madre alle ore 19,30 di mercoled\u00ec 5 febbraio, interverranno i coniugi <strong>Mario e Anna Salvati<\/strong> dell\u2019Ufficio Diocesano per la Pastorale della Famiglia.<\/p>\n<p style=\"text-align: justify;\"><strong>Da tempo si parla molto della famiglia a livello istituzionale<\/strong> e non solo, \u00e8 bene per\u00f2 che le stesse famiglie si confrontino e portino il proprio vissuto: cosa \u00e8 giustizia per la famiglia ed in particolare per la famiglia cristiana? Per questo invito tutti a partecipare a questo momento cos\u00ec importante di formazione e di confronto.&#8221;<\/p>\n<p><a title=\"Famiglia e Giustizia di LA VOCE DEL PAESE, su Flickr\" href=\"http:\/\/www.flickr.com\/photos\/91470992@N02\/12312279013\/\"><img loading=\"lazy\" decoding=\"async\" style=\"margin: 2px;\" src=\"http:\/\/farm8.staticflickr.com\/7347\/12312279013_97e809d283_b.jpg\" alt=\"Famiglia e Giustizia\" width=\"660\" height=\"933\" \/><\/a><\/p>\n","protected":false},"excerpt":{"rendered":"","protected":false},"author":1,"featured_media":0,"comment_status":"open","ping_status":"closed","sticky":false,"template":"","format":"standard","meta":{"colormag_page_container_layout":"default_layout","colormag_page_sidebar_layout":"default_layout","footnotes":""},"categories":[7],"tags":[],"class_list":["post-44641","post","type-post","status-publish","format-standard","hentry","category-attualita"],"_links":{"self":[{"href":"https:\/\/archiviogioia.lavocedelpaese.info\/index.php?rest_route=\/wp\/v2\/posts\/44641","targetHints":{"allow":["GET"]}}],"collection":[{"href":"https:\/\/archiviogioia.lavocedelpaese.info\/index.php?rest_route=\/wp\/v2\/posts"}],"about":[{"href":"https:\/\/archiviogioia.lavocedelpaese.info\/index.php?rest_route=\/wp\/v2\/types\/post"}],"author":[{"embeddable":true,"href":"https:\/\/archiviogioia.lavocedelpaese.info\/index.php?rest_route=\/wp\/v2\/users\/1"}],"replies":[{"embeddable":true,"href":"https:\/\/archiviogioia.lavocedelpaese.info\/index.php?rest_route=%2Fwp%2Fv2%2Fcomments&post=44641"}],"version-history":[{"count":0,"href":"https:\/\/archiviogioia.lavocedelpaese.info\/index.php?rest_route=\/wp\/v2\/posts\/44641\/revisions"}],"wp:attachment":[{"href":"https:\/\/archiviogioia.lavocedelpaese.info\/index.php?rest_route=%2Fwp%2Fv2%2Fmedia&parent=44641"}],"wp:term":[{"taxonomy":"category","embeddable":true,"href":"https:\/\/archiviogioia.lavocedelpaese.info\/index.php?rest_route=%2Fwp%2Fv2%2Fcategories&post=44641"},{"taxonomy":"post_tag","embeddable":true,"href":"https:\/\/archiviogioia.lavocedelpaese.info\/index.php?rest_route=%2Fwp%2Fv2%2Ftags&post=44641"}],"curies":[{"name":"wp","href":"https:\/\/api.w.org\/{rel}","templated":true}]}}