{"id":44686,"date":"2014-02-09T02:07:45","date_gmt":"2014-02-09T02:07:45","guid":{"rendered":"https:\/\/archiviogioia.lavocedelpaese.info\/?p=44686"},"modified":"2014-02-09T02:07:45","modified_gmt":"2014-02-09T02:07:45","slug":"al-rossini-promozione-settimana-della-danza-2","status":"publish","type":"post","link":"https:\/\/archiviogioia.lavocedelpaese.info\/?p=44686","title":{"rendered":"AL ROSSINI PROMOZIONE SETTIMANA DELLA DANZA"},"content":{"rendered":"<p><a title=\"settimana della danza rossini di LA VOCE DEL PAESE, su Flickr\" href=\"http:\/\/www.flickr.com\/photos\/91470992@N02\/12410190504\/\"><img loading=\"lazy\" decoding=\"async\" style=\"display: block; margin-left: auto; margin-right: auto;\" src=\"http:\/\/farm3.staticflickr.com\/2811\/12410190504_7e1ef0c50f_n.jpg\" alt=\"settimana della danza rossini\" width=\"320\" height=\"240\" \/><\/a><\/p>\n<p><!--more--><\/p>\n<p style=\"text-align: justify;\"><a title=\"settimana della danza rossini di LA VOCE DEL PAESE, su Flickr\" href=\"http:\/\/www.flickr.com\/photos\/91470992@N02\/12410191794\/\"><img loading=\"lazy\" decoding=\"async\" style=\"margin: 4px; float: left;\" src=\"http:\/\/farm8.staticflickr.com\/7338\/12410191794_cabe021255_n.jpg\" alt=\"settimana della danza rossini\" width=\"400\" height=\"266\" \/><\/a> \u201cLa danza \u00e8 arte, e Gioia del Colle \u00e8 pronta a dimostrarlo: una settimana di spettacoli, incontri e laboratori al teatro Rossini&nbsp; &#8211;&nbsp; con una trasferta a Bari&nbsp; &#8211;&nbsp; per raccontare quella che forse \u00e8 l&#8217;espressione pi\u00f9 sublime del teatro contemporaneo. La &#8220;Settimana della danza&#8221; \u00e8 una rassegna dalla compagnia Resextensa&nbsp; &#8211;&nbsp; l&#8217;unica residenza di danza nell&#8217;ambito del progetto regionale Teatri abitati&nbsp; &#8211;&nbsp; insieme con Teatro pubblico pugliese, Agis Puglia e Basilicata, Comune di Gioia del Colle. Il primo appuntamento \u00e8 questa sera alle 21 con &#8220;La boule de neige&#8221; del Balletto di Toscana junior diretto da Cristina Bozzolini: i suoi giovani talenti si confrontano con un&#8217;idea di Fabrizio Monteverde che prende spunto da &#8220;Les enfants terribles&#8221; di Jean Cocteau, e scava le inquietudini e la tragedia che si nascondono nell&#8217;et\u00e0 pi\u00f9 delicata, quella appunto &#8220;terribile&#8221; dell&#8217;adolescenza\u201d (repubblica).<\/p>\n<p style=\"text-align: justify;\"><span><strong>Abbonamento ai tre spettacoli 15 \u20ac<\/strong><\/span><a title=\"settimana della danza rossini di LA VOCE DEL PAESE, su Flickr\" href=\"http:\/\/www.flickr.com\/photos\/91470992@N02\/12409870613\/\"><img loading=\"lazy\" decoding=\"async\" style=\"margin: 4px; float: right;\" src=\"http:\/\/farm8.staticflickr.com\/7434\/12409870613_94a3ee1eac_o.jpg\" alt=\"settimana della danza rossini\" width=\"400\" height=\"401\" \/><\/a><\/p>\n<div style=\"text-align: justify;\"><span><strong>9 febbraio<\/strong>, h 21.00 Balletto di Toscana jr. in \u201cLa Boule de Neige\u201d<\/span><\/div>\n<div style=\"text-align: justify;\"><span><strong>13 febbraio<\/strong>, h 21.00 Qualib\u00f2\/Maristella Tanzi in \u201cKintsugi\u201d<\/span><\/div>\n<div style=\"text-align: justify;\"><span><strong>16 febbraio<\/strong>, h 21.00 Ambra senatore in &#8220;John&#8221;<\/span><\/div>\n<p><span><strong>Informazioni e prenotazioni<\/strong>:<\/span><\/p>\n<div style=\"text-align: justify;\"><span>ResExtensa <a href=\"mailto:info@resextensa.it\">info@resextensa.it<\/a> tel. 349.8533216<\/span> <span>Teatro Rossini tel. 080.3448453 <a href=\"mailto:teatrorossini@virgilio.it\">teatrorossini@virgilio.it<\/a><\/span><\/div>\n<div style=\"text-align: justify;\"><span><strong>Orari di apertura<\/strong> botteghino: luned\u00ec, marted\u00ec, mercoled\u00ec, venerd\u00ec dalle 18.00 alle 20.00; gioved\u00ec dalle 10.00 alle 12.00<\/span>.<\/div>\n<div style=\"text-align: justify;\"><span><strong>Biglietteria<\/strong> on line: <a href=\"http:\/\/www.bookingshow.it\/\" target=\"_blank\" rel=\"noopener\">www.bookingshow.it<\/a> &#8211; <\/span><span>presso <a href=\"https:\/\/www.facebook.com\/pages\/Teatro-Comunale-Rossini\/216668718411455?ref=stream\" data-ft=\"{&quot;tn&quot;:&quot;P&quot;}\" data-hovercard=\"\/ajax\/hovercard\/page.php?id=216668718411455&amp;extragetparams=%7B%22directed_target_id%22%3Anull%7D\">Teatro Comunale Rossini<\/a>.<\/span><\/div>\n<p style=\"text-align: justify;\"><strong>Chi partecipa ad uno dei tre spettacoli<\/strong> della Settimana della Danza al teatro comunale Rossini (La Boule de Neige, Kintsugi, John) <strong>conservando il biglietto<\/strong>, <strong>pu\u00f2 usufruire della riduzione per assistere ad uno spettacolo della rassegna DAB<\/strong> &#8211; Danza a Bari, presso il <strong>Teatro Kismet Opera<\/strong>.<\/p>\n<p><a title=\"settimana della danza rossini di LA VOCE DEL PAESE, su Flickr\" href=\"http:\/\/www.flickr.com\/photos\/91470992@N02\/12410191264\/\"><img loading=\"lazy\" decoding=\"async\" src=\"http:\/\/farm6.staticflickr.com\/5523\/12410191264_16d98113b2_b.jpg\" alt=\"settimana della danza rossini\" width=\"640\" height=\"960\" \/><\/a><\/p>\n","protected":false},"excerpt":{"rendered":"","protected":false},"author":1,"featured_media":0,"comment_status":"open","ping_status":"closed","sticky":false,"template":"","format":"standard","meta":{"colormag_page_container_layout":"default_layout","colormag_page_sidebar_layout":"default_layout","footnotes":""},"categories":[7],"tags":[],"class_list":["post-44686","post","type-post","status-publish","format-standard","hentry","category-attualita"],"_links":{"self":[{"href":"https:\/\/archiviogioia.lavocedelpaese.info\/index.php?rest_route=\/wp\/v2\/posts\/44686","targetHints":{"allow":["GET"]}}],"collection":[{"href":"https:\/\/archiviogioia.lavocedelpaese.info\/index.php?rest_route=\/wp\/v2\/posts"}],"about":[{"href":"https:\/\/archiviogioia.lavocedelpaese.info\/index.php?rest_route=\/wp\/v2\/types\/post"}],"author":[{"embeddable":true,"href":"https:\/\/archiviogioia.lavocedelpaese.info\/index.php?rest_route=\/wp\/v2\/users\/1"}],"replies":[{"embeddable":true,"href":"https:\/\/archiviogioia.lavocedelpaese.info\/index.php?rest_route=%2Fwp%2Fv2%2Fcomments&post=44686"}],"version-history":[{"count":0,"href":"https:\/\/archiviogioia.lavocedelpaese.info\/index.php?rest_route=\/wp\/v2\/posts\/44686\/revisions"}],"wp:attachment":[{"href":"https:\/\/archiviogioia.lavocedelpaese.info\/index.php?rest_route=%2Fwp%2Fv2%2Fmedia&parent=44686"}],"wp:term":[{"taxonomy":"category","embeddable":true,"href":"https:\/\/archiviogioia.lavocedelpaese.info\/index.php?rest_route=%2Fwp%2Fv2%2Fcategories&post=44686"},{"taxonomy":"post_tag","embeddable":true,"href":"https:\/\/archiviogioia.lavocedelpaese.info\/index.php?rest_route=%2Fwp%2Fv2%2Ftags&post=44686"}],"curies":[{"name":"wp","href":"https:\/\/api.w.org\/{rel}","templated":true}]}}