{"id":44754,"date":"2014-02-15T09:54:20","date_gmt":"2014-02-15T09:54:20","guid":{"rendered":"https:\/\/archiviogioia.lavocedelpaese.info\/?p=44754"},"modified":"2014-02-15T09:54:20","modified_gmt":"2014-02-15T09:54:20","slug":"assoretipmi-a-bari-conquista-lo-smau-2","status":"publish","type":"post","link":"https:\/\/archiviogioia.lavocedelpaese.info\/?p=44754","title":{"rendered":"ASSORETIPMI A BARI CONQUISTA LO SMAU"},"content":{"rendered":"<p><a title=\"assoretipmi-allo-smau di LA VOCE DEL PAESE, su Flickr\" href=\"http:\/\/www.flickr.com\/photos\/91470992@N02\/12541284194\/\"><img loading=\"lazy\" decoding=\"async\" style=\"display: block; margin-left: auto; margin-right: auto;\" src=\"http:\/\/farm3.staticflickr.com\/2857\/12541284194_a756226d10_n.jpg\" alt=\"assoretipmi-allo-smau\" width=\"320\" height=\"240\" \/><\/a><\/p>\n<p><!--more--><\/p>\n<p style=\"text-align: justify;\"><a title=\"assoretipmi e smau di LA VOCE DEL PAESE, su Flickr\" href=\"http:\/\/www.flickr.com\/photos\/91470992@N02\/12540862323\/\"><img loading=\"lazy\" decoding=\"async\" style=\"margin: 4px; float: left;\" src=\"http:\/\/farm6.staticflickr.com\/5532\/12540862323_03545a9a2b_n.jpg\" alt=\"assoretipmi e smau\" width=\"350\" height=\"233\" \/><\/a> <strong>Si \u00e8 tinta di biancorosso la prima giornata dell\u2019evento SMAU<\/strong> tenutosi a Bari presso la Fiera del Levante il 12 e il 13 febbraio. In occasione della giornata inaugurale della kermesse dedicata alla tecnologia e all\u2019innovativit\u00e0 al servizio delle imprese, <strong>una nutrita delegazione di dirigenti biancorossi e di atleti della squadra di mister Cavalera \u00e8 stata gradita ospite<\/strong> dello stand di AssoRetiPMI, Cda e InfoAziende presente in Fiera.<\/p>\n<p style=\"text-align: justify;\"><strong>A fare gli onori di casa il delegato regionale di AssoRetiPMI Gaetano Mele<\/strong>, nonch\u00e9 il presidente e il vice nazionale <strong>Eugenio Ferrari e Monica Franco<\/strong>, che si sono intrattenuti con la squadra e hanno mostrato le esposizioni che hanno portato all\u2019evento. Particolarmente interessante l\u2019illustrazione dei droni espos<a title=\"assoretipmi e smau di LA VOCE DEL PAESE, su Flickr\" href=\"http:\/\/www.flickr.com\/photos\/91470992@N02\/12540721235\/\"><img loading=\"lazy\" decoding=\"async\" style=\"margin: 4px; float: right;\" src=\"http:\/\/farm3.staticflickr.com\/2857\/12540721235_8962edf666_n.jpg\" alt=\"assoretipmi e smau\" width=\"350\" height=\"233\" \/><\/a>ti da <strong>Tecnova<\/strong>, altro importante partner di AssoRetiPMI Volley J\u00f2ya, col quale alcuni ragazzi hanno posato, catalizzando l\u2019attenzione di gran parte degli espositori e degli ospiti presenti.<\/p>\n<p style=\"text-align: justify;\"><strong>Una presenza davvero molto gradita<\/strong>, che ha voluto suggellare il legame sempre pi\u00f9 stretto con cui AssoRetiPMI e Team Volley J\u00f2ya continuano a proporsi come portabandiera del fare rete nel mondo delle imprese attraverso il veicolo dello sport, cos\u00ec come nel campo della promozione del meglio del nostro territorio dal punto di vista sociale, culturale e turistico.<\/p>\n<p style=\"text-align: justify;\">Proprio questi sono stati <strong>i t<\/strong><a title=\"assoretipmi e smau di LA VOCE DEL PAESE, su Flickr\" href=\"http:\/\/www.flickr.com\/photos\/91470992@N02\/12540724255\/\"><img loading=\"lazy\" decoding=\"async\" style=\"margin: 4px; float: left;\" src=\"http:\/\/farm4.staticflickr.com\/3743\/12540724255_0767a57739.jpg\" alt=\"assoretipmi e smau\" width=\"350\" height=\"230\" \/><\/a><strong>emi trattati dal presidente biancorosso Mario Lippolis<\/strong>, che nel pomeriggio \u00e8 intervenuto durante uno dei dibattiti del workshop dello SMAU e ha illustrato le linee guida e l\u2019innovazione del percorso con le imprese e per le imprese, nel territorio e con il territorio, proposto da AssoRetiPMI Volley J\u00f2ya attorno alla cornice della crescita del progetto sportivo.<\/p>\n<p style=\"text-align: justify;\"><strong>Un\u2019ulteriore testimonianza della forza e del potenziale di questa felice unione<\/strong>, che pu\u00f2 e deve continuare a dare opportunit\u00e0 di crescita e sviluppo partendo dal mondo dello sport.<\/p>\n<p style=\"text-align: right;\"><strong>Giuseppe Leronni <\/strong>&nbsp;<\/p>\n","protected":false},"excerpt":{"rendered":"","protected":false},"author":1,"featured_media":0,"comment_status":"open","ping_status":"closed","sticky":false,"template":"","format":"standard","meta":{"colormag_page_container_layout":"default_layout","colormag_page_sidebar_layout":"default_layout","footnotes":""},"categories":[5],"tags":[],"class_list":["post-44754","post","type-post","status-publish","format-standard","hentry","category-sport"],"_links":{"self":[{"href":"https:\/\/archiviogioia.lavocedelpaese.info\/index.php?rest_route=\/wp\/v2\/posts\/44754","targetHints":{"allow":["GET"]}}],"collection":[{"href":"https:\/\/archiviogioia.lavocedelpaese.info\/index.php?rest_route=\/wp\/v2\/posts"}],"about":[{"href":"https:\/\/archiviogioia.lavocedelpaese.info\/index.php?rest_route=\/wp\/v2\/types\/post"}],"author":[{"embeddable":true,"href":"https:\/\/archiviogioia.lavocedelpaese.info\/index.php?rest_route=\/wp\/v2\/users\/1"}],"replies":[{"embeddable":true,"href":"https:\/\/archiviogioia.lavocedelpaese.info\/index.php?rest_route=%2Fwp%2Fv2%2Fcomments&post=44754"}],"version-history":[{"count":0,"href":"https:\/\/archiviogioia.lavocedelpaese.info\/index.php?rest_route=\/wp\/v2\/posts\/44754\/revisions"}],"wp:attachment":[{"href":"https:\/\/archiviogioia.lavocedelpaese.info\/index.php?rest_route=%2Fwp%2Fv2%2Fmedia&parent=44754"}],"wp:term":[{"taxonomy":"category","embeddable":true,"href":"https:\/\/archiviogioia.lavocedelpaese.info\/index.php?rest_route=%2Fwp%2Fv2%2Fcategories&post=44754"},{"taxonomy":"post_tag","embeddable":true,"href":"https:\/\/archiviogioia.lavocedelpaese.info\/index.php?rest_route=%2Fwp%2Fv2%2Ftags&post=44754"}],"curies":[{"name":"wp","href":"https:\/\/api.w.org\/{rel}","templated":true}]}}