{"id":44826,"date":"2014-02-24T09:40:28","date_gmt":"2014-02-24T09:40:28","guid":{"rendered":"https:\/\/archiviogioia.lavocedelpaese.info\/?p=44826"},"modified":"2014-02-24T09:40:28","modified_gmt":"2014-02-24T09:40:28","slug":"liceo-preso-di-mira-dai-ladri-rubati-pc-portatili-2","status":"publish","type":"post","link":"https:\/\/archiviogioia.lavocedelpaese.info\/?p=44826","title":{"rendered":"LICEO PRESO DI MIRA DAI LADRI. RUBATI PC PORTATILI"},"content":{"rendered":"<p><a title=\"rubati pc classico di LA VOCE DEL PAESE, su Flickr\" href=\"http:\/\/www.flickr.com\/photos\/91470992@N02\/12746607174\/\"><img loading=\"lazy\" decoding=\"async\" style=\"display: block; margin-left: auto; margin-right: auto;\" src=\"http:\/\/farm4.staticflickr.com\/3770\/12746607174_b15ca8163c_n.jpg\" alt=\"rubati pc classico\" width=\"320\" height=\"240\" \/><\/a><\/p>\n<p><!--more--><\/p>\n<p style=\"text-align: justify;\"><a title=\"rubati pc classico di LA VOCE DEL PAESE, su Flickr\" href=\"http:\/\/www.flickr.com\/photos\/91470992@N02\/12746617234\/\"><img loading=\"lazy\" decoding=\"async\" style=\"margin: 4px; float: left;\" src=\"https:\/\/farm8.staticflickr.com\/7348\/12746617234_04cf4a9948_n.jpg\" alt=\"rubati pc classico\" width=\"350\" height=\"197\" \/><\/a><strong>Nella notte tra il 18 e il 19 febbraio<\/strong> presso il liceo classico \u201cP. V. Marone\u201d sono stati <strong>rubati alcuni computer portatili<\/strong>.<\/p>\n<p style=\"text-align: justify;\">I rilievi delle prime indagini lasciano supporre che i ladri si siano <strong>introdotti da una porta di emergenza,<\/strong> <strong>aprendola senza per\u00f2 lasciare segni di scasso<\/strong>, presumibilmente usando una scheda telefonica.<\/p>\n<p style=\"text-align: justify;\">La seconda ipotesi, \u201cgirata\u201d in citt\u00e0, \u00e8 che nel pomeriggio di marted\u00ec, giornata in cui l&#8217;istituto resta aperto per le lezioni dell&#8217;U.T.E. qualcuno si sia introdotto e si sia nascosto in attesa . nel cuore della notte &#8211; di poter portar via indisturbato i <strong>computer comprati circa tre anni fa<\/strong>.<\/p>\n<p style=\"text-align: justify;\"><strong>Su uno dei portatili era installato un programma in uso per la biblioteca<\/strong> sul quale erano stati catalogati tutti i testi presenti nella biblioteca <strong>intitolata a Clelia Nuzzaco<\/strong>, un immane ed impegnativo lavoro svolto dalla professoressa <strong>Elena Viggiano<\/strong>, che insieme agli studenti ha vissuto questo furto quasi fosse stato perpetrato nella propria casa.<a title=\"rubati pc classico di LA VOCE DEL PAESE, su Flickr\" href=\"http:\/\/www.flickr.com\/photos\/91470992@N02\/12746295833\/\"><img loading=\"lazy\" decoding=\"async\" style=\"margin: 4px; float: right;\" src=\"http:\/\/farm4.staticflickr.com\/3716\/12746295833_29e1bccac7_n.jpg\" alt=\"rubati pc classico\" width=\"400\" height=\"265\" \/><\/a><\/p>\n<p style=\"text-align: justify;\">\u201c<strong>Abbiamo appeso della notizia mercoled\u00ec mattina, ci chiediamo come sia possibile derubare una scuola di quel poco che possiede<\/strong> e che \u00e8 a disposizione di tutti noi &#8211; dichiarano alcuni studenti -\u2026 al di l\u00e0 delle strumentazioni che si possono comunque rimpiazzare, \u00e8 il lavoro di archiviazione di anni ed anni che \u00e8 andato perso\u2026\u201d<\/p>\n<p style=\"text-align: justify;\"><strong>Sperare che il ladro prenda a cuore questa urgenza e restituisca se non il pc almeno quanto in esso contenuto<\/strong>, magari salvandolo su un dvd da consegnare anonimamente all\u2019istituto, sarebbe di certo utopia, eppure <strong>un gesto del genere restituirebbe dignit\u00e0 persino ad un atto illecito<\/strong>.<\/p>\n<p style=\"text-align: justify;\">\u201c<strong>La Provincia \u00e8 intervenuta ripristinando le porte interne forzate<\/strong> e cambiando per prudenza le serrature delle porte di accesso dall&#8217;esterno &#8211; <strong>dichiara il dirigente Rocco Fazio<\/strong>, anch\u2019egli sconvolto dall\u2019accaduto &#8211; <strong>atti del genere non dovrebbero mai verificarsi<\/strong>, <strong>\u00e8 come<\/strong> derubare se stessi e <strong>rubare il futuro ai nostri ragazzi<\/strong> che di questi strumenti di studio hanno sempre maggior necessit\u00e0.\u201d<\/p>\n","protected":false},"excerpt":{"rendered":"","protected":false},"author":1,"featured_media":0,"comment_status":"open","ping_status":"closed","sticky":false,"template":"","format":"standard","meta":{"colormag_page_container_layout":"default_layout","colormag_page_sidebar_layout":"default_layout","footnotes":""},"categories":[8],"tags":[],"class_list":["post-44826","post","type-post","status-publish","format-standard","hentry","category-cronaca"],"_links":{"self":[{"href":"https:\/\/archiviogioia.lavocedelpaese.info\/index.php?rest_route=\/wp\/v2\/posts\/44826","targetHints":{"allow":["GET"]}}],"collection":[{"href":"https:\/\/archiviogioia.lavocedelpaese.info\/index.php?rest_route=\/wp\/v2\/posts"}],"about":[{"href":"https:\/\/archiviogioia.lavocedelpaese.info\/index.php?rest_route=\/wp\/v2\/types\/post"}],"author":[{"embeddable":true,"href":"https:\/\/archiviogioia.lavocedelpaese.info\/index.php?rest_route=\/wp\/v2\/users\/1"}],"replies":[{"embeddable":true,"href":"https:\/\/archiviogioia.lavocedelpaese.info\/index.php?rest_route=%2Fwp%2Fv2%2Fcomments&post=44826"}],"version-history":[{"count":0,"href":"https:\/\/archiviogioia.lavocedelpaese.info\/index.php?rest_route=\/wp\/v2\/posts\/44826\/revisions"}],"wp:attachment":[{"href":"https:\/\/archiviogioia.lavocedelpaese.info\/index.php?rest_route=%2Fwp%2Fv2%2Fmedia&parent=44826"}],"wp:term":[{"taxonomy":"category","embeddable":true,"href":"https:\/\/archiviogioia.lavocedelpaese.info\/index.php?rest_route=%2Fwp%2Fv2%2Fcategories&post=44826"},{"taxonomy":"post_tag","embeddable":true,"href":"https:\/\/archiviogioia.lavocedelpaese.info\/index.php?rest_route=%2Fwp%2Fv2%2Ftags&post=44826"}],"curies":[{"name":"wp","href":"https:\/\/api.w.org\/{rel}","templated":true}]}}