{"id":44837,"date":"2014-02-25T15:40:43","date_gmt":"2014-02-25T15:40:43","guid":{"rendered":"https:\/\/archiviogioia.lavocedelpaese.info\/?p=44837"},"modified":"2014-02-25T15:40:43","modified_gmt":"2014-02-25T15:40:43","slug":"gioianet-invito-gratis-a-qil-principe-igorq-al-seven","status":"publish","type":"post","link":"https:\/\/archiviogioia.lavocedelpaese.info\/?p=44837","title":{"rendered":"GIOIANET. INVITO GRATIS A &#8220;IL PRINCIPE IGOR&#8221; AL SEVEN"},"content":{"rendered":"<p><a title=\"igorsito di LA VOCE DEL PAESE, su Flickr\" href=\"http:\/\/www.flickr.com\/photos\/91470992@N02\/12798429674\/\"><img loading=\"lazy\" decoding=\"async\" style=\"display: block; margin-left: auto; margin-right: auto;\" src=\"http:\/\/farm8.staticflickr.com\/7329\/12798429674_32df406c49.jpg\" alt=\"igorsito\" width=\"320\" height=\"240\" \/><\/a><\/p>\n<p><!--more--><\/p>\n<p style=\"margin: 5.75pt 0in 8.65pt;\" align=\"center\"><strong><span style=\"font-size: 10pt; font-family: Verdana, sans-serif;\">Solo per voi, lettori di Gioianet (La Voce del Paese)<\/span><\/strong><span style=\"font-size: 7pt; font-family: Verdana, sans-serif;\"><\/span><\/p>\n<p style=\"margin: 5.75pt 0in 8.65pt;\" align=\"center\"><strong><span style=\"font-size: 10pt; font-family: Verdana, sans-serif;\">biglietti in omaggio (per l&#8217;appuntamento del 4 marzo 2014)&nbsp;<span style=\"text-decoration: underline;\">fino a esaurimento posti<\/span><\/span><\/strong><span style=\"font-size: 7pt; font-family: Verdana, sans-serif;\"><\/span><\/p>\n<p style=\"margin: 5.75pt 0in 8.65pt; line-height: 8.9pt;\" align=\"center\"><span style=\"font-size: 7pt; font-family: Verdana, sans-serif;\">&nbsp;<\/span><\/p>\n<p style=\"margin: 5.75pt 0in 8.65pt; text-align: center;\"><em><strong><span style=\"font-size: 10pt; font-family: Verdana, sans-serif;\">Per info, contattare il seguente indirizzo email:&nbsp;<\/span><\/strong><strong><span style=\"font-size: 10pt; font-family: Verdana, sans-serif;\"><a href=\"mailto:&lt;a href=\"><\/a><a href=\"mailto:operalcinema@gmail.com\">operalcinema@gmail.com<\/a><\/span><\/strong><\/em><\/p>\n<p style=\"margin: 5.75pt 0in 8.65pt; text-align: center;\"><em><strong><span style=\"font-size: 10pt; font-family: Verdana, sans-serif;\">indicando nome, cognome e cinema di riferimento.<\/span><\/strong><\/em><\/p>\n<p style=\"margin: 5.75pt 0in 8.65pt; text-align: center;\"><em><strong><span style=\"font-size: 10pt; font-family: Verdana, sans-serif;\">&nbsp;<\/span><\/strong><\/em><\/p>\n<p style=\"margin: 5.75pt 0in 8.65pt; text-align: center;\"><em><strong><span style=\"font-size: 10pt; font-family: Verdana, sans-serif;\">*****<\/span><\/strong><\/em><\/p>\n<p style=\"margin-right: 28.3pt; margin-bottom: 0.0001pt; margin-left: 1cm; color: #222222; line-height: normal; text-align: center; font-size: 12pt; font-family: 'Times New Roman', serif;\" align=\"center\"><strong><i><span style=\"font-size: 13pt; font-family: Tahoma, sans-serif; color: #c00000;\">L\u2019ATTESISSIMA NUOVA PRODUZIONE DE&nbsp;IL PRINCIPE IGOR&nbsp;ARRIVA AL SEVEN CINEPLEX DI GIOIA DEL COLLE E AL MULTISALA VIGNOLA DI POLIGNANO &nbsp;DAL METROPOLITAN OPERA DI NEW YORK<\/span><\/i><\/strong><\/p>\n<p style=\"margin-right: 28.3pt; margin-bottom: 0.0001pt; margin-left: 1cm; color: #222222; line-height: normal; text-align: center; font-size: 12pt; font-family: 'Times New Roman', serif;\" align=\"center\"><strong><i><span style=\"font-size: 13pt; font-family: Tahoma, sans-serif; color: #c00000;\">&nbsp;<\/span><\/i><\/strong><\/p>\n<p style=\"margin: 0cm 0cm 0.0001pt; color: #222222; line-height: normal; font-size: 12pt; font-family: 'Times New Roman', serif; text-align: justify;\"><span style=\"font-size: 11pt; font-family: Tahoma, sans-serif;\">Marted\u00ec 4 marzo 2014, alle 19.30, in diretta satellitare e in alta definizione arriva al Seven Cineplex di Gioia del Colle e al Multisala Vignola di Polignano, dalMetropolitan Opera&nbsp;di New York, la nuova produzione de&nbsp;Il Principe Igor&nbsp;di Alexander Borodin, sesto titolo della rassegna di opere liriche&nbsp;La Grande Stagione Live 2013\/2014&nbsp;di Microcinema.<\/span><\/p>\n<p style=\"margin-right: 0cm; margin-left: 0cm; color: #222222; line-height: normal; font-size: 12pt; font-family: 'Times New Roman', serif; text-align: justify;\"><span style=\"font-size: 11pt; font-family: Tahoma, sans-serif;\">Arriva anche a Gioia del Colle e a Polignano, la nuova attesissima produzione de Il Principe Igor con la prestigiosa direzione d\u2019orchestra del Maestro&nbsp;Gianandrea Noseda, direttore musicale del Teatro Regio di Torino, per la regia e la scenografia di&nbsp;Dmitri Tcherniakov, autore conosciuto in tutto il mondo per l\u2019originalit\u00e0 dei propri lavori mai convenzionali, in grado di combinare in modo singolare tradizione artistica e visione contemporanea.<\/span><\/p>\n<p style=\"margin-right: 28.3pt; margin-bottom: 0.0001pt; margin-left: 1cm; color: #222222; line-height: normal; font-size: 12pt; font-family: 'Times New Roman', serif; text-align: justify;\"><span style=\"font-size: 11pt; font-family: Tahoma, sans-serif;\">Igor, principe di Seversk, parte al comando del proprio esercito all\u2019inseguimento della trib\u00f9 tartara dei polovesiani. Al suo fianco il figlio Vladimir. A nulla valgono i cattivi presagi dell\u2019eclisse di sole e le richieste dell\u2019amata moglie, la principessa Jaroslavna, che lo implora di ritardare la partenza.<\/span><\/p>\n<p style=\"margin-right: 28.3pt; margin-bottom: 0.0001pt; margin-left: 1cm; color: #222222; line-height: normal; font-size: 12pt; font-family: 'Times New Roman', serif; text-align: justify;\"><span style=\"font-size: 11pt; font-family: Tahoma, sans-serif;\">Vladimir, caduto prigioniero dei polovesiani insieme a Igor, conosce Kon\u010dakovna, figlia di uno dei capi della trib\u00f9 tartara e se ne innamora fino a sposarla.<\/span><\/p>\n<p style=\"margin-right: 28.3pt; margin-bottom: 0.0001pt; margin-left: 1cm; color: #222222; line-height: normal; font-size: 12pt; font-family: 'Times New Roman', serif; text-align: justify;\"><span style=\"font-size: 11pt; font-family: Tahoma, sans-serif;\">Alexander Borodin, scienziato passato alla storia per la squisitezza delle sue composizioni musicali partorite nei rari momenti di lontananza dal suo laboratorio, padre della grande opera eroica&nbsp;Il Principe Igor, lasci\u00f2 incompiuto il suo capolavoro portato a termine, poi, dall\u2019amico Rimskij-Korsakov e dal suo studente Glazunov. A San Pietroburgo, nel 1890, il pubblico pot\u00e9 assistere per la prima volta alla rappresentazione de&nbsp;Il Principe Igor&nbsp;e godere della perfetta armonia fra le musiche occidentali proprie della corte di Seversk e quelle dal profumo orientale, descrittive del popolo tartaro, che raggiungono la loro pi\u00f9 alta espressione nelle famose Danze Polovesiane ordinate dal Khan Kon\u010dak in onore dell\u2019ospite-prigioniero Igor.<\/span><\/p>\n<p style=\"margin-right: 28.3pt; margin-bottom: 0.0001pt; margin-left: 1cm; color: #222222; line-height: normal; font-size: 12pt; font-family: 'Times New Roman', serif; text-align: justify;\"><span style=\"font-size: 11pt; font-family: Tahoma, sans-serif;\">Per la direzione d\u2019orchestra del Maestro Gianandrea Noseda e per la regia di Dmitri Tcherniakov,&nbsp;IlPrincipe Igor&nbsp;sar\u00e0 interpretato da Ildar Abdrazakov, Oksana Dyka sar\u00e0 la principessa Jaroslavna, mentre Koncakovna avr\u00e0 la carismatica voce del mezzo soprano georgiano Anita Rachvelishvili.<\/span><\/p>\n<p style=\"margin-right: 28.3pt; margin-bottom: 0.0001pt; margin-left: 1cm; color: #222222; line-height: normal; font-size: 12pt; font-family: 'Times New Roman', serif; text-align: justify;\"><span style=\"font-size: 11pt; font-family: Tahoma, sans-serif;\">Il Principe Igor&nbsp;\u00e8 la sesta Opera de La Grande Stagione Live 2013\/2014 che proseguir\u00e0 fino a maggio: dai pi\u00f9 rinomati teatri della tradizione lirica nazionale e internazionale sino alle sale cinematografiche italiane, Microcinema continuer\u00e0 a portare in diretta satellitare e in alta definizione alcune delle Opere Liriche pi\u00f9 note e amate, interpretate da grandi artisti internazionali. Avvicinare il pubblico al genere e contribuire alla diffusione del patrimonio della tradizione lirica italiana e internazionale \u00e8 l\u2019ambizioso progetto di Microcinema che dal 2006 incontra un successo di pubblico in crescita costante.<\/span><\/p>\n<p style=\"margin-right: 0cm; margin-bottom: 0.0001pt; margin-left: 1cm; color: #222222; line-height: normal; text-align: center; font-size: 12pt; font-family: 'Times New Roman', serif;\"><span style=\"font-size: 11pt; font-family: Tahoma, sans-serif;\">Autore: Alexander Borodin<\/span><\/p>\n<p style=\"margin-right: 0cm; margin-bottom: 0.0001pt; margin-left: 1cm; color: #222222; line-height: normal; text-align: center; font-size: 12pt; font-family: 'Times New Roman', serif;\"><span style=\"font-size: 11pt; font-family: Tahoma, sans-serif;\">Opera in un prologo e tre atti, Cantata in russo con sottotitoli in italiano,&nbsp;dal The Metropolitan di New York<\/span><\/p>\n<p style=\"margin-right: 0cm; margin-bottom: 0.0001pt; margin-left: 1cm; color: #222222; line-height: normal; text-align: center; font-size: 12pt; font-family: 'Times New Roman', serif;\"><span style=\"font-size: 11pt; font-family: Tahoma, sans-serif;\">Durata:&nbsp;4 ore e 30 minuti<\/span><\/p>\n<p style=\"margin-right: 0cm; margin-bottom: 0.0001pt; margin-left: 1cm; color: #222222; line-height: normal; text-align: center; font-size: 12pt; font-family: 'Times New Roman', serif;\"><span style=\"font-size: 11pt; font-family: Tahoma, sans-serif;\">Direttore:&nbsp;Gianandrea Noseda;<\/span><\/p>\n<p style=\"margin-right: 0cm; margin-bottom: 0.0001pt; margin-left: 1cm; color: #222222; line-height: normal; text-align: center; font-size: 12pt; font-family: 'Times New Roman', serif;\"><span style=\"font-size: 11pt; font-family: Tahoma, sans-serif;\">Regia:&nbsp;Dmitri Tcherniakov;<\/span><\/p>\n<p style=\"margin-right: 0cm; margin-bottom: 0.0001pt; margin-left: 1cm; color: #222222; line-height: normal; text-align: center; font-size: 12pt; font-family: 'Times New Roman', serif;\"><span style=\"font-size: 11pt; font-family: Tahoma, sans-serif;\">Scenografia:&nbsp;Dmitri Tcherniakov;<\/span><\/p>\n<p style=\"margin-right: 0cm; margin-bottom: 0.0001pt; margin-left: 1cm; color: #222222; line-height: normal; text-align: center; font-size: 12pt; font-family: 'Times New Roman', serif;\"><span style=\"font-size: 11pt; font-family: Tahoma, sans-serif;\">Cast:&nbsp;Ildar Abdrazakov, Oksana Dyka, Anita Rachvelishvili.<\/span><\/p>\n<p style=\"margin-right: 0cm; margin-bottom: 0.0001pt; margin-left: 1cm; color: #222222; line-height: normal; text-align: center; font-size: 12pt; font-family: 'Times New Roman', serif;\"><span style=\"font-size: 11pt; font-family: Tahoma, sans-serif;\">Uscita:&nbsp;4 Marzo 2014, h.19:30<\/span><\/p>\n<p style=\"margin-right: 0cm; margin-bottom: 0.0001pt; margin-left: 1cm; color: #222222; line-height: normal; font-size: 12pt; font-family: 'Times New Roman', serif; text-align: justify;\"><span style=\"font-size: 11pt; font-family: Calibri, sans-serif;\"><a style=\"color: #1155cc;\" href=\"http:\/\/www.grandestagionelive.it\/\" target=\"_blank\" rel=\"noopener\"><span style=\"font-family: Tahoma, sans-serif;\">www.grandestagionelive.it<\/span><\/a><span style=\"font-size: 11pt; font-family: Tahoma, sans-serif; color: red;\"><br \/><a style=\"color: #1155cc;\" href=\"http:\/\/www.microcinema.eu\/\" target=\"_blank\" rel=\"noopener\">www.microcinema.eu<\/a><\/span><\/span><\/p>\n<p style=\"margin: 0cm 1cm 0.0001pt; font-size: 11pt; font-family: Calibri, sans-serif; color: #222222; line-height: normal; text-align: justify;\"><span style=\"font-family: Tahoma, sans-serif;\">&nbsp;<\/span><\/p>\n<p style=\"margin: 0cm 1cm 0.0001pt; font-size: 11pt; font-family: Calibri, sans-serif; color: #222222; line-height: normal; text-align: justify;\"><span style=\"font-family: Tahoma, sans-serif;\"><br \/>\n<object data=\"\/\/www.youtube.com\/v\/0Vu_tMSRZPg?hl=it_IT&amp;version=3\" type=\"application\/x-shockwave-flash\" width=\"560\" height=\"315\"><param name=\"movie\" value=\"\/\/www.youtube.com\/v\/0Vu_tMSRZPg?hl=it_IT&amp;version=3\" \/><param name=\"allowFullScreen\" value=\"true\" \/><param name=\"allowscriptaccess\" value=\"always\" \/><\/object><br \/>\n <\/span><\/p>\n<p style=\"margin: 0cm 1cm 0.0001pt; font-size: 11pt; font-family: Calibri, sans-serif; color: #222222; line-height: normal;\"><span style=\"font-family: Tahoma, sans-serif;\"><strong style=\"font-family: Calibri, sans-serif; font-size: 11pt;\"><span style=\"font-family: Tahoma, sans-serif;\">&nbsp;<\/span><\/strong><\/span><\/p>\n<p style=\"margin: 0cm 1cm 0.0001pt; font-size: 11pt; font-family: Calibri, sans-serif; color: #222222; line-height: normal;\"><span style=\"font-family: Tahoma, sans-serif;\"><strong style=\"font-family: Calibri, sans-serif; font-size: 11pt;\"><span style=\"font-family: Tahoma, sans-serif;\">&nbsp;<\/span><\/strong><\/span><\/p>\n<p style=\"margin: 0cm 1cm 0.0001pt; font-size: 11pt; font-family: Calibri, sans-serif; color: #222222; line-height: normal;\"><span style=\"font-family: Tahoma, sans-serif;\"><strong style=\"font-family: Calibri, sans-serif; font-size: 11pt;\"><span style=\"font-family: Tahoma, sans-serif;\">Prossimi Appuntamenti<\/span><\/strong><\/span><\/p>\n<p style=\"margin: 0cm 1cm 0.0001pt; font-size: 11pt; font-family: Calibri, sans-serif; color: #222222; line-height: normal; text-align: justify;\"><span style=\"font-family: Tahoma, sans-serif;\">&nbsp;<\/span><\/p>\n<p style=\"margin: 0cm 1cm 0.0001pt; font-size: 11pt; font-family: Calibri, sans-serif; color: #222222; line-height: normal; text-align: justify;\"><span style=\"font-family: Tahoma, sans-serif;\">La Grande Stagione Live 2013\/2014 proseguir\u00e0 l\u20198 aprile&nbsp;sempre dal&nbsp;Metropolitan Opera&nbsp;di New York con&nbsp;La Boh\u00e8me&nbsp;di Giacomo Puccini che vedr\u00e0 il&nbsp;grande ritorno di Franco Zeffirelli&nbsp;che firma regia e scenografia.<\/span><\/p>\n<p style=\"margin: 0cm 1cm 0.0001pt; font-size: 11pt; font-family: Calibri, sans-serif; color: #222222; line-height: normal; text-align: justify;\"><span style=\"font-family: Tahoma, sans-serif;\">Direzione di Stefano Ranzani; nel Cast Anita Hartig, Susanna Phillips, Vittorio Grigolo.<\/span><\/p>\n<p style=\"margin: 0cm 1cm 0.0001pt; font-size: 11pt; font-family: Calibri, sans-serif; color: #222222; line-height: normal; text-align: justify;\"><span style=\"font-family: Tahoma, sans-serif;\">&nbsp;<\/span><\/p>\n<p style=\"margin: 0cm 1cm 0.0001pt; font-size: 11pt; font-family: Calibri, sans-serif; color: #222222; line-height: normal; text-align: justify;\"><span style=\"font-family: Tahoma, sans-serif;\">Il&nbsp;22 aprile&nbsp;dal&nbsp;Teatro di San Carlo&nbsp;di Napoli&nbsp;Otello, di Giuseppe Verdi, la tragedia della gelosia per eccellenza, con la direzione di Nicola Luisotti, la regia di Henning Brockhaus e la scenografia firmata da Nicola Rubertelli. Nel cast Marco Berti, Lianna Haroutounian, Roberto Frontali.<\/span><\/p>\n<p style=\"margin: 0cm 1cm 0.0001pt; font-size: 11pt; font-family: Calibri, sans-serif; color: #222222; line-height: normal; text-align: justify;\"><span style=\"font-family: Tahoma, sans-serif;\">&nbsp;<\/span><\/p>\n<p style=\"margin: 0cm 1cm 0.0001pt; font-size: 11pt; font-family: Calibri, sans-serif; color: #222222; line-height: normal; text-align: justify;\"><span style=\"font-family: Tahoma, sans-serif;\">Dal&nbsp;Metropolitan Opera&nbsp;il&nbsp;29 aprile&nbsp;l\u2019opera buffa di Wolfgang Amadeus Mozart&nbsp;Cos\u00ec fan tutte, con la direzione&nbsp;di&nbsp;James Levine, la regia di Lesley Koenig, la scenografia di Michael Yeargan. Nel cast Susanna Phillips, Isabel Leonard, Danielle de Niese, Matthew Polenzani<\/span><\/p>\n<p style=\"margin: 0cm 1cm 0.0001pt; font-size: 11pt; font-family: Calibri, sans-serif; color: #222222; line-height: normal; text-align: justify;\"><span style=\"font-family: Tahoma, sans-serif;\">&nbsp;<\/span><\/p>\n<p><span style=\"font-size: 10pt; font-family: Verdana, sans-serif;\"><span style=\"font-family: Tahoma, sans-serif;\">Anche l\u2019ultimo appuntamento con l\u2019Opera live al Cinema, il&nbsp;13 Maggio, arriva da oltre oceano:&nbsp;La Cenerentola&nbsp;di Gioacchino Rossini dal&nbsp;Metropolitan Opera&nbsp;con la direzione di Fabio Luisi, la regia di Cesare Lievi, la scenografia di Maurizio Bal\u00f2.&nbsp; Nel cast Joyce DiDonato, Juan Diego Fl\u00f3rez, Pietro Spagnoli, Luca Pisaroni.<\/span><\/span><\/p>\n<p>&nbsp;<\/p>\n<p><span style=\"font-size: 10pt; font-family: Verdana, sans-serif;\"><span style=\"font-family: Tahoma, sans-serif;\"><\/span><\/span><em><strong><span style=\"font-size: 10pt; font-family: Verdana, sans-serif;\"><br \/><\/span><\/strong><\/em><\/p>\n<p>&nbsp;<\/p>\n<p>&nbsp;<\/p>\n","protected":false},"excerpt":{"rendered":"","protected":false},"author":1,"featured_media":0,"comment_status":"open","ping_status":"closed","sticky":false,"template":"","format":"standard","meta":{"colormag_page_container_layout":"default_layout","colormag_page_sidebar_layout":"default_layout","footnotes":""},"categories":[4],"tags":[],"class_list":["post-44837","post","type-post","status-publish","format-standard","hentry","category-politica"],"_links":{"self":[{"href":"https:\/\/archiviogioia.lavocedelpaese.info\/index.php?rest_route=\/wp\/v2\/posts\/44837","targetHints":{"allow":["GET"]}}],"collection":[{"href":"https:\/\/archiviogioia.lavocedelpaese.info\/index.php?rest_route=\/wp\/v2\/posts"}],"about":[{"href":"https:\/\/archiviogioia.lavocedelpaese.info\/index.php?rest_route=\/wp\/v2\/types\/post"}],"author":[{"embeddable":true,"href":"https:\/\/archiviogioia.lavocedelpaese.info\/index.php?rest_route=\/wp\/v2\/users\/1"}],"replies":[{"embeddable":true,"href":"https:\/\/archiviogioia.lavocedelpaese.info\/index.php?rest_route=%2Fwp%2Fv2%2Fcomments&post=44837"}],"version-history":[{"count":0,"href":"https:\/\/archiviogioia.lavocedelpaese.info\/index.php?rest_route=\/wp\/v2\/posts\/44837\/revisions"}],"wp:attachment":[{"href":"https:\/\/archiviogioia.lavocedelpaese.info\/index.php?rest_route=%2Fwp%2Fv2%2Fmedia&parent=44837"}],"wp:term":[{"taxonomy":"category","embeddable":true,"href":"https:\/\/archiviogioia.lavocedelpaese.info\/index.php?rest_route=%2Fwp%2Fv2%2Fcategories&post=44837"},{"taxonomy":"post_tag","embeddable":true,"href":"https:\/\/archiviogioia.lavocedelpaese.info\/index.php?rest_route=%2Fwp%2Fv2%2Ftags&post=44837"}],"curies":[{"name":"wp","href":"https:\/\/api.w.org\/{rel}","templated":true}]}}