{"id":44893,"date":"2014-03-03T10:37:50","date_gmt":"2014-03-03T10:37:50","guid":{"rendered":"https:\/\/archiviogioia.lavocedelpaese.info\/?p=44893"},"modified":"2014-03-03T10:37:50","modified_gmt":"2014-03-03T10:37:50","slug":"in-capaci-di-dimenticarli-falcone-e-borsellino","status":"publish","type":"post","link":"https:\/\/archiviogioia.lavocedelpaese.info\/?p=44893","title":{"rendered":"IN-CAPACI DI DIMENTICARLI. FALCONE E BORSELLINO"},"content":{"rendered":"<p><a title=\"incapaci falcone di LA VOCE DEL PAESE, su Flickr\" href=\"http:\/\/www.flickr.com\/photos\/91470992@N02\/12910376984\/\"><img loading=\"lazy\" decoding=\"async\" style=\"display: block; margin-left: auto; margin-right: auto;\" src=\"https:\/\/c1.staticflickr.com\/3\/2854\/12910376984_0294e26d9a_n.jpg\" alt=\"incapaci falcone\" width=\"320\" height=\"240\" \/><\/a><\/p>\n<p><!--more--><\/p>\n<p style=\"margin-bottom: 0.0001pt; text-align: justify; line-height: normal;\"><a title=\"incapaci falcone di LA VOCE DEL PAESE, su Flickr\" href=\"http:\/\/www.flickr.com\/photos\/91470992@N02\/12910021973\/\"><img loading=\"lazy\" decoding=\"async\" style=\"margin: 4px; float: left;\" src=\"https:\/\/c2.staticflickr.com\/4\/3699\/12910021973_0b32d90ac1_n.jpg\" alt=\"incapaci falcone\" width=\"400\" height=\"300\" \/><\/a><strong>Ci fanno entrare tutti. Prendiamo posto e attendiamo<\/strong>. Spengono le luci, tranne quelle che illuminano il palco, e comincia lo spettacolo. La scenografia: un tunnel al centro, un trenino elettrico davanti, due uomini in tenuta da lavoro seduti ai lati con una bottiglia di birra in mano. Il trenino doveva rappresentare il treno che quei due attendevano nervosamente. Ma perch\u00e9 nervosamente, perch\u00e9 con angoscia e trepidazione se in fin dei conti avrebbero dovuto soltanto spingere un interruttore? Le tragiche conseguenze che ne sarebbero derivate, l\u2019esplosione del vagone, la morte iniqua di bambini, donne e uomini non sarebbe dipesa dalla loro azione, ma dall\u2019ordine impartito da Salvatore.<\/p>\n<p style=\"margin-bottom: 0.0001pt; text-align: justify; line-height: normal;\">\u201cNon ti puoi mettere con lui. Quello ti fa fuori. Se gli sei di fronte non puoi permetterti neanche di alzare gli occhi all\u2019altezza del suo viso\u201d. <strong>Realt\u00e0 e gioco, umorismo intervallato continuamente da battute e momenti di tr<\/strong><strong>agedia<\/strong>. Il tunnel, i due pilastri e il traliccio su cui passano i binari hanno misure irregolari e mal proporzionate, quasi a voler indicare il disordine, il malaffare, la corruzione, il silenzio ingannevole, le promesse pericolose. Un Sud macchiato di tali accuse deve far emergere i suoi lati migliori, la nostra \u00e8 anche<a title=\"incapaci falcone di LA VOCE DEL PAESE, su Flickr\" href=\"http:\/\/www.flickr.com\/photos\/91470992@N02\/12910009333\/\"><img loading=\"lazy\" decoding=\"async\" style=\"margin: 4px; float: right;\" src=\"https:\/\/c2.staticflickr.com\/8\/7448\/12910009333_a450f3a2fd_n.jpg\" alt=\"incapaci falcone\" width=\"400\" height=\"271\" \/><\/a> terra di ribellione, senso del dovere e senso civico.<\/p>\n<p style=\"margin-bottom: 0.0001pt; text-align: justify; line-height: normal;\"><strong>Sono Paolo e Giovanni i protagonisti dello spettacolo, scritto da Michele<\/strong><strong> Bia<\/strong> e portato in scena da <strong>Franco Ferrante e Raffaele Braia<\/strong>. Paolo, il pi\u00f9 alto e il pi\u00f9 asciutto, e Giovanni, pi\u00f9 basso e rotondo, sono in attesa di qualcosa. Paolo \u00e8 nervoso, \u00e8 pensieroso, ambiguo, ha paura ma tenta di reprimerla e di non farla notare al suo compagno, il quale sembra voler esternare tutto quello che gli passa per la mente. E\u2019 pi\u00f9 calmo, pi\u00f9 tranquillo, il \u201csimpaticone\u201d tra i due. Devono superare una prova tremenda, che li metter\u00e0 a dura prova e che potrebbe costarli molto cara: se vogliono contare nell\u2019organizzazione ed essere stimati devono far saltare un treno in cui viaggia un personaggio scomodo per la criminalit\u00e0 organizzata.<\/p>\n<p style=\"margin-bottom: 0.0001pt; text-align: justify; line-height: normal;\"><strong>L\u2019attesa \u00e8 lunga ed estenuante. Logorante perch\u00e9 ti \u201cmangia\u201d dentro<\/strong>, scoprendo ansie, preoccupazioni, rimorsi e paure. Paolo \u00e8 sempre pi\u00f9 nervoso, collerico, rabbioso, si muove continuamente, il suo sguardo \u00e8 perso, dalla sua bocca, dai movimenti stanno per esplodere la rabbia, la preoccupazione il rimorso che lo consumano. Giovanni, invece, non smette di rivelare tutto, confessioni, vicende trascorse in passato, per dimenticare, per consolarsi, ma soprattutto lo fa be<a title=\"incapaci falcone di LA VOCE DEL PAESE, su Flickr\" href=\"http:\/\/www.flickr.com\/photos\/91470992@N02\/12909929825\/\"><img loading=\"lazy\" decoding=\"async\" style=\"margin: 4px; float: left;\" src=\"https:\/\/c2.staticflickr.com\/4\/3829\/12909929825_9b0f1c6a59.jpg\" alt=\"incapaci falcone\" width=\"400\" height=\"266\" \/><\/a>vendo, esageratamente, la birra che ha portato con s\u00e9. Eppure, per quanto Paolo senta corrodere l\u2019animo dai rimpianti e dai rimorsi vuole mascherare la propria paura per mostrarsi coraggioso, diligente e rispettoso dei compiti affidatagli e delle promesse mantenute. Dubbi e timori affiorano nell\u2019animo di entrambi, per\u00f2 loro, dubbi e timori non possono averli.<\/p>\n<p style=\"margin-bottom: 0.0001pt; text-align: justify; line-height: normal;\">\u201c<strong>Chiss\u00e0 a chi toccher\u00e0, ah Paolo?<\/strong>; a un ministro, a un capomastro, a un capo della polizia, a un prete, a un uomo, a una donna, a un bambino\u2026\u201d. \u201cQui bisogna prendere una decisione\u201d dice Paolo, \u201c<strong>O eroe, o minchione<\/strong>\u201d. Non bastano 20.000, non bastano; potremmo aggiungere un\u2019infinit\u00e0 di zeri a tale cifra, eppure non riusciranno mai a ripagare e a far dimenticare le conseguenze di un\u2019 azione ingiusta e di un atto tanto grave. \u201cO eroe, o minchione. O eroe, o minchione\u201d si ripete Paolo. Cosa deve fare? Vuole auto convincersi che l\u2019azione che sta per compiere, in realt\u00e0, non dipende dalla sua volont\u00e0, la colpa di tutto quello che ne deriver\u00e0 non potr\u00e0 essere riversata su di loro.<\/p>\n<p style=\"margin-bottom: 0.0001pt; text-align: justify; line-height: normal;\">\u201cSe ci chiedono qualcosa, diremo che non abbiamo fatto nulla, che siamo stati spinti e costretti a <a title=\"incapaci falcone di LA VOCE DEL PAESE, su Flickr\" href=\"http:\/\/www.flickr.com\/photos\/91470992@N02\/12909955885\/\"><img loading=\"lazy\" decoding=\"async\" style=\"margin: 4px; float: right;\" src=\"https:\/\/c2.staticflickr.com\/4\/3691\/12909955885_0787982d42_n.jpg\" alt=\"incapaci falcone\" width=\"400\" height=\"300\" \/><\/a>farlo; in fondo la colpa non \u00e8 nostra, la colpa \u00e8 di Salvatore!\u201d <strong>Eppure la coscienza \u00e8 pi\u00f9 forte delle nostre decisioni<\/strong> dei nostri inutili tentativi di dimenticare o di tentare di trovare disperatamente cavilli per giustificarci o scagionarci dall\u2019atto compiuto. E\u2019 cos\u00ec che, a un certo punto, davanti ai nostri occhi appare una scena dolorosa, forte, che ci ha inevitabilmente indotti a riflettere: lo scontro violento tra i due compagni. La scena viene conquistata da musica e immagini folgoranti. Ma in quel momento non sono loro a battersi, \u00e8 la loro coscienza. Non sono riusciti a sopportare una situazione tanto amara, tanto gravosa e tanto denigrante quanto questa. Cos\u00ec il loro malessere represso \u00e8 esploso in violenza, pugni, botte, schiaffi. Solo cos\u00ec poteva venir fuori.<\/p>\n<p style=\"margin-bottom: 0.0001pt; text-align: justify; line-height: normal;\">Eppure <strong>hanno compreso, hanno capito, sono riusciti ad ascoltarsi<\/strong>. Il treno passa, ma nessun pulsante del telecomando viene premuto. Sorridono, si abbracciano. Una prova ben pi\u00f9 grande hanno superato, non quella di esser rimasti ligi ai loro \u201ccompiti\u201d, ma quella di aver detto finalmente \u201cbasta\u201d, rivelandosi <strong>INCAPACI di cadere in quella trappola<\/strong>, INCAPACI di far finta di niente. \u201c<strong>Capaci ci appartiene<\/strong>\u2026. e basta! basta! basta!\u201d. I loro nomi, infatti, vogliono essere ricordo di due uomini straordinari, due uomini che hanno amato il proprio paese, che hanno amato la propria vita fino a sacrificarla: <strong>Giovanni Falcone<\/strong> e <strong>Paolo Borsellino<\/strong>.<\/p>\n<p style=\"margin-bottom: 0.0001pt; text-align: right; line-height: normal;\" align=\"right\"><strong>Mariangela Mastromarico [IV C Liceo &#8220;R. Canudo&#8221;]<\/strong><\/p>\n<p>&nbsp;<\/p>\n","protected":false},"excerpt":{"rendered":"","protected":false},"author":1,"featured_media":0,"comment_status":"open","ping_status":"closed","sticky":false,"template":"","format":"standard","meta":{"colormag_page_container_layout":"default_layout","colormag_page_sidebar_layout":"default_layout","footnotes":""},"categories":[7],"tags":[],"class_list":["post-44893","post","type-post","status-publish","format-standard","hentry","category-attualita"],"_links":{"self":[{"href":"https:\/\/archiviogioia.lavocedelpaese.info\/index.php?rest_route=\/wp\/v2\/posts\/44893","targetHints":{"allow":["GET"]}}],"collection":[{"href":"https:\/\/archiviogioia.lavocedelpaese.info\/index.php?rest_route=\/wp\/v2\/posts"}],"about":[{"href":"https:\/\/archiviogioia.lavocedelpaese.info\/index.php?rest_route=\/wp\/v2\/types\/post"}],"author":[{"embeddable":true,"href":"https:\/\/archiviogioia.lavocedelpaese.info\/index.php?rest_route=\/wp\/v2\/users\/1"}],"replies":[{"embeddable":true,"href":"https:\/\/archiviogioia.lavocedelpaese.info\/index.php?rest_route=%2Fwp%2Fv2%2Fcomments&post=44893"}],"version-history":[{"count":0,"href":"https:\/\/archiviogioia.lavocedelpaese.info\/index.php?rest_route=\/wp\/v2\/posts\/44893\/revisions"}],"wp:attachment":[{"href":"https:\/\/archiviogioia.lavocedelpaese.info\/index.php?rest_route=%2Fwp%2Fv2%2Fmedia&parent=44893"}],"wp:term":[{"taxonomy":"category","embeddable":true,"href":"https:\/\/archiviogioia.lavocedelpaese.info\/index.php?rest_route=%2Fwp%2Fv2%2Fcategories&post=44893"},{"taxonomy":"post_tag","embeddable":true,"href":"https:\/\/archiviogioia.lavocedelpaese.info\/index.php?rest_route=%2Fwp%2Fv2%2Ftags&post=44893"}],"curies":[{"name":"wp","href":"https:\/\/api.w.org\/{rel}","templated":true}]}}