{"id":44998,"date":"2014-03-17T02:06:07","date_gmt":"2014-03-17T02:06:07","guid":{"rendered":"https:\/\/archiviogioia.lavocedelpaese.info\/?p=44998"},"modified":"2014-03-17T02:06:07","modified_gmt":"2014-03-17T02:06:07","slug":"la-citta-ideale-in-giustizia-e-legalita-al-s-cuore","status":"publish","type":"post","link":"https:\/\/archiviogioia.lavocedelpaese.info\/?p=44998","title":{"rendered":"\u201cLA CITT\u00c0 IDEALE\u201d IN \u201cGIUSTIZIA E LEGALIT\u00c0\u201d AL S. CUORE"},"content":{"rendered":"<p><a title=\"giustizia e legalit\u00e0 sacro cuore di LA VOCE DEL PAESE, su Flickr\" href=\"http:\/\/www.flickr.com\/photos\/91470992@N02\/13207510045\/\"><img loading=\"lazy\" decoding=\"async\" style=\"display: block; margin-left: auto; margin-right: auto;\" src=\"http:\/\/farm4.staticflickr.com\/3740\/13207510045_4b583fe94b_z.jpg\" alt=\"giustizia e legalit\u00e0 sacro cuore\" width=\"320\" height=\"240\" \/><\/a><\/p>\n<p><!--more--><\/p>\n<p style=\"text-align: justify;\"><strong>Mercoled\u00ec 12 marzo 2014<\/strong> si \u00e8 svolto <a title=\"giustizia e legalit\u00e0 sacro cuore di LA VOCE DEL PAESE, su Flickr\" href=\"http:\/\/www.flickr.com\/photos\/91470992@N02\/13207657713\/\"><img loading=\"lazy\" decoding=\"async\" style=\"margin: 4px; float: left;\" src=\"http:\/\/farm3.staticflickr.com\/2834\/13207657713_97a9ac1217_n.jpg\" alt=\"giustizia e legalit\u00e0 sacro cuore\" width=\"400\" height=\"300\" \/><\/a>nel cine-teatro Sacro Cuore il <strong>quinto incontro<\/strong> del percorso interparrocchiale di Azione Cattolica <strong>dedicato alla giustizia<\/strong>. Tema della serata &#8220;<strong>Giustizia e legalit\u00e0<\/strong>&#8221; affrontato con l&#8217;aiuto di <strong>don Filippo Ferlita<\/strong>, cappellano militare del 36 Stormo e <strong>don Mario Natalini<\/strong>, parroco del Sacro Cuore. Era <strong>prevista<\/strong> anche <strong>la presenza del giornalista RAI Enzo Quarto<\/strong>, direttore della scuola di comunicazioni sociali &#8220;don Vito Marotta&#8221;, <strong>trattenuto in extremis da impegni di lavoro<\/strong>.<\/p>\n<p style=\"text-align: justify;\"><strong>La prima parte<\/strong> della serata \u00e8 stata <strong>dedicata alla visione del film<\/strong> &#8220;<strong>La citt\u00e0 ideale<\/strong>&#8221; di Luigi Lo Cascio. <strong>Protagonista del film l&#8217;architetto siciliano Michele Grassadonia<\/strong>, fervente ecologista, trasferitosi a Siena per promuovere un progetto di risparmio energetico che mira alla costruzione di una citt\u00e0 ideale dal punto di vista ambientale. <strong>Un personaggio quasi maniacale nel suo impegno per la raccolta differenziata e la lotta agli sprechi energetici<\/strong>, tanto da suscitare le lamentele dei suoi colleghi di lavoro. Una sera, mentre va a prendere una sua collega per accompagnarla a una cena, usando una macchina ecologica presa in prestito da un amico, qualcosa gli attraversa la strada, facendogli perdere il controllo della macchina e terminare la corsa contro un&#8217;altra vettura. Dopo l&#8217;urto, l&#8217;uomo scende prontamente d<a title=\"la citt\u00e0 ideale film di LA VOCE DEL PAESE, su Flickr\" href=\"http:\/\/www.flickr.com\/photos\/91470992@N02\/13010102373\/\"><img loading=\"lazy\" decoding=\"async\" style=\"margin: 4px; float: right;\" src=\"http:\/\/farm4.staticflickr.com\/3821\/13010102373_7c585f74fd_n.jpg\" alt=\"la citt\u00e0 ideale film\" width=\"400\" height=\"300\" \/><\/a>alla macchina e torna indietro per capire cosa abbia urtato, ma non trova niente. Riparte, dopo aver lasciato un biglietto con i suoi dati sul parabrezza dell&#8217;auto danneggiata e dopo un po&#8217; nota un oggetto ingombrante sul bordo della carreggiata. Torna indietro per spostarlo ed evitare pericoli per gli automobilisti e si rende conto che si tratta di un uomo ferito. Prontamente chiama i soccorsi e inizialmente viene osannato dalla stampa per la sua meritoria opera di salvataggio.<\/p>\n<p style=\"text-align: justify;\"><strong>Il suo atteggiamento apparentemente ambiguo e reticente mette in allerta le forze dell&#8217;ordine<\/strong> che cominciano addirittura a sospettare&nbsp; che possa essere lui l&#8217;investitore dell&#8217;uomo soccorso; di qui l&#8217;inizio di una vicenda giudiziaria paradossale, complicata dalle sue ferree regole morali che gli impongono la ricerca della verit\u00e0 ad ogni costo.<\/p>\n<p style=\"text-align: justify;\"><strong>Al termine della proiezione<\/strong>, che sembrerebbe quasi suggerire la pericolosit\u00e0 di aiutare gli altri e il rischio di trovarsi coinvolti in vicende spiacevoli, <strong>don Filippo ha ricordato le proprie origini<\/strong> siciliane e i pregiudizi che spesso accompagnano le regioni del sud, considerate solo terra di mafia, camorra, ndrangheta e criminalit\u00e0 in genere. <strong>Purtroppo oggi sta emergend<\/strong><a title=\"giustizia e legalit\u00e0 sacro cuore di LA VOCE DEL PAESE, su Flickr\" href=\"http:\/\/www.flickr.com\/photos\/91470992@N02\/13207507175\/\"><img loading=\"lazy\" decoding=\"async\" style=\"margin: 4px; float: left;\" src=\"http:\/\/farm3.staticflickr.com\/2866\/13207507175_7abbe8c1f5.jpg\" alt=\"giustizia e legalit\u00e0 sacro cuore\" width=\"400\" height=\"267\" \/><\/a><strong>o che tali realt\u00e0<\/strong> deleterie non siano propri circoscritte solo alle regioni meridionali, ma anzi oggi <strong>tendano a<\/strong><strong> sviluppare i propri affari in ogni zona della penisola<\/strong> e del mondo. Contro la comoda tendenza all&#8217;indifferenza e al disimpegno, don Filippo ha ricordato alcuni testimoni della legalit\u00e0 (i giudici Falcone, Borsellino e Livatino, padre Puglisi e tanti altri), evidenziando come spesso emerga l&#8217;indifferenza rispetto alle vicende che coinvolgono gli altri mentre noi invece vorremmo aiuto e comprensione.<\/p>\n<p style=\"text-align: justify;\"><strong>Non serve una citt\u00e0 ideale, ma cittadini ideali<\/strong>. Noi cosa siamo disposti a sacrificare in nome della legalit\u00e0, della verit\u00e0? &#8211; ci ha chiesto infine in maniera provocatoria. <strong>Don Mario ha ricordato di aver cominciato proprio a Palermo<\/strong> il proprio cammino sacerdotale, invitando tutti ad essere assetati di giustizia e ricordando l&#8217;esempio di don Luigi Ciotti e di una la chiesa che lotta per la giustizia. Spesso invece siamo solo spettatori indifferenti invece che impegnarci per la giustizia. Non solo la nostra, quella che ci fa comodo.<\/p>\n<p style=\"text-align: justify;\"><strong>L&#8217;ingiustizia pu\u00f2 anche esse<\/strong><a title=\"giustizia e legalit\u00e0 sacro cuore di LA VOCE DEL PAESE, su Flickr\" href=\"http:\/\/www.flickr.com\/photos\/91470992@N02\/13207509245\/\"><img loading=\"lazy\" decoding=\"async\" style=\"margin: 4px; float: right;\" src=\"http:\/\/farm3.staticflickr.com\/2796\/13207509245_30d4a9770a_n.jpg\" alt=\"giustizia e legalit\u00e0 sacro cuore\" width=\"400\" height=\"268\" \/><\/a><strong>re colpa nostra, nascere dalla nostra paura di testimoniare<\/strong>. Bisogna superare l&#8217;indifferenza, l&#8217;apatia. Come cattolici dobbiamo lottare per una chiesa pi\u00f9 giusta e come cittadini costruire una societ\u00e0 pi\u00f9 giusta. <strong>Non basta <\/strong><strong>criticare gli altri; occorre anche fare autocritica<\/strong>. Il Regno viene se anche noi collaboriamo. Nel primo intervento che ha aperto il breve dibattito una ragazza ha evidenziato come nel film emergano un senso di persecuzione, quasi di martirio del protagonista e l&#8217;interrogativo se si possa avere fede nella giustizia.<\/p>\n<p style=\"text-align: justify;\">Una giustizia che perseguita gli innocenti e uomini di legge che consigliano il patteggiamento piuttosto che la ricerca della verit\u00e0. <strong>La fede ci invita alla giustizia. Dobbiamo fidarci di Dio e poi avere un atteggiamento di denuncia<\/strong>: individuare le cose che non vanno, valorizzando quel che c&#8217;\u00e8 di buono. Annunciare le cose che funzionano, sapendo rinunciare ad alcune cose, agli sprechi, in un atteggiamento volto alla custodia del Creato.<\/p>\n<p style=\"text-align: justify;\"><strong>Papa Francesco ha detto che il laico deve essere discepolo e missionario insieme<\/strong>. La parrocchia deve essere aperta al dialogo, non ci si deve chiudere nel proprio orticello. I laici<a title=\"filippo-de-bellis di LA VOCE DEL PAESE, su Flickr\" href=\"http:\/\/www.flickr.com\/photos\/91470992@N02\/13208055474\/\"><img loading=\"lazy\" decoding=\"async\" style=\"margin: 4px; float: left;\" src=\"http:\/\/farm4.staticflickr.com\/3820\/13208055474_74e0a87dbe_n.jpg\" alt=\"filippo-de-bellis\" width=\"389\" height=\"400\" \/><\/a> devono riscoprire il compendio della Dottrina Sociale della Chiesa, bussola per orientarsi nella societ\u00e0. <strong>Gianni Fraccalvieri<\/strong>, ha ricordato il recente omicidio a Gravina di Pietro Capone, semplice cittadino impegnato per la legalit\u00e0, evidenziando quanto questa triste vicenda e quella raccontata nel film ci interroghino come cittadini.<\/p>\n<p style=\"text-align: justify;\">Il rispetto delle leggi \u00e8 un principio fondamentale. Paragonando il protagonista al buon samaritano, ha ricordato che il Vangelo ci sprona a vivere e a batterci per la giustizia. Ma quali contenuti e valori dobbiamo dare al nostro essere cittadini? <strong>Filippo De Bellis<\/strong> ha commentato che spesso cerchiamo la citt\u00e0 ideale fuori da noi, lontano dal nostro paese come il protagonista del film (finch\u00e9 non c&#8217;\u00e8 qualche incidente di percorso).<\/p>\n<p style=\"text-align: justify;\">Vediamo sempre il meglio che c&#8217;\u00e8 altrove invece di costruire la citt\u00e0 ideale. Ribadita l&#8217;importanza di conoscere la Dottrina Sociale della Chiesa, gli strumenti che dovremmo avere e i frutti che gi\u00e0 ci sono nella societ\u00e0. <strong>Occorre conoscere i pericoli, sapere che l&#8217;impegno pu\u00f2 essere rischioso<\/strong> mentre il disimpegno, il non fare niente non comporta rischi. Perch\u00e9 cambi qualcosa&nbsp; bisogna lottare fino in fondo pur sapendo di correre dei rischi.<\/p>\n<p style=\"text-align: justify;\"><strong>L&#8217;ultimo intervento ha sottolineato le scelte ecologiste controcorrente del protagonista del film<\/strong>, la sua rinuncia al possesso di un&#8217;auto paragonandole a quelle di Papa Francesco in coerenza con uno stile di povert\u00e0 evangelica.<\/p>\n<p>&nbsp;<\/p>\n","protected":false},"excerpt":{"rendered":"","protected":false},"author":1,"featured_media":0,"comment_status":"open","ping_status":"closed","sticky":false,"template":"","format":"standard","meta":{"colormag_page_container_layout":"default_layout","colormag_page_sidebar_layout":"default_layout","footnotes":""},"categories":[7],"tags":[],"class_list":["post-44998","post","type-post","status-publish","format-standard","hentry","category-attualita"],"_links":{"self":[{"href":"https:\/\/archiviogioia.lavocedelpaese.info\/index.php?rest_route=\/wp\/v2\/posts\/44998","targetHints":{"allow":["GET"]}}],"collection":[{"href":"https:\/\/archiviogioia.lavocedelpaese.info\/index.php?rest_route=\/wp\/v2\/posts"}],"about":[{"href":"https:\/\/archiviogioia.lavocedelpaese.info\/index.php?rest_route=\/wp\/v2\/types\/post"}],"author":[{"embeddable":true,"href":"https:\/\/archiviogioia.lavocedelpaese.info\/index.php?rest_route=\/wp\/v2\/users\/1"}],"replies":[{"embeddable":true,"href":"https:\/\/archiviogioia.lavocedelpaese.info\/index.php?rest_route=%2Fwp%2Fv2%2Fcomments&post=44998"}],"version-history":[{"count":0,"href":"https:\/\/archiviogioia.lavocedelpaese.info\/index.php?rest_route=\/wp\/v2\/posts\/44998\/revisions"}],"wp:attachment":[{"href":"https:\/\/archiviogioia.lavocedelpaese.info\/index.php?rest_route=%2Fwp%2Fv2%2Fmedia&parent=44998"}],"wp:term":[{"taxonomy":"category","embeddable":true,"href":"https:\/\/archiviogioia.lavocedelpaese.info\/index.php?rest_route=%2Fwp%2Fv2%2Fcategories&post=44998"},{"taxonomy":"post_tag","embeddable":true,"href":"https:\/\/archiviogioia.lavocedelpaese.info\/index.php?rest_route=%2Fwp%2Fv2%2Ftags&post=44998"}],"curies":[{"name":"wp","href":"https:\/\/api.w.org\/{rel}","templated":true}]}}