{"id":45154,"date":"2014-04-02T08:35:52","date_gmt":"2014-04-02T08:35:52","guid":{"rendered":"https:\/\/archiviogioia.lavocedelpaese.info\/?p=45154"},"modified":"2014-04-02T08:35:52","modified_gmt":"2014-04-02T08:35:52","slug":"gioia-36d-stormo-conclusa-la-capeval-2014-foto","status":"publish","type":"post","link":"https:\/\/archiviogioia.lavocedelpaese.info\/?p=45154","title":{"rendered":"GIOIA. 36\u00b0 STORMO: CONCLUSA LA CAPEVAL 2014-foto"},"content":{"rendered":"<p><a title=\"36-stormo5 di LA VOCE DEL PAESE, su Flickr\" href=\"https:\/\/www.flickr.com\/photos\/91470992@N02\/13580496784\/\"><img loading=\"lazy\" decoding=\"async\" style=\"display: block; margin-left: auto; margin-right: auto;\" src=\"https:\/\/farm6.staticflickr.com\/5262\/13580496784_10716cf425_n.jpg\" alt=\"36-stormo5\" width=\"320\" height=\"240\" \/><\/a><\/p>\n<p><!--more--><\/p>\n<p style=\"text-align: justify;\"><a title=\"36 stormo di LA VOCE DEL PAESE, su Flickr\" href=\"https:\/\/www.flickr.com\/photos\/91470992@N02\/13580421444\/\"><img loading=\"lazy\" decoding=\"async\" style=\"margin: 4px; float: left;\" src=\"https:\/\/farm4.staticflickr.com\/3813\/13580421444_6eeb1c6a9b_n.jpg\" alt=\"36 stormo\" width=\"400\" height=\"266\" \/><\/a> Si \u00e8 conclusa positivamente la <strong>Capability Evaluation 2014<\/strong>, valutazione tattica <strong>NATO<\/strong> diretta dall\u2019<strong>Air Component Command di Ramstein<\/strong> (Germania), che ha visto coinvolto il<strong> 36\u00b0 Stormo di Gioia del Colle<\/strong>. Dal 23 al 27 marzo circa 150 valutatori provenienti da vari paesi appartenenti all\u2019Alleanza Atlantica hanno sottoposto la forza armata ad una verifica dell&#8217;idoneit\u00e0 a svolgere la missione assegnata anche in risposta a situazioni di crisi.<\/p>\n<p style=\"text-align: justify;\">Venerd\u00ec 28 marzo, durante il de-briefing finale, il Capo del Team di valutazione, il Tenente Colonnello <strong>Juergen Henrichs<\/strong>&nbsp;della German Air Force,&nbsp;ha ratificato l\u2019esito favorevole di quanto verificato. Il reparto di volo, che simulava di essere rischierato presso una Nazione straniera in situazione di crisi, \u00e8 stato sottoposto ad una serie di verifiche a terra e in volo per dimostrare la capacit\u00e0 di attuare le procedure previste in risposta situazioni, convenzionali e non, che uno scenario di crisi pu\u00f2 presentare.<a title=\"36 stormo2 di LA VOCE DEL PAESE, su Flickr\" href=\"https:\/\/www.flickr.com\/photos\/91470992@N02\/13580094103\/\"><img loading=\"lazy\" decoding=\"async\" style=\"margin: 4px; float: right;\" src=\"https:\/\/farm8.staticflickr.com\/7178\/13580094103_da7119a530_n.jpg\" alt=\"36 stormo2\" width=\"400\" height=\"266\" \/><\/a><\/p>\n<p style=\"text-align: justify;\">Il comandante del 36\u00b0 Stormo, Colonnello <strong>Vito Cracas<\/strong>, che ha diretto l\u2019unit\u00e0 valutata, ha ringraziato gli uomini e le donne dei vari reparti che hanno partecipato alla valutazione, tra cui il 36\u00b0 Stormo stesso e il 1<strong>6\u00b0 Stormo di Martina Franca<\/strong>, che con il loro impegno, entusiasmo e provata professionalit\u00e0 hanno permesso di superare la prova con un ottimo risultato.<\/p>\n<p>\n<object data=\"https:\/\/photos.gstatic.com\/media\/slideshow.swf\" type=\"application\/x-shockwave-flash\" width=\"640\" height=\"480\" pluginspage=\"http:\/\/www.macromedia.com\/go\/getflashplayer\"><param name=\"flashvars\" value=\"host=picasaweb.google.com&amp;hl=it&amp;feat=flashalbum&amp;RGB=0x000000&amp;feed=https%3A%2F%2Fpicasaweb.google.com%2Fdata%2Ffeed%2Fapi%2Fuser%2F104626251937098962566%2Falbumid%2F5997671000527262865%3Falt%3Drss%26kind%3Dphoto%26hl%3Dit\" \/><param name=\"movie\" value=\"https:\/\/photos.gstatic.com\/media\/slideshow.swf\" \/><\/object><\/p>\n","protected":false},"excerpt":{"rendered":"","protected":false},"author":1,"featured_media":0,"comment_status":"open","ping_status":"closed","sticky":false,"template":"","format":"standard","meta":{"colormag_page_container_layout":"default_layout","colormag_page_sidebar_layout":"default_layout","footnotes":""},"categories":[7],"tags":[],"class_list":["post-45154","post","type-post","status-publish","format-standard","hentry","category-attualita"],"_links":{"self":[{"href":"https:\/\/archiviogioia.lavocedelpaese.info\/index.php?rest_route=\/wp\/v2\/posts\/45154","targetHints":{"allow":["GET"]}}],"collection":[{"href":"https:\/\/archiviogioia.lavocedelpaese.info\/index.php?rest_route=\/wp\/v2\/posts"}],"about":[{"href":"https:\/\/archiviogioia.lavocedelpaese.info\/index.php?rest_route=\/wp\/v2\/types\/post"}],"author":[{"embeddable":true,"href":"https:\/\/archiviogioia.lavocedelpaese.info\/index.php?rest_route=\/wp\/v2\/users\/1"}],"replies":[{"embeddable":true,"href":"https:\/\/archiviogioia.lavocedelpaese.info\/index.php?rest_route=%2Fwp%2Fv2%2Fcomments&post=45154"}],"version-history":[{"count":0,"href":"https:\/\/archiviogioia.lavocedelpaese.info\/index.php?rest_route=\/wp\/v2\/posts\/45154\/revisions"}],"wp:attachment":[{"href":"https:\/\/archiviogioia.lavocedelpaese.info\/index.php?rest_route=%2Fwp%2Fv2%2Fmedia&parent=45154"}],"wp:term":[{"taxonomy":"category","embeddable":true,"href":"https:\/\/archiviogioia.lavocedelpaese.info\/index.php?rest_route=%2Fwp%2Fv2%2Fcategories&post=45154"},{"taxonomy":"post_tag","embeddable":true,"href":"https:\/\/archiviogioia.lavocedelpaese.info\/index.php?rest_route=%2Fwp%2Fv2%2Ftags&post=45154"}],"curies":[{"name":"wp","href":"https:\/\/api.w.org\/{rel}","templated":true}]}}