{"id":45248,"date":"2014-04-09T00:58:01","date_gmt":"2014-04-09T00:58:01","guid":{"rendered":"https:\/\/archiviogioia.lavocedelpaese.info\/?p=45248"},"modified":"2014-04-09T00:58:01","modified_gmt":"2014-04-09T00:58:01","slug":"lenor-intenso-monologo-di-nunzia-antonino","status":"publish","type":"post","link":"https:\/\/archiviogioia.lavocedelpaese.info\/?p=45248","title":{"rendered":"LEN\u00d2R. INTENSO MONOLOGO DI NUNZIA ANTONINO"},"content":{"rendered":"<p><a title=\"len\u00f2r al rossini di LA VOCE DEL PAESE, su Flickr\" href=\"https:\/\/www.flickr.com\/photos\/91470992@N02\/13729125144\/\"><img loading=\"lazy\" decoding=\"async\" style=\"display: block; margin-left: auto; margin-right: auto;\" src=\"https:\/\/farm8.staticflickr.com\/7213\/13729125144_93c15068ed_n.jpg\" alt=\"len\u00f2r al rossini\" width=\"320\" height=\"240\" \/><\/a><\/p>\n<p><!--more--><\/p>\n<p style=\"margin-bottom: 0.0001pt; text-align: justify; line-height: normal;\"><a title=\"len\u00f2r al rossini di LA VOCE DEL PAESE, su Flickr\" href=\"https:\/\/www.flickr.com\/photos\/91470992@N02\/13729125544\/\"><img loading=\"lazy\" decoding=\"async\" style=\"margin: 4px; float: left;\" src=\"https:\/\/farm8.staticflickr.com\/7424\/13729125544_6d85d26969.jpg\" alt=\"len\u00f2r al rossini\" width=\"400\" height=\"267\" \/><\/a> <i>\u201cForse un giorno giover\u00e0 ricordare tutto questo\u201d<\/i>. Le ultime parole citate, su ispirazione di Virgilio, da Eleonora Fonseca Pimentel prima di salire sul patibolo su Piazza del Mercato. Era il 28 agosto 1799.<\/p>\n<p style=\"margin-bottom: 0.0001pt; text-align: justify; line-height: normal;\">Diaghilev Teatro porta in scena il 28 marzo al Teatro Comunale Rossini di Gioia del Colle <strong>\u201cLen\u00f2r\u201d di Enza Piccolo<\/strong>, interpretato da <strong>Nunzia Antonino<\/strong>, regia di <strong>Carlo Bruni<\/strong>.<\/p>\n<p style=\"margin-bottom: 0.0001pt; text-align: justify; line-height: normal;\">Un intenso monologo cos\u00ec penetrante da far rizzare i peli e condurre lo spettatore ammutolito in un\u2019altra dimensione, in un altro secolo, il Settecento padroneggiato dalla \u201cquestione meridionale\u201d.<\/p>\n<p style=\"margin-bottom: 0.0001pt; text-align: justify; line-height: normal;\">Nella sua totale solitudine al centro del palcoscenico <strong>una sedia posta su un piedistallo<\/strong> a simboleggiare la imminente condanna e lei, Len\u00f2r vestita con un lungo abito neroavvolta da un buio funereo, tragica angoscia e infelicit\u00e0 visibile dall\u2019espressione del suo volto illumi<a title=\"len\u00f2r al rossini di LA VOCE DEL PAESE, su Flickr\" href=\"https:\/\/www.flickr.com\/photos\/91470992@N02\/13728755233\/\"><img loading=\"lazy\" decoding=\"async\" style=\"margin: 4px; float: right;\" src=\"https:\/\/farm8.staticflickr.com\/7154\/13728755233_41cbcf3839_n.jpg\" alt=\"len\u00f2r al rossini\" width=\"400\" height=\"300\" \/><\/a>nato da una fioca luce.<\/p>\n<p style=\"margin-bottom: 0.0001pt; text-align: justify; line-height: normal;\"><strong>Raffinata poetessa, scrittrice e anticipatrice del Risorgimento italiano<\/strong> la Fonseca \u00e8 una delle prime voci femminili a lasciare una impronta indelebile nel giornalismo politico e nelle tradizione letteraria e storica del nostro Paese con la direzione e animazione della bravissima esistenza del primo periodico della Repubblica di Napoli, il \u201cMonitore napoletano\u201d.<\/p>\n<p style=\"margin-bottom: 0.0001pt; text-align: justify; line-height: normal;\"><strong>Aveva chiesto solo di essere decapitata<\/strong> per paura di perdere la dignit\u00e0 e il controllo del suo corpo, ma <strong>questo privilegio le fu negato<\/strong> insieme alla cordicella con la quale avrebbe voluto legare l\u2019orlo della sua veste, affinch\u00e9 non le si aprisse quando il corpo sarebbe stato penzoloni sulla forca esposto alle ingiurie del popolo.<\/p>\n<p style=\"margin-bottom: 0.0001pt; text-align: justify; line-height: normal;\">\u00c8 da questo momento cos\u00ec drammaticamente vissuto che <strong>Len\u00f2r ripensa alla sua vita<\/strong>, alla maternit\u00e0 negata, agli ideali rivoluzionari francesi che aveva abbracciato tanto da lottare per la libert\u00e0 e l\u2019uguaglianza, per il riscatto delle classi meno abbienti. Nauseata e disgustata dalla naturalezza del popolo nel vivere nella miseria e ignoranza, impugna la penna per ritrovar consolazione e denunciare fino alla fine le infinite barbarie e ingiustizie, esortando a combattere, ad abbandonare ogni avere, perch\u00e9 tutti avesser<a title=\"len\u00f2r al rossini di LA VOCE DEL PAESE, su Flickr\" href=\"https:\/\/www.flickr.com\/photos\/91470992@N02\/13728721135\/\"><img loading=\"lazy\" decoding=\"async\" style=\"margin: 4px; float: left;\" src=\"https:\/\/farm6.staticflickr.com\/5470\/13728721135_8d310a4d80.jpg\" alt=\"len\u00f2r al rossini\" width=\"400\" height=\"266\" \/><\/a>o un\u2019unica fede.<\/p>\n<p style=\"margin-bottom: 0.0001pt; text-align: justify; line-height: normal;\"><strong>Precoce e intellettualmente dotata<\/strong>, sin da giovane entra a far parte dell\u2019Accademia dell\u2019Arcadia e apprezzata dai suoi contemporanei intrattiene rapporti epistolari con i maggiori letterati europei: Goethe, Voltaire, Filangieri,Metastasio.<\/p>\n<p style=\"margin-bottom: 0.0001pt; text-align: justify; line-height: normal;\">Non pot\u00e8 non percepire i suoi inconsueti talenti e sentimenti rivoluzionariBenedetto Croce, suo profondo ammiratore che <strong>ha avuto il merito di preservarla dall\u2019oblio <\/strong>dedicandole una delle sue prime monografie.<\/p>\n<p style=\"text-align: justify;\"><span style=\"line-height: 115%;\">Coraggiosa e appassionata Eleonora Fonseca Pimentel rappresenta, oggi pi\u00f9 che mai, una figura esemplare di <strong>donna <i>\u201cvirile<\/i>, <i>compagna dei patrioti napoletani<\/i>\u201d<\/strong> come la definiscono gli intellettuali. E\u2019 dalle sue ultime parole dinanzi al boia che emerge il mito foscoliano dei <i>Sepolcri<\/i>, della vita vissuta fino alla fine in nome dei grandi ideali nella consapevolezza che il proprio sacrificio per la patria non sar\u00e0 mai vano. <strong>Il \u201csuo\u201d giornale \u00e8 viva testimonianza di come le vicende passano ma le memorie restano<\/strong> nei cuori dei posteri per generare altri valorosi eroi in nome della libert\u00e0.<\/span>&nbsp;<\/p>\n","protected":false},"excerpt":{"rendered":"","protected":false},"author":1,"featured_media":0,"comment_status":"open","ping_status":"closed","sticky":false,"template":"","format":"standard","meta":{"colormag_page_container_layout":"default_layout","colormag_page_sidebar_layout":"default_layout","footnotes":""},"categories":[7],"tags":[],"class_list":["post-45248","post","type-post","status-publish","format-standard","hentry","category-attualita"],"_links":{"self":[{"href":"https:\/\/archiviogioia.lavocedelpaese.info\/index.php?rest_route=\/wp\/v2\/posts\/45248","targetHints":{"allow":["GET"]}}],"collection":[{"href":"https:\/\/archiviogioia.lavocedelpaese.info\/index.php?rest_route=\/wp\/v2\/posts"}],"about":[{"href":"https:\/\/archiviogioia.lavocedelpaese.info\/index.php?rest_route=\/wp\/v2\/types\/post"}],"author":[{"embeddable":true,"href":"https:\/\/archiviogioia.lavocedelpaese.info\/index.php?rest_route=\/wp\/v2\/users\/1"}],"replies":[{"embeddable":true,"href":"https:\/\/archiviogioia.lavocedelpaese.info\/index.php?rest_route=%2Fwp%2Fv2%2Fcomments&post=45248"}],"version-history":[{"count":0,"href":"https:\/\/archiviogioia.lavocedelpaese.info\/index.php?rest_route=\/wp\/v2\/posts\/45248\/revisions"}],"wp:attachment":[{"href":"https:\/\/archiviogioia.lavocedelpaese.info\/index.php?rest_route=%2Fwp%2Fv2%2Fmedia&parent=45248"}],"wp:term":[{"taxonomy":"category","embeddable":true,"href":"https:\/\/archiviogioia.lavocedelpaese.info\/index.php?rest_route=%2Fwp%2Fv2%2Fcategories&post=45248"},{"taxonomy":"post_tag","embeddable":true,"href":"https:\/\/archiviogioia.lavocedelpaese.info\/index.php?rest_route=%2Fwp%2Fv2%2Ftags&post=45248"}],"curies":[{"name":"wp","href":"https:\/\/api.w.org\/{rel}","templated":true}]}}