{"id":45271,"date":"2014-04-10T08:14:55","date_gmt":"2014-04-10T08:14:55","guid":{"rendered":"https:\/\/archiviogioia.lavocedelpaese.info\/?p=45271"},"modified":"2014-04-10T08:14:55","modified_gmt":"2014-04-10T08:14:55","slug":"i-lions-sono-per-la-vita-con-filippo-maria-boscia-foto-2","status":"publish","type":"post","link":"https:\/\/archiviogioia.lavocedelpaese.info\/?p=45271","title":{"rendered":"I LIONS SONO PER \u201cLA VITA\u201d CON FILIPPO MARIA BOSCIA-foto"},"content":{"rendered":"<p><a title=\"lions-e-boscia di LA VOCE DEL PAESE, su Flickr\" href=\"https:\/\/www.flickr.com\/photos\/91470992@N02\/13758931703\/\"><img loading=\"lazy\" decoding=\"async\" style=\"display: block; margin-left: auto; margin-right: auto;\" src=\"https:\/\/farm8.staticflickr.com\/7310\/13758931703_5549b94d43_o.png\" alt=\"lions-e-boscia\" width=\"320\" height=\"240\" \/><\/a><\/p>\n<p><!--more--><\/p>\n<p style=\"text-align: justify;\"><a title=\"016-DSC00572 di LA VOCE DEL PAESE, su Flickr\" href=\"https:\/\/www.flickr.com\/photos\/91470992@N02\/13759201194\/\"><img loading=\"lazy\" decoding=\"async\" style=\"margin: 4px; float: left;\" src=\"https:\/\/farm4.staticflickr.com\/3756\/13759201194_8a8de2b3e6_n.jpg\" alt=\"016-DSC00572\" width=\"400\" height=\"266\" \/><\/a> Sabato 29 marzo, nella sala meeting dell\u2019Hotel Svevo di Gioia del Colle si \u00e8 tenuta una conversazione del dott. prof. <strong>Filippo Maria Boscia<\/strong> su \u201c<strong>La vita<\/strong>\u201d, immagini, suoni e parole dall\u2019embrione alla vita nuova, programmata dal <strong>club gioiese<\/strong> <strong>\u201cMonte Johe\u201d dei Lions<\/strong>.<\/p>\n<p style=\"text-align: justify;\">La storia di questo benemerito sodalizio, si \u00e8 cos\u00ec arricchita di un\u2019<strong>iniziativa di grande pregio culturale e sociale<\/strong>. Molto raffinato il cartoncino d\u2019invito con la riproduzione su carta patinata di due opere molto famose di Gustav Klimt: \u201cL\u2019attesa e L\u2019abbraccio\u201d. Ospite d\u2019onore della serata, per la sua indiscutibile professionalit\u00e0, il dott. prof. Filippo Maria Boscia, originario di Sammichele di Bari, ma con radici gioiesi.<\/p>\n<p style=\"text-align: justify;\"><strong>Il professore si pregia di un curriculum di grande valore<\/strong>. Studente di spicco del nostro Liceo Classico, prosegue gli studi presso l\u2019Universit\u00e0 di&nbsp; Bari nella facolt\u00e0 di Medicina e&nbsp;Chirurgia specializzan<a title=\"002-DSC00558 di LA VOCE DEL PAESE, su Flickr\" href=\"https:\/\/www.flickr.com\/photos\/91470992@N02\/13758825595\/\"><img loading=\"lazy\" decoding=\"async\" style=\"margin: 4px; float: right;\" src=\"https:\/\/farm3.staticflickr.com\/2850\/13758825595_8d9ba97455_n.jpg\" alt=\"002-DSC00558\" width=\"400\" height=\"266\" \/><\/a>dosi in seguito, con lode, in Ginecologia ed Ostetricia oltre che in Andrologia nell\u2019Universit\u00e0 di Pisa. E\u2019 attualmente professore di Bioetica nell\u2019Universit\u00e0 degli Studi di Bari e consulente del Consiglio Pontificio della Pastorale per gli Operatori Sanitari. E\u2019 iscritto all\u2019Associazione Medici Cattolici Italiani, della quale \u00e8 stato Consigliere Nazionale dal 1985 al 2011. Attualmente ne \u00e8 il Presidente Nazionale. Clinico di chiara fama, \u00e8 da sempre impegnato nello studio e nella difesa dell\u2019affascinante mistero della vita intesa nei suoi molteplici aspetti.<\/p>\n<p style=\"text-align: justify;\">Molto <strong>numeroso il pubblico presente<\/strong> che ha accolto con evidente calore e simpatia il famoso professore, gi\u00e0 noto a molti. Dopo le solite introduzioni e presentazioni di routine, un video studiato e preparato nel tempo dall\u2019illustre specialista, ha letteralmente cala<a title=\"070-DSC00628 di LA VOCE DEL PAESE, su Flickr\" href=\"https:\/\/www.flickr.com\/photos\/91470992@N02\/13758872743\/\"><img loading=\"lazy\" decoding=\"async\" style=\"margin: 4px; float: left;\" src=\"https:\/\/farm8.staticflickr.com\/7076\/13758872743_fcb4f815be_n.jpg\" alt=\"070-DSC00628\" width=\"400\" height=\"266\" \/><\/a>mitato l\u2019attenzione dei presenti. Esso rappresenta, in un filmato scientificamente perfetto, con il sottofondo di una musica molto dolce ed emozionante, l\u2019incontro tra uno spermatozoo ed un ovulo femminile, ed il rapido fantastico formarsi di un essere vivente che sviluppa le sue cellule vitali proprio intorno ad un piccolissimo cuore che, da subito, comincia \u201cregolarmente\u201d a pulsare. Si assiste al rapido sviluppo del piccolo essere che non pu\u00f2 non essere definito vita, persona.<\/p>\n<p style=\"text-align: justify;\"><strong>L\u2019attenzione e l\u2019emozione \u00e8 al massimo quando le luci si riaccendono<\/strong> ed il professore conclude con un invito a riflettere se ci\u00f2 che abbiamo appena visto non debba essere definito \u201cuna nuova vita\u201d e non un semplice \u201cembrione\u201d. Con il \u201c<strong>Progetto Martina<\/strong>\u201d sulla prevenzione dei tumori e sull\u2019educazione sessuale portato dai club dei Lions, c<a title=\"027-DSC00584 di LA VOCE DEL PAESE, su Flickr\" href=\"https:\/\/www.flickr.com\/photos\/91470992@N02\/13758850093\/\"><img loading=\"lazy\" decoding=\"async\" style=\"margin: 4px; float: right;\" src=\"https:\/\/farm8.staticflickr.com\/7448\/13758850093_1abc5f0ccb_n.jpg\" alt=\"027-DSC00584\" width=\"400\" height=\"266\" \/><\/a>ompreso quello gioiese, nelle scuole superiori da vari anni, quest\u2019incontro \u00e8 da ritenersi il fiore all\u2019occhiello della presidenza del club da parte dell\u2019Avvocato <strong>Lucio Romano<\/strong>, che pure si \u00e8 occupato con l\u2019intero club di iniziative molto importanti nei riguardi dei bisogni della nostra citt\u00e0.<\/p>\n<p style=\"text-align: justify;\">Quella dei Lions \u00e8 la pi\u00f9 grande organizzazione di servizi del mondo, con 46.000 Club e 1,35 milioni di soci, sparsi in ogni angolo del mondo. L\u2019associazione nasce nel 1917 a Chicago ad opera di un certo Melvin Jones di 38 anni. Costui disse ai soci del suo Club che \u201cavrebbero dovuto andare oltre i loro business ed affrontare il miglioramento delle loro comunit\u00e0 e del mondo\u201d. Il gruppo Jones ed il Business Circle di Chicago si unirono in sodalizio. Il 7 giugno del 1917, in una riunione a Chicago, Illinois- USA, il nuovo gruppo prese il nome di uno dei gruppi invitati, la \u201cAssociation of lions clubs\u201d. A Dallas, Texas,<a title=\"047-DSC00605 di LA VOCE DEL PAESE, su Flickr\" href=\"https:\/\/www.flickr.com\/photos\/91470992@N02\/13759226444\/\"><img loading=\"lazy\" decoding=\"async\" style=\"margin: 4px; float: left;\" src=\"https:\/\/farm8.staticflickr.com\/7192\/13759226444_05d3e6ddfd_n.jpg\" alt=\"047-DSC00605\" width=\"400\" height=\"266\" \/><\/a> USA, in ottobre, furono approvati costituzione, statuto,&nbsp; oggetti e codice etico. Dopo 3 anni, i Lions diventarono una organizzazione internazionale, famosa per integrit\u00e0 e trasparenza. E\u2019 una organizzazione ben gestita, con una missione chiara ed una lunga storia. Essa vanta una programmazione di estensione mondiale a cui i vari club possono associarsi o, a seconda dei bisogni dei territori, organizzarne degli altri.<\/p>\n<p style=\"text-align: justify;\"><strong>Fino al 13 aprile \u00e8 prevista la settimana mondiale della famiglia<\/strong>. <strong>Il 22 aprile<\/strong> sar\u00e0 \u201cfesteggiata \u201c la giornata della terra. <strong>Il 26 aprile<\/strong> si festegger\u00e0 la \u201c Giornata mondiale dei Lions\u201d. <strong>Dall\u201911 al 17 maggio<\/strong> ci sar\u00e0 \u201cLa settimana del bastone bianco\u201d.<\/p>\n<p style=\"text-align: justify;\">Come \u00e8 facile dedurre, si trat<a title=\"175-DSC00734 di LA VOCE DEL PAESE, su Flickr\" href=\"https:\/\/www.flickr.com\/photos\/91470992@N02\/13759243194\/\"><img loading=\"lazy\" decoding=\"async\" style=\"margin: 4px; float: right;\" src=\"https:\/\/farm6.staticflickr.com\/5254\/13759243194_118d4c4037_n.jpg\" alt=\"175-DSC00734\" width=\"400\" height=\"266\" \/><\/a>ta di <strong>un impegno senza soste a cui si aggiungono le attivit\u00e0 di ruotine di assistenza al territorio<\/strong>. E tutti sappiamo che i bisogni crescono paurosamente in questi nostri tempi difficili. Certe volte si ha l\u2019impressione che a questi sodalizi siano associate persone abbienti che hanno come unico scopo quello di stare piacevolmente insieme.<\/p>\n<p style=\"text-align: justify;\">In realt\u00e0, anche se \u00e8 presente la gioia dell\u2019aggregazione, lo <strong>scopo primario<\/strong> \u00e8, come ha detto l\u2019insigne professore parlando ovviamente del suo campo di specializzazione, quello di <strong>mettere la propria professionalit\u00e0 a disposizione della comunit\u00e0<\/strong>, ciascuno secondo le proprie capacit\u00e0 e competenze. Un impegno certamente nobile e meritevole.<\/p>\n<p style=\"text-align: justify;\">Scatti fotografici a cura di <strong>Mario Di Giuseppe<\/strong>.<\/p>\n<p>\n<object data=\"https:\/\/photos.gstatic.com\/media\/slideshow.swf\" type=\"application\/x-shockwave-flash\" width=\"640\" height=\"480\"><param name=\"flashvars\" value=\"host=picasaweb.google.com&amp;hl=it&amp;feat=flashalbum&amp;RGB=0x000000&amp;feed=https%3A%2F%2Fpicasaweb.google.com%2Fdata%2Ffeed%2Fapi%2Fuser%2F104626251937098962566%2Falbumid%2F6000651948291728337%3Falt%3Drss%26kind%3Dphoto%26hl%3Dit\" \/><param name=\"movie\" value=\"https:\/\/photos.gstatic.com\/media\/slideshow.swf\" \/><\/object><\/p>\n","protected":false},"excerpt":{"rendered":"","protected":false},"author":1,"featured_media":0,"comment_status":"open","ping_status":"closed","sticky":false,"template":"","format":"standard","meta":{"colormag_page_container_layout":"default_layout","colormag_page_sidebar_layout":"default_layout","footnotes":""},"categories":[7],"tags":[],"class_list":["post-45271","post","type-post","status-publish","format-standard","hentry","category-attualita"],"_links":{"self":[{"href":"https:\/\/archiviogioia.lavocedelpaese.info\/index.php?rest_route=\/wp\/v2\/posts\/45271","targetHints":{"allow":["GET"]}}],"collection":[{"href":"https:\/\/archiviogioia.lavocedelpaese.info\/index.php?rest_route=\/wp\/v2\/posts"}],"about":[{"href":"https:\/\/archiviogioia.lavocedelpaese.info\/index.php?rest_route=\/wp\/v2\/types\/post"}],"author":[{"embeddable":true,"href":"https:\/\/archiviogioia.lavocedelpaese.info\/index.php?rest_route=\/wp\/v2\/users\/1"}],"replies":[{"embeddable":true,"href":"https:\/\/archiviogioia.lavocedelpaese.info\/index.php?rest_route=%2Fwp%2Fv2%2Fcomments&post=45271"}],"version-history":[{"count":0,"href":"https:\/\/archiviogioia.lavocedelpaese.info\/index.php?rest_route=\/wp\/v2\/posts\/45271\/revisions"}],"wp:attachment":[{"href":"https:\/\/archiviogioia.lavocedelpaese.info\/index.php?rest_route=%2Fwp%2Fv2%2Fmedia&parent=45271"}],"wp:term":[{"taxonomy":"category","embeddable":true,"href":"https:\/\/archiviogioia.lavocedelpaese.info\/index.php?rest_route=%2Fwp%2Fv2%2Fcategories&post=45271"},{"taxonomy":"post_tag","embeddable":true,"href":"https:\/\/archiviogioia.lavocedelpaese.info\/index.php?rest_route=%2Fwp%2Fv2%2Ftags&post=45271"}],"curies":[{"name":"wp","href":"https:\/\/api.w.org\/{rel}","templated":true}]}}