{"id":45300,"date":"2014-04-14T05:28:42","date_gmt":"2014-04-14T05:28:42","guid":{"rendered":"https:\/\/archiviogioia.lavocedelpaese.info\/?p=45300"},"modified":"2014-04-14T05:28:42","modified_gmt":"2014-04-14T05:28:42","slug":"posa-palma-benedetta-alla-madonna-immacolata-foto-2","status":"publish","type":"post","link":"https:\/\/archiviogioia.lavocedelpaese.info\/?p=45300","title":{"rendered":"POSA PALMA BENEDETTA ALLA MADONNA IMMACOLATA-foto"},"content":{"rendered":"<p><a title=\"vivilastrada-posa-della-Palma-Benedetta-alla-Madonna-Immacolata di LA VOCE DEL PAESE, su Flickr\" href=\"https:\/\/www.flickr.com\/photos\/91470992@N02\/13852586274\/\"><img loading=\"lazy\" decoding=\"async\" style=\"display: block; margin-left: auto; margin-right: auto;\" src=\"https:\/\/farm4.staticflickr.com\/3669\/13852586274_af49049753_n.jpg\" alt=\"vivilastrada-posa-della-Palma-Benedetta-alla-Madonna-Immacolata\" width=\"320\" height=\"240\" \/><\/a><\/p>\n<p><!--more--><\/p>\n<p style=\"text-align: justify;\"><a title=\"vivilastrada posa della Palma Benedetta alla Madonna di LA VOCE DEL PAESE, su Flickr\" href=\"https:\/\/www.flickr.com\/photos\/91470992@N02\/13852295334\/\"><img loading=\"lazy\" decoding=\"async\" style=\"margin: 4px; float: left;\" src=\"https:\/\/farm8.staticflickr.com\/7383\/13852295334_344ddb3438.jpg\" alt=\"vivilastrada posa della Palma Benedetta alla Madonna\" width=\"225\" height=\"400\" \/><\/a>\u201cPer il terzo anno consecutivo, puntuali alle ore 7,00 del mattino della Domenica delle Palme l&#8217;associazione Vivi la Strada .it, con sede anche a Gioia del Colle,&nbsp; ha posato ai piedi della Vergine Immacolata un Ramoscello d&#8217;ulivo e un bouquet di fiori.<\/p>\n<p style=\"text-align: justify;\">Presenti all&#8217;evento <strong><span>Don Davide Garganese <\/span><\/strong><span>vice parroco della Parrocchia di San Domenico,<strong> L&#8217;ass. Rengers, I Vigili del Fuoco <\/strong>del Turno C Guidati dal CSE<strong> Michele Avella, <\/strong>il Presidente<strong> Tonio Coladonato e Tonio Lovece <\/strong>di Vivi la Strada .it,<strong> Domenico Perrini <\/strong>Volontario della Croce Rossa di Putignano, i<strong> genitori e parenti delle Vittime della Strada e cittadini comuni.<\/strong><\/span><\/p>\n<p style=\"text-align: justify;\">L&#8217;evento si \u00e8 svolto in breve tempo prima che la piaggia facesse capolino, forse \u00e8 stato l&#8217;ombrello dell&#8217;Immacolata a proteggerci. Con Don Davide hanno Pregato tutti,&nbsp;ha a chiesto alla Vergine Maria Immacolata di&nbsp;proteggerci, di accogliere tra le sue braccia <strong><span>tutte le vittime della strada<\/span><\/strong>, ha ricordato che oggi cade il primo anniversario di Leo Lazillotta scomparso l&#8217;anno scorso sulla S.S.172 alle 7,00 di Mattina, ed \u00e8 stato proprio il pap\u00e0&nbsp;adottivo di Leo, Mario a salire per primo ai piedi della Madonna e posare un fascio di ulivo e fiori di primavera offerti da fioraio <strong>Pasquale Pinto<\/strong>, Mario si \u00e8 commosso trovandosi di fronte alla Madonna, \u00e8 stata una emozione fortissima ci ha confessato appena sceso dal cestello, poi c&#8217;\u00e8 stato un omaggio floreale offerto dai fratelli Denovellis fiorai di Ikebana, posato da parte dell&#8217;associazione Vivi la Strada .it, dai&nbsp;Rengers e&nbsp;per tutte le associazioni di volontariato di Putignano e paesi limitrofi, delle forze dell&#8217;ordine ed enti di primo soccorso 118.<a title=\"vivilastrada posa della Palma Benedetta alla Madonna2 di LA VOCE DEL PAESE, su Flickr\" href=\"https:\/\/www.flickr.com\/photos\/91470992@N02\/13851952603\/\"><img loading=\"lazy\" decoding=\"async\" style=\"margin: 4px; float: right;\" src=\"https:\/\/farm4.staticflickr.com\/3803\/13851952603_baac1b62e8_n.jpg\" alt=\"vivilastrada posa della Palma Benedetta alla Madonna2\" width=\"400\" height=\"268\" \/><\/a><\/p>\n<p style=\"text-align: justify;\">Vivi la Strada alla fine della manifestazione ha&nbsp;distribuito l&#8217;immaginetta della Madonna della Strada con il cero e la palma Benedetta.<\/p>\n<p style=\"text-align: justify;\">Si ringrazia per la riuscita dell&#8217;evento: <strong><span>Don Davide Garganese<\/span><\/strong>, <strong>i genitori di Maurizio Polignano<\/strong>, di <strong>Leo Lanzillotta<\/strong>, di <strong>Fabrizio Deleonardis<\/strong> e di <strong>Giuseppe Cambrai<\/strong> oltre a gli altri che pur non partecipando hanno inviato un pensiero e una preghiera per i loro cari, la ditta <strong>Stefano Ignazi<\/strong> per la gru a cestello, <strong>Pasquale Pinto<\/strong> per&nbsp;bel ramo d&#8217;ulivo e fiori, i fratelli <strong>Denovellis<\/strong> per il cestino di fiori e palme, i Vigili <strong>Ignazzi Catucci<\/strong> e i Rengers\u201d.<\/p>\n<p style=\"text-align: right;\" align=\"right\">Uff. Stampa Vivi la Strada .it<\/p>\n<p>\n<object data=\"https:\/\/photos.gstatic.com\/media\/slideshow.swf\" type=\"application\/x-shockwave-flash\" width=\"640\" height=\"480\" pluginspage=\"http:\/\/www.macromedia.com\/go\/getflashplayer\"><param name=\"flashvars\" value=\"host=picasaweb.google.com&amp;hl=it&amp;feat=flashalbum&amp;RGB=0x000000&amp;feed=https%3A%2F%2Fpicasaweb.google.com%2Fdata%2Ffeed%2Fapi%2Fuser%2F104626251937098962566%2Falbumid%2F6002182029261316865%3Falt%3Drss%26kind%3Dphoto%26hl%3Dit\" \/><param name=\"movie\" value=\"https:\/\/photos.gstatic.com\/media\/slideshow.swf\" \/><\/object><\/p>\n","protected":false},"excerpt":{"rendered":"","protected":false},"author":1,"featured_media":0,"comment_status":"open","ping_status":"closed","sticky":false,"template":"","format":"standard","meta":{"colormag_page_container_layout":"default_layout","colormag_page_sidebar_layout":"default_layout","footnotes":""},"categories":[7],"tags":[],"class_list":["post-45300","post","type-post","status-publish","format-standard","hentry","category-attualita"],"_links":{"self":[{"href":"https:\/\/archiviogioia.lavocedelpaese.info\/index.php?rest_route=\/wp\/v2\/posts\/45300","targetHints":{"allow":["GET"]}}],"collection":[{"href":"https:\/\/archiviogioia.lavocedelpaese.info\/index.php?rest_route=\/wp\/v2\/posts"}],"about":[{"href":"https:\/\/archiviogioia.lavocedelpaese.info\/index.php?rest_route=\/wp\/v2\/types\/post"}],"author":[{"embeddable":true,"href":"https:\/\/archiviogioia.lavocedelpaese.info\/index.php?rest_route=\/wp\/v2\/users\/1"}],"replies":[{"embeddable":true,"href":"https:\/\/archiviogioia.lavocedelpaese.info\/index.php?rest_route=%2Fwp%2Fv2%2Fcomments&post=45300"}],"version-history":[{"count":0,"href":"https:\/\/archiviogioia.lavocedelpaese.info\/index.php?rest_route=\/wp\/v2\/posts\/45300\/revisions"}],"wp:attachment":[{"href":"https:\/\/archiviogioia.lavocedelpaese.info\/index.php?rest_route=%2Fwp%2Fv2%2Fmedia&parent=45300"}],"wp:term":[{"taxonomy":"category","embeddable":true,"href":"https:\/\/archiviogioia.lavocedelpaese.info\/index.php?rest_route=%2Fwp%2Fv2%2Fcategories&post=45300"},{"taxonomy":"post_tag","embeddable":true,"href":"https:\/\/archiviogioia.lavocedelpaese.info\/index.php?rest_route=%2Fwp%2Fv2%2Ftags&post=45300"}],"curies":[{"name":"wp","href":"https:\/\/api.w.org\/{rel}","templated":true}]}}