{"id":45501,"date":"2014-05-06T16:07:05","date_gmt":"2014-05-06T16:07:05","guid":{"rendered":"https:\/\/archiviogioia.lavocedelpaese.info\/?p=45501"},"modified":"2014-05-06T16:07:05","modified_gmt":"2014-05-06T16:07:05","slug":"a-gioia-la-settima-europea-con-luniversita-lum","status":"publish","type":"post","link":"https:\/\/archiviogioia.lavocedelpaese.info\/?p=45501","title":{"rendered":"A GIOIA LA SETTIMANA EUROPEA CON L\u2019UNIVERSIT\u00c0 LUM"},"content":{"rendered":"<p><a title=\"index di LA VOCE DEL PAESE, su Flickr\" href=\"https:\/\/www.flickr.com\/photos\/91470992@N02\/14126203921\/\"><img loading=\"lazy\" decoding=\"async\" style=\"display: block; margin-left: auto; margin-right: auto;\" src=\"https:\/\/farm8.staticflickr.com\/7429\/14126203921_88cb3faf76_o.jpg\" alt=\"index\" width=\"320\" height=\"240\" \/><\/a><\/p>\n<p><!--more--><\/p>\n<p style=\"text-align: justify;\"><span>Evento che si terr\u00e0 venerd\u00ec prossimo <strong>9 Maggio&nbsp;nella Sede della nostra Universit\u00e0 a Gioia<\/strong> dalle ore 10,00 alle ore 12,00, a cui parteciperanno anche Classi delle Scuole Medie Superiori di Gioia. &nbsp;<\/span><\/p>\n<p><a title=\"LUM European Week 2014 - Invito[1]_Page1 di LA VOCE DEL PAESE, su Flickr\" href=\"https:\/\/www.flickr.com\/photos\/91470992@N02\/13942885860\/\"><img loading=\"lazy\" decoding=\"async\" style=\"margin: 4px;\" src=\"https:\/\/farm6.staticflickr.com\/5485\/13942885860_caf6205eeb_b.jpg\" alt=\"LUM European Week 2014 - Invito[1]_Page1\" width=\"660\" height=\"925\" \/><\/a><\/p>\n","protected":false},"excerpt":{"rendered":"","protected":false},"author":1,"featured_media":0,"comment_status":"open","ping_status":"closed","sticky":false,"template":"","format":"standard","meta":{"colormag_page_container_layout":"default_layout","colormag_page_sidebar_layout":"default_layout","footnotes":""},"categories":[7],"tags":[],"class_list":["post-45501","post","type-post","status-publish","format-standard","hentry","category-attualita"],"_links":{"self":[{"href":"https:\/\/archiviogioia.lavocedelpaese.info\/index.php?rest_route=\/wp\/v2\/posts\/45501","targetHints":{"allow":["GET"]}}],"collection":[{"href":"https:\/\/archiviogioia.lavocedelpaese.info\/index.php?rest_route=\/wp\/v2\/posts"}],"about":[{"href":"https:\/\/archiviogioia.lavocedelpaese.info\/index.php?rest_route=\/wp\/v2\/types\/post"}],"author":[{"embeddable":true,"href":"https:\/\/archiviogioia.lavocedelpaese.info\/index.php?rest_route=\/wp\/v2\/users\/1"}],"replies":[{"embeddable":true,"href":"https:\/\/archiviogioia.lavocedelpaese.info\/index.php?rest_route=%2Fwp%2Fv2%2Fcomments&post=45501"}],"version-history":[{"count":0,"href":"https:\/\/archiviogioia.lavocedelpaese.info\/index.php?rest_route=\/wp\/v2\/posts\/45501\/revisions"}],"wp:attachment":[{"href":"https:\/\/archiviogioia.lavocedelpaese.info\/index.php?rest_route=%2Fwp%2Fv2%2Fmedia&parent=45501"}],"wp:term":[{"taxonomy":"category","embeddable":true,"href":"https:\/\/archiviogioia.lavocedelpaese.info\/index.php?rest_route=%2Fwp%2Fv2%2Fcategories&post=45501"},{"taxonomy":"post_tag","embeddable":true,"href":"https:\/\/archiviogioia.lavocedelpaese.info\/index.php?rest_route=%2Fwp%2Fv2%2Ftags&post=45501"}],"curies":[{"name":"wp","href":"https:\/\/api.w.org\/{rel}","templated":true}]}}