{"id":45517,"date":"2014-05-08T10:13:50","date_gmt":"2014-05-08T10:13:50","guid":{"rendered":"https:\/\/archiviogioia.lavocedelpaese.info\/?p=45517"},"modified":"2014-05-08T10:13:50","modified_gmt":"2014-05-08T10:13:50","slug":"la-voce-del-paese-vi-invita-gratis-alla-cenerentola","status":"publish","type":"post","link":"https:\/\/archiviogioia.lavocedelpaese.info\/?p=45517","title":{"rendered":"LA VOCE DEL PAESE VI INVITA GRATIS ALLA CENERENTOLA"},"content":{"rendered":"<p><img loading=\"lazy\" decoding=\"async\" style=\"display: block; margin-left: auto; margin-right: auto;\" src=\"https:\/\/farm8.staticflickr.com\/7363\/13951050717_62351d1725_n.jpg\" alt=\"cenerentola\" width=\"320\" height=\"240\" \/><\/p>\n<p><!--more--><\/p>\n<p style=\"text-align: center;\"><strong>Solo per voi, lettori di Gioianet &#8211; Polignanoweb (La Voce del Paese)<\/strong><\/p>\n<p style=\"text-align: center;\"><strong>biglietti in omaggio (per l&#8217;appuntamento del 13 maggio 2014) fino a esaurimento posti<\/strong><\/p>\n<p style=\"text-align: center;\">Per info, contattare il seguente indirizzo email:&nbsp;<a href=\"mailto:operalcinema@gmail.com\" target=\"_blank\" rel=\"noopener\">operalcinema@gmail.com<\/a><\/p>\n<p style=\"text-align: center;\">indicando nome, cognome e cinema di riferimento.<\/p>\n<p style=\"text-align: center;\">&nbsp;<\/p>\n<p style=\"text-align: justify;\">&nbsp;<\/p>\n<p style=\"margin: 0cm 28.3pt 0.0001pt 1cm; font-size: 11pt; font-family: Calibri, sans-serif; color: #222222; line-height: normal; text-align: center;\" align=\"center\"><strong><span style=\"font-size: 13pt; font-family: Tahoma, sans-serif; color: #c00000;\">IL TRIONFO DELLA BONT\u00c0 GIUNGE DIRETTAMENTE DAL METROPOLITAN OPERA DI NEW YORK NEI CINEMA DI GIOIA DEL COLLE E POLIGNANO A MARE<\/span><\/strong><\/p>\n<p style=\"margin: 0cm 28.3pt 0.0001pt 1cm; font-size: 11pt; font-family: Calibri, sans-serif; color: #222222; line-height: normal; text-align: center;\" align=\"center\"><strong><span style=\"font-size: 13pt; font-family: Tahoma, sans-serif; color: #c00000;\">&nbsp;<\/span><\/strong><\/p>\n<p style=\"margin: 0cm 28.3pt 0.0001pt 1cm; font-size: 11pt; font-family: Calibri, sans-serif; color: #222222; line-height: normal; text-align: justify;\"><i><span style=\"font-family: Tahoma, sans-serif;\">La Cenerentola di Gioacchino Rossini, interpretata per la prima volta al Metropolitan Opera di New York dalla potente voce del mezzo-soprano Joyce Di<span style=\"color: #1f497d;\">&nbsp;Donato, approda al Seven Cineplex di Gioia del Colle e al Multisala Vignola di Polignano a Mare il prossimo&nbsp;<strong>marted\u00ec 13 maggio, alle ore 19:30<\/strong>, Live in HD.<\/span><\/span><\/i><\/p>\n<p style=\"margin: 0cm 28.3pt 0.0001pt 1cm; font-size: 11pt; font-family: Calibri, sans-serif; color: #222222; line-height: normal; text-align: justify;\"><i><span style=\"font-family: Tahoma, sans-serif;\">&nbsp;<\/span><\/i><\/p>\n<p style=\"margin: 0cm 28.3pt 0.0001pt 1cm; font-size: 11pt; font-family: Calibri, sans-serif; color: #222222; line-height: normal; text-align: justify;\"><span style=\"font-family: Tahoma, sans-serif;\">Definita dal New Yorker \u201cforse la pi\u00f9 potente voce femminile della sua generazione\u201d, Joyce DiDonato veste, per la prima volta sul palco del prestigioso Metropolitan Opera, i panni della dolce Angelina, ruolo gi\u00e0 interpretato dal mezzo-soprano nei teatri di Londra, Monaco e Vienna.<\/span><\/p>\n<p style=\"margin: 0cm 28.3pt 0.0001pt 1cm; font-size: 11pt; font-family: Calibri, sans-serif; color: #222222; line-height: normal; text-align: justify;\"><span style=\"font-family: Tahoma, sans-serif;\">&nbsp;<\/span><\/p>\n<p style=\"margin: 0cm 28.3pt 0.0001pt 1cm; font-size: 11pt; font-family: Calibri, sans-serif; color: #222222; line-height: normal; text-align: justify;\"><span style=\"font-family: Tahoma, sans-serif;\">La buona e graziosa Angelina, detta Cenerentola, \u00e8 costretta dalle sorellastre, Clorinda e Tisbe, e dal patrigno, Don Magnifico, barone di Mountflagon, ai pi\u00f9 faticosi e umili lavori domestici. Nel paese giunge notizia che il principe Don Ramiro \u00e8 deciso a prender moglie e sceglier\u00e0 la sua sposa durante una festa a corte: Don Magnifico e le sue perfide figlie sono gongolanti all&#8217;idea di potersi imparentare con un principe, ma i loro piani saranno dolcemente smantellati dal fascino di un\u2019incantevole e \u2018sconosciuta\u2019 dama presente al ballo che rapir\u00e0 cuore e pensieri del principe Ramiro.<\/span><\/p>\n<p style=\"margin: 0cm 28.3pt 0.0001pt 1cm; font-size: 11pt; font-family: Calibri, sans-serif; color: #222222; line-height: normal; text-align: justify;\"><span style=\"font-family: Tahoma, sans-serif;\">&nbsp;<\/span><\/p>\n<p style=\"margin: 0cm 28.3pt 0.0001pt 1cm; font-size: 11pt; font-family: Calibri, sans-serif; color: #222222; line-height: normal; text-align: justify;\"><span style=\"font-family: Tahoma, sans-serif;\">La direzione d\u2019orchestra \u00e8 affidata al \u2018Principal Conductor\u2019 del Metropolitan Opera di New York, Fabio Luisi, per la regia di Cesare Lievi e la scenografia di Maurizio Bal\u00f2.<\/span><\/p>\n<p style=\"margin: 0cm 1cm 0.0001pt; font-size: 11pt; font-family: Calibri, sans-serif; color: #222222; line-height: normal; text-align: justify;\"><span style=\"font-family: Tahoma, sans-serif;\">Nel cast accanto a Joyce DiDonato, Juan Diego Fl\u00f3rez interpreta il principe Ramiro, mentre l\u2019arcigno patrigno ha la voce di Alessandro Corbelli, Luca Pisaroni \u00e8 Alidoro e Pietro Spagnoli interpreta il fedele Dandini.<\/span><\/p>\n<p style=\"margin: 0cm 0cm 0.0001pt 1cm; font-size: 11pt; font-family: Calibri, sans-serif; color: #222222; line-height: normal;\"><strong><span style=\"font-family: Tahoma, sans-serif;\">&nbsp;<\/span><\/strong><\/p>\n<p style=\"margin: 0cm 28.3pt 0.0001pt 1cm; font-size: 11pt; font-family: Calibri, sans-serif; color: #222222; line-height: normal; text-align: justify;\"><span style=\"font-family: Tahoma, sans-serif;\">Si conclude, pertanto, con il Trionfo della Bont\u00e0 la rassegna cinematografica dell\u2019Opera in diretta di Microcinema, che anche per la stagione 2013-2014 ha ottenuto il notevole e sempre crescente consenso del pubblico portando nelle sale cinematografiche italiane dieci acclamatissime Opere Liriche dai pi\u00f9 prestigiosi teatri lirici del mondo.<\/span><\/p>\n<p style=\"margin: 0cm 28.3pt 0.0001pt 1cm; font-size: 11pt; font-family: Calibri, sans-serif; color: #222222; line-height: normal; text-align: justify;\"><strong><span style=\"font-family: Tahoma, sans-serif;\">&nbsp;<\/span><\/strong><\/p>\n<p style=\"margin: 0cm 28.3pt 0.0001pt 1cm; font-size: 11pt; font-family: Calibri, sans-serif; color: #222222; line-height: normal; text-align: justify;\"><strong><span style=\"font-family: Tahoma, sans-serif;\">LA CENERENTOLA<\/span><\/strong><\/p>\n<p style=\"margin: 0cm 28.3pt 0.0001pt 1cm; font-size: 11pt; font-family: Calibri, sans-serif; color: #222222; line-height: normal; text-align: justify;\"><strong><span style=\"font-family: Tahoma, sans-serif;\">di Gioacchino Rossini<\/span><\/strong><\/p>\n<p style=\"margin: 0cm 28.3pt 0.0001pt 1cm; font-size: 11pt; font-family: Calibri, sans-serif; color: #222222; line-height: normal; text-align: justify;\"><strong><span style=\"font-family: Tahoma, sans-serif;\">&nbsp;<\/span><\/strong><\/p>\n<p style=\"margin: 0cm 28.3pt 0.0001pt 1cm; font-size: 11pt; font-family: Calibri, sans-serif; color: #222222; line-height: normal; text-align: justify;\"><strong><span style=\"font-family: Tahoma, sans-serif;\">&nbsp;<\/span><\/strong><\/p>\n<p style=\"margin: 0cm 28.3pt 0.0001pt 1cm; font-size: 11pt; font-family: Calibri, sans-serif; color: #222222; line-height: normal; text-align: justify;\"><strong><span style=\"font-family: Tahoma, sans-serif;\">Opera in due atti<\/span><\/strong><span style=\"font-family: Tahoma, sans-serif;\">, Cantata in italiano,<strong>&nbsp;dal Metropolitan Opera di New York<\/strong><\/span><\/p>\n<p style=\"margin: 0cm 28.3pt 0.0001pt 1cm; font-size: 11pt; font-family: Calibri, sans-serif; color: #222222; line-height: normal; text-align: justify;\"><strong><span style=\"font-family: Tahoma, sans-serif;\">Durata:&nbsp;<\/span><\/strong><span style=\"font-family: Tahoma, sans-serif;\">3 ore e 40 minuti<\/span><\/p>\n<p style=\"margin: 0cm 28.3pt 0.0001pt 1cm; font-size: 11pt; font-family: Calibri, sans-serif; color: #222222; line-height: normal; text-align: justify;\"><strong><span style=\"font-family: Tahoma, sans-serif;\">Direttore:&nbsp;<\/span><\/strong><span style=\"font-family: Tahoma, sans-serif;\">Fabio Luisi;<\/span><\/p>\n<p style=\"margin: 0cm 28.3pt 0.0001pt 1cm; font-size: 11pt; font-family: Calibri, sans-serif; color: #222222; line-height: normal; text-align: justify;\"><strong><span style=\"font-family: Tahoma, sans-serif;\">Regia:&nbsp;<\/span><\/strong><span style=\"font-family: Tahoma, sans-serif;\">Cesare Lievi;<\/span><\/p>\n<p style=\"margin: 0cm 28.3pt 0.0001pt 1cm; font-size: 11pt; font-family: Calibri, sans-serif; color: #222222; line-height: normal; text-align: justify;\"><strong><span style=\"font-family: Tahoma, sans-serif;\">Scenografia:&nbsp;<\/span><\/strong><span style=\"font-family: Tahoma, sans-serif;\">Maurizio Bal\u00f2;<\/span><\/p>\n<p style=\"margin: 0cm 28.3pt 0.0001pt 1cm; font-size: 11pt; font-family: Calibri, sans-serif; color: #222222; line-height: normal; text-align: justify;\"><strong><span style=\"font-family: Tahoma, sans-serif;\">Cast:&nbsp;<\/span><\/strong><span style=\"font-family: Tahoma, sans-serif;\">Joyce DiDonato, Juan Diego Fl\u00f3rez, Pietro Spagnoli.<\/span><\/p>\n<p style=\"margin: 0cm 28.3pt 0.0001pt 1cm; font-size: 11pt; font-family: Calibri, sans-serif; color: #222222; line-height: normal; text-align: justify;\"><strong><span style=\"font-family: Tahoma, sans-serif;\">Uscita:&nbsp;<\/span><\/strong><span style=\"font-family: Tahoma, sans-serif;\">13 Maggio 2014,&nbsp;<strong>h.19:30<\/strong><\/span><\/p>\n<p style=\"margin: 0cm 28.3pt 0.0001pt 1cm; font-size: 11pt; font-family: Calibri, sans-serif; color: #222222; line-height: normal; text-align: justify;\"><span style=\"font-size: 12pt; font-family: Tahoma, sans-serif;\">&nbsp;<\/span><\/p>\n<p style=\"margin: 0cm 28.3pt 0.0001pt 1cm; font-size: 11pt; font-family: Calibri, sans-serif; color: #222222; line-height: normal; text-align: justify;\"><a style=\"color: #1155cc;\" href=\"http:\/\/www.grandestagionelive.it\/\" target=\"_blank\" rel=\"noopener\"><span style=\"font-family: Tahoma, sans-serif;\">www.grandestagionelive.it<\/span><\/a><\/p>\n<p style=\"margin: 0cm 28.3pt 0.0001pt 1cm; font-size: 11pt; font-family: Calibri, sans-serif; color: #222222; line-height: normal; text-align: justify;\"><a style=\"color: #1155cc;\" href=\"http:\/\/www.microcinema.eu\/\" target=\"_blank\" rel=\"noopener\"><span style=\"font-family: Tahoma, sans-serif;\">www.microcinema.eu<\/span><\/a><\/p>\n","protected":false},"excerpt":{"rendered":"","protected":false},"author":1,"featured_media":0,"comment_status":"open","ping_status":"closed","sticky":false,"template":"","format":"standard","meta":{"colormag_page_container_layout":"default_layout","colormag_page_sidebar_layout":"default_layout","footnotes":""},"categories":[6],"tags":[],"class_list":["post-45517","post","type-post","status-publish","format-standard","hentry","category-cultura"],"_links":{"self":[{"href":"https:\/\/archiviogioia.lavocedelpaese.info\/index.php?rest_route=\/wp\/v2\/posts\/45517","targetHints":{"allow":["GET"]}}],"collection":[{"href":"https:\/\/archiviogioia.lavocedelpaese.info\/index.php?rest_route=\/wp\/v2\/posts"}],"about":[{"href":"https:\/\/archiviogioia.lavocedelpaese.info\/index.php?rest_route=\/wp\/v2\/types\/post"}],"author":[{"embeddable":true,"href":"https:\/\/archiviogioia.lavocedelpaese.info\/index.php?rest_route=\/wp\/v2\/users\/1"}],"replies":[{"embeddable":true,"href":"https:\/\/archiviogioia.lavocedelpaese.info\/index.php?rest_route=%2Fwp%2Fv2%2Fcomments&post=45517"}],"version-history":[{"count":0,"href":"https:\/\/archiviogioia.lavocedelpaese.info\/index.php?rest_route=\/wp\/v2\/posts\/45517\/revisions"}],"wp:attachment":[{"href":"https:\/\/archiviogioia.lavocedelpaese.info\/index.php?rest_route=%2Fwp%2Fv2%2Fmedia&parent=45517"}],"wp:term":[{"taxonomy":"category","embeddable":true,"href":"https:\/\/archiviogioia.lavocedelpaese.info\/index.php?rest_route=%2Fwp%2Fv2%2Fcategories&post=45517"},{"taxonomy":"post_tag","embeddable":true,"href":"https:\/\/archiviogioia.lavocedelpaese.info\/index.php?rest_route=%2Fwp%2Fv2%2Ftags&post=45517"}],"curies":[{"name":"wp","href":"https:\/\/api.w.org\/{rel}","templated":true}]}}