{"id":45604,"date":"2014-05-18T14:25:23","date_gmt":"2014-05-18T14:25:23","guid":{"rendered":"https:\/\/archiviogioia.lavocedelpaese.info\/?p=45604"},"modified":"2014-05-18T14:25:23","modified_gmt":"2014-05-18T14:25:23","slug":"concorso-pietro-argento-150-musicisti-da-23-nazioni","status":"publish","type":"post","link":"https:\/\/archiviogioia.lavocedelpaese.info\/?p=45604","title":{"rendered":"CONCORSO \u201cPIETRO ARGENTO\u201d 150 MUSICISTI DA 23 NAZIONI"},"content":{"rendered":"<p><a title=\"concorso pietro argento di LA VOCE DEL PAESE, su Flickr\" href=\"https:\/\/www.flickr.com\/photos\/91470992@N02\/14213582042\/\"><img loading=\"lazy\" decoding=\"async\" style=\"display: block; margin-left: auto; margin-right: auto;\" src=\"https:\/\/farm3.staticflickr.com\/2932\/14213582042_cbc8eb9945_n.jpg\" alt=\"concorso pietro argento\" width=\"320\" height=\"237\" \/><\/a><\/p>\n<p><!--more--><\/p>\n<p style=\"text-align: justify;\"><a title=\"concorso pietro argento di LA VOCE DEL PAESE, su Flickr\" href=\"https:\/\/www.flickr.com\/photos\/91470992@N02\/14029401187\/\"><img loading=\"lazy\" decoding=\"async\" style=\"margin: 4px; float: left;\" src=\"https:\/\/farm3.staticflickr.com\/2932\/14029401187_db404f3948_n.jpg\" alt=\"concorso pietro argento\" width=\"300\" height=\"409\" \/><\/a> \u201cConto alla rovescia per l\u2019edizione 2014 del XVII Concorso Internazionale di Musica \u201cPietro Argento\u201d, che si terr\u00e0 nel Teatro Rossini dal 28 maggio al 1\u00b0 giugno prossimi.<\/p>\n<p style=\"text-align: justify;\">La prestigiosa, accreditata e longeva competizione internazionale, ideata dall\u2019 Associazione Daniele Lobefaro in collaborazione con il Comune di Gioia del Colle, assessorato alla Cultura, porter\u00e0 a Gioia, come ogni anno, circa 150 musicisti pi\u00f9 accompagnatori, provenienti da eccelse Scuole musicali internazionali.<\/p>\n<p style=\"text-align: justify;\">Ventitr\u00e8 gli Stati rappresentati: Italia, Uzbekistan, Giappone, Austria, Argentina, Sud Corea, Polonia, Russia, Usa, Germania, Cina, Romania, Kazakhistan, Ucraina, Olanda, Bulgaria, Ungheria, Taiwan, Gran Bretagna, Azerbajan, Singapore, Lituania, Lettonia.<\/p>\n<p style=\"text-align: justify;\">La Giuria, presieduta dal Maestro Oleg Marshev (Russia) sar\u00e0 composta dai Maestri: Carmelo Andriani, Michele Benignetti, Domenico Colaianni, Michele Marvulli (Presidente onorario del Concorso Argento), Eva Prayer, Eleonora Spina, Giovanna Valente (coordinatore artistico), Andreas Weber (Germania).<\/p>\n<p style=\"text-align: justify;\">La cerimonia d\u2019apertura si terr\u00e0 mercoled\u00ec 28 maggio presso il teatro Rossini: alle ore 19 un breve incontro nel foyer, a seguire, alle ore 20,00, come di consuetudine, il concerto inaugurale dell\u2019edizione 2014, tenuto dal duo pianistico novarese Benignetti-Spina (due pianoforti), primo premio assoluto 2013.<a title=\"concorso pietro argento di LA VOCE DEL PAESE, su Flickr\" href=\"https:\/\/www.flickr.com\/photos\/91470992@N02\/14192825036\/\"><img loading=\"lazy\" decoding=\"async\" style=\"margin: 4px; float: right;\" src=\"https:\/\/farm3.staticflickr.com\/2905\/14192825036_54aafbb4d1_n.jpg\" alt=\"concorso pietro argento\" width=\"300\" height=\"527\" \/><\/a><\/p>\n<p style=\"text-align: justify;\">Le prove concorsuali, aperte al pubblico, si terranno dal 29 maggio al 1\u00b0 giugno dalle 9,00 alle 21,30. Domenica 1\u00b0 giugno alle 20.30 (questa volta \u201cpuntuali\u201d) si terr\u00e0 il Concerto di chiusura dei finalisti, in cui si esibiranno i vincitori di categoria e sezione. Nel corso della serata, saranno designati i vincitori del I premio assoluto e del premio della critica edizione 2014.<\/p>\n<p>Abbiamo chiesto a Paola Sorrentino, direttore artistico, come si riescano a mantenere livelli cos\u00ec elevati, sulla lunga durata e in tempi non facili. \u201cDipende molto dalla programmazione, dal modo di gestire e ottimizzare le risorse, ma fondamentalmente, l\u2019elemento che fa la differenza, \u00e8, senza dubbio, la professionalit\u00e0, disponibilit\u00e0, tempistica nel problem solving, supportata da un taglio di estrema seriet\u00e0 e trasparenza nella conduzione del concorso. Il Concorso Argento \u00e8 accreditato perch\u00e9 ha conquistato negli anni un posto di rilievo nel panorama internazionale dei concorsi di musica.<\/p>\n<p style=\"text-align: justify;\">Nonostante le turbolenze politiche e sociali, generatesi in Ucraina e riguardanti anche la Russia, il Concorso ha tenuto: 40 concorrenti nella Sezione di Esecuzione pianistica \u00e8 un ottimo esito considerate le modifiche attuate sui limiti d\u2019et\u00e0.<\/p>\n<p style=\"text-align: justify;\">I concerti e le prove sono aperte al pubblico.<\/p>\n<p style=\"text-align: justify;\">Tutti, grandi e piccini sono invitati a fru<a title=\"concorso pietro argento di LA VOCE DEL PAESE, su Flickr\" href=\"https:\/\/www.flickr.com\/photos\/91470992@N02\/14029316299\/\"><img loading=\"lazy\" decoding=\"async\" style=\"margin: 4px; float: left;\" src=\"https:\/\/farm6.staticflickr.com\/5592\/14029316299_5b4eeb07e9_n.jpg\" alt=\"concorso pietro argento\" width=\"400\" height=\"266\" \/><\/a>ire della Buona Musica.<\/p>\n<p style=\"text-align: justify;\">Altamente apprezzabile anche il sostegno di ditte e privati che si sono prodigati, con contributi e borse di studio, a sostenere e salvaguardare l\u2019iniziativa.<\/p>\n<p style=\"text-align: justify;\">Si ricorda che l\u2019intera manifestazione \u00e8 ad ingresso libero\u201d.<\/p>\n<p style=\"text-align: right;\" align=\"right\"><span style=\"font-family: 'Times New Roman','serif';\">(<\/span><span>&nbsp;<span>Ass. Musicale &#8220;D. LOBEFARO&#8221;<\/span><\/span><span style=\"font-family: 'Times New Roman','serif';\">)<\/span><\/p>\n<p>&nbsp;<\/p>\n","protected":false},"excerpt":{"rendered":"","protected":false},"author":1,"featured_media":0,"comment_status":"open","ping_status":"closed","sticky":false,"template":"","format":"standard","meta":{"colormag_page_container_layout":"default_layout","colormag_page_sidebar_layout":"default_layout","footnotes":""},"categories":[7],"tags":[],"class_list":["post-45604","post","type-post","status-publish","format-standard","hentry","category-attualita"],"_links":{"self":[{"href":"https:\/\/archiviogioia.lavocedelpaese.info\/index.php?rest_route=\/wp\/v2\/posts\/45604","targetHints":{"allow":["GET"]}}],"collection":[{"href":"https:\/\/archiviogioia.lavocedelpaese.info\/index.php?rest_route=\/wp\/v2\/posts"}],"about":[{"href":"https:\/\/archiviogioia.lavocedelpaese.info\/index.php?rest_route=\/wp\/v2\/types\/post"}],"author":[{"embeddable":true,"href":"https:\/\/archiviogioia.lavocedelpaese.info\/index.php?rest_route=\/wp\/v2\/users\/1"}],"replies":[{"embeddable":true,"href":"https:\/\/archiviogioia.lavocedelpaese.info\/index.php?rest_route=%2Fwp%2Fv2%2Fcomments&post=45604"}],"version-history":[{"count":0,"href":"https:\/\/archiviogioia.lavocedelpaese.info\/index.php?rest_route=\/wp\/v2\/posts\/45604\/revisions"}],"wp:attachment":[{"href":"https:\/\/archiviogioia.lavocedelpaese.info\/index.php?rest_route=%2Fwp%2Fv2%2Fmedia&parent=45604"}],"wp:term":[{"taxonomy":"category","embeddable":true,"href":"https:\/\/archiviogioia.lavocedelpaese.info\/index.php?rest_route=%2Fwp%2Fv2%2Fcategories&post=45604"},{"taxonomy":"post_tag","embeddable":true,"href":"https:\/\/archiviogioia.lavocedelpaese.info\/index.php?rest_route=%2Fwp%2Fv2%2Ftags&post=45604"}],"curies":[{"name":"wp","href":"https:\/\/api.w.org\/{rel}","templated":true}]}}