{"id":45671,"date":"2014-05-26T04:28:03","date_gmt":"2014-05-26T04:28:03","guid":{"rendered":"https:\/\/archiviogioia.lavocedelpaese.info\/?p=45671"},"modified":"2014-05-26T04:28:03","modified_gmt":"2014-05-26T04:28:03","slug":"gioia-san-filippo-ha-fatto-il-miracolo-foto","status":"publish","type":"post","link":"https:\/\/archiviogioia.lavocedelpaese.info\/?p=45671","title":{"rendered":"GIOIA. SAN FILIPPO HA FATTO IL MIRACOLO-foto"},"content":{"rendered":"<p><a title=\"acquaviva allagata5 di LA VOCE DEL PAESE, su Flickr\" href=\"https:\/\/www.flickr.com\/photos\/91470992@N02\/14084971968\/\"><img loading=\"lazy\" decoding=\"async\" style=\"display: block; margin-left: auto; margin-right: auto;\" src=\"https:\/\/farm3.staticflickr.com\/2898\/14084971968_c7464fcbfb_z.jpg\" alt=\"acquaviva allagata5\" width=\"320\" height=\"240\" \/><\/a><\/p>\n<p><!--more--><\/p>\n<p style=\"text-align: justify;\"><a title=\"acquaviva allagata3 di LA VOCE DEL PAESE, su Flickr\" href=\"https:\/\/www.flickr.com\/photos\/91470992@N02\/14271620775\/\"><img loading=\"lazy\" decoding=\"async\" style=\"margin: 4px; float: left;\" src=\"https:\/\/farm6.staticflickr.com\/5318\/14271620775_b2076b557b_n.jpg\" alt=\"acquaviva allagata3\" width=\"400\" height=\"301\" \/><\/a> <strong>Dalle ore 14 alle 16 tuoni e lampi<\/strong> e previsioni meteo con pioggia e temporali anche nel corso della serata del 25 maggio, <strong>hanno rischiato di far \u201csaltare\u201d gli eventi<\/strong> <strong>organizzati in onore del Santo Patrono<\/strong> alla vigilia della sua festa.<\/p>\n<p style=\"text-align: justify;\"><strong>Molti ambulanti hanno disertato<\/strong>, lasciando la via dei Balocchi e quella delle giostre alquanto\u2026spopolata.<\/p>\n<p style=\"text-align: justify;\">Di fatto <strong>a Gioia la si \u00e8 scampata bella<\/strong>! <strong>Una grazia del Santo<\/strong> per evitare che le bancarelle galleggiassero a mo\u2019 di canotti lungo i corsi, con tutta la mercanzia a rischio, e che le auto finissero in blocco dai meccanici?<\/p>\n<p style=\"text-align: justify;\">Nelle stesse ore, a pochi chilometri, <strong>nella vicina Acquaviva, si \u00e8 scatenato<\/strong> <strong>l\u2019inferno<\/strong> con un temporale grandine di breve intensit\u00e0 ma cos\u00ec violento da allagare la citt\u00e0.<a title=\"acquaviva allagata di LA VOCE DEL PAESE, su Flickr\" href=\"https:\/\/www.flickr.com\/photos\/91470992@N02\/14271621105\/\"><img loading=\"lazy\" decoding=\"async\" style=\"margin: 4px; float: right;\" src=\"https:\/\/farm6.staticflickr.com\/5237\/14271621105_a531e4c93b_n.jpg\" alt=\"acquaviva allagata\" width=\"350\" height=\"467\" \/><\/a><\/p>\n<p style=\"text-align: justify;\">Non che conforti che i sindaci <strong>Povia<\/strong><strong> e Carlucci<\/strong> vivano le stesse problematiche\u2026<\/p>\n<p style=\"text-align: justify;\"><strong>A Gioia quando piove con violenza<\/strong>, proprio nel tratto che porta verso Acquaviva <strong>la situazione diventa critica<\/strong> e se pi\u00f9 o meno negli ultimi tempi si \u00e8 riusciti a gestirla, lo si deve ad un\u2019altra\u2026 \u201cProtezione\u201d, quella civile che vede i volontari impegnarsi nel tener pulite le grate lungo le strade, permettendo all\u2019acqua piovana di defluire rapidamente. In passato questa \u00e8 stata una delle concause che ha portato ad allagamenti delle acque che&nbsp; tentano di raggiungere gli inghiottitoi naturali (vore) chiusi dal cemento di palazzi costruiti senza alcun rispetto &#8220;idrogeologico&#8221;.<\/p>\n<p style=\"text-align: justify;\"><strong>Per i cittadini di Acquaviva<\/strong>, impreparati di fronte a calamit\u00e0 e piogge tropicali, <strong>una domenica decisamente da dimenticare<\/strong>.<\/p>\n<p style=\"text-align: justify;\"><strong>Per oggi, 26 maggio, il meteo preannuncia un pomeriggio piovoso\u2026<\/strong> non ci resta che <strong>sperare che<\/strong> il tempo sia clemente e <strong>non ci tocchi \u201cguadare\u201d le strade<\/strong> durante la processione e imbarcare i poveri orchestrali.<\/p>\n<p>\n<object data=\"https:\/\/photos.gstatic.com\/media\/slideshow.swf\" type=\"application\/x-shockwave-flash\" width=\"640\" height=\"480\"><param name=\"flashvars\" value=\"host=picasaweb.google.com&amp;hl=it&amp;feat=flashalbum&amp;RGB=0x000000&amp;feed=https%3A%2F%2Fpicasaweb.google.com%2Fdata%2Ffeed%2Fapi%2Fuser%2F104626251937098962566%2Falbumid%2F6017599059953421729%3Falt%3Drss%26kind%3Dphoto%26hl%3Dit\" \/><param name=\"movie\" value=\"https:\/\/photos.gstatic.com\/media\/slideshow.swf\" \/><\/object><\/p>\n","protected":false},"excerpt":{"rendered":"","protected":false},"author":1,"featured_media":0,"comment_status":"open","ping_status":"closed","sticky":false,"template":"","format":"standard","meta":{"colormag_page_container_layout":"default_layout","colormag_page_sidebar_layout":"default_layout","footnotes":""},"categories":[8],"tags":[],"class_list":["post-45671","post","type-post","status-publish","format-standard","hentry","category-cronaca"],"_links":{"self":[{"href":"https:\/\/archiviogioia.lavocedelpaese.info\/index.php?rest_route=\/wp\/v2\/posts\/45671","targetHints":{"allow":["GET"]}}],"collection":[{"href":"https:\/\/archiviogioia.lavocedelpaese.info\/index.php?rest_route=\/wp\/v2\/posts"}],"about":[{"href":"https:\/\/archiviogioia.lavocedelpaese.info\/index.php?rest_route=\/wp\/v2\/types\/post"}],"author":[{"embeddable":true,"href":"https:\/\/archiviogioia.lavocedelpaese.info\/index.php?rest_route=\/wp\/v2\/users\/1"}],"replies":[{"embeddable":true,"href":"https:\/\/archiviogioia.lavocedelpaese.info\/index.php?rest_route=%2Fwp%2Fv2%2Fcomments&post=45671"}],"version-history":[{"count":0,"href":"https:\/\/archiviogioia.lavocedelpaese.info\/index.php?rest_route=\/wp\/v2\/posts\/45671\/revisions"}],"wp:attachment":[{"href":"https:\/\/archiviogioia.lavocedelpaese.info\/index.php?rest_route=%2Fwp%2Fv2%2Fmedia&parent=45671"}],"wp:term":[{"taxonomy":"category","embeddable":true,"href":"https:\/\/archiviogioia.lavocedelpaese.info\/index.php?rest_route=%2Fwp%2Fv2%2Fcategories&post=45671"},{"taxonomy":"post_tag","embeddable":true,"href":"https:\/\/archiviogioia.lavocedelpaese.info\/index.php?rest_route=%2Fwp%2Fv2%2Ftags&post=45671"}],"curies":[{"name":"wp","href":"https:\/\/api.w.org\/{rel}","templated":true}]}}