{"id":4575,"date":"2010-09-23T05:37:26","date_gmt":"2010-09-23T05:37:26","guid":{"rendered":"https:\/\/archiviogioia.lavocedelpaese.info\/?p=4575"},"modified":"2010-09-23T05:37:26","modified_gmt":"2010-09-23T05:37:26","slug":"alessio-milano-accusa-di-irregolarita-il-partito-democratico","status":"publish","type":"post","link":"https:\/\/archiviogioia.lavocedelpaese.info\/?p=4575","title":{"rendered":"ALESSIO MILANO ACCUSA DI IRREGOLARITA\u2019 IL PD GIOIESE"},"content":{"rendered":"<p><img loading=\"lazy\" decoding=\"async\" class=\" size-full wp-image-4572\" alt=\"via-roma-pp\" src=\"https:\/\/archiviogioia.lavocedelpaese.info\/wp-content\/uploads\/2010\/09\/via-roma-pp.jpg\" width=\"320\" height=\"150\" srcset=\"https:\/\/archiviogioia.lavocedelpaese.info\/wp-content\/uploads\/2010\/09\/via-roma-pp.jpg 640w, https:\/\/archiviogioia.lavocedelpaese.info\/wp-content\/uploads\/2010\/09\/via-roma-pp-300x141.jpg 300w\" sizes=\"auto, (max-width: 320px) 100vw, 320px\" \/> <\/p>\n<p><!--more--><\/p>\n<p style=\"text-align: justify;\"><strong><img loading=\"lazy\" decoding=\"async\" class=\" alignright size-full wp-image-4573\" style=\"margin: 4px; float: right;\" alt=\"simbolopart\" src=\"https:\/\/archiviogioia.lavocedelpaese.info\/wp-content\/uploads\/2010\/09\/simbolopart.jpg\" width=\"125\" height=\"106\" srcset=\"https:\/\/archiviogioia.lavocedelpaese.info\/wp-content\/uploads\/2010\/09\/simbolopart.jpg 668w, https:\/\/archiviogioia.lavocedelpaese.info\/wp-content\/uploads\/2010\/09\/simbolopart-300x257.jpg 300w\" sizes=\"auto, (max-width: 125px) 100vw, 125px\" \/>Il segretario politico <\/strong>della lista civica \u201cGioia di Destra\u201d<strong>, Alessio Milano<\/strong>, <strong>che alle ultime elezioni comunali ha appoggiato il sindaco Piero Longo, e nelle cui fila \u00e8 stato eletto consigliere comun<\/strong><strong><img loading=\"lazy\" decoding=\"async\" class=\" alignleft size-full wp-image-4574\" style=\"margin: 4px; float: left;\" alt=\"60068_159575414053923_100000043952207_501724_2913191_n\" src=\"https:\/\/archiviogioia.lavocedelpaese.info\/wp-content\/uploads\/2010\/09\/60068_159575414053923_100000043952207_501724_2913191_n.jpg\" width=\"303\" height=\"434\" srcset=\"https:\/\/archiviogioia.lavocedelpaese.info\/wp-content\/uploads\/2010\/09\/60068_159575414053923_100000043952207_501724_2913191_n.jpg 502w, https:\/\/archiviogioia.lavocedelpaese.info\/wp-content\/uploads\/2010\/09\/60068_159575414053923_100000043952207_501724_2913191_n-209x300.jpg 209w\" sizes=\"auto, (max-width: 303px) 100vw, 303px\" \/><\/strong><strong>ale Vincenzo Lamanna<\/strong>, ha inviato in redazione una mail, con la richiesta di \u201cpubblicazione integrale\u201d, in cui <strong>addita il Partito Democratico, e il suo segretario, Enzo Cuscito, per presunte irregolarit\u00e0 commesse nel corso dell\u2019ultima Festa<\/strong> organizzata dalla locale sezione del PD.<\/p>\n<div style=\"text-align: justify;\"><\/div>\n<p style=\"text-align: justify;\"><strong>Irregolarit\u00e0 da lui stesso rilevate e denunciate alle autorit\u00e0 comunali competenti<\/strong>. <strong>Una sorta di ritorsione<\/strong> nei confronti degli \u201cstessi soggetti che negli ultimi tempi si sono resi artefici \u2013 nei suoi confronti \u2013 di insinuazioni e violenti attacchi verbali e scritti degni della pi\u00f9 becera politica\u201d.<\/p>\n<p style=\"text-align: justify;\">Una ritorsione del tipo \u201c<strong>chi la fa l\u2019aspetti<\/strong>\u201d (per quanto esposto in via Roma?) che lascia stupiti, non tanto per la gravit\u00e0 delle accuse in essa contenute, quanto per la <strong>volont\u00e0 di renderle pubbliche ancor prima che sia stata accertata la fondatezza delle violazioni additate<\/strong>, sostituendosi di fatto, nel giudizio, alle stesse autorit\u00e0 competenti.<\/p>\n<div style=\"text-align: justify;\"><\/div>\n<p style=\"text-align: justify;\"><strong>Una decisione la sua, un voler calcare la mano, che sicuramente aprir\u00e0 nuovi scenari<\/strong>, su cui si spera sia <strong>fatta piena luce<\/strong>. Non solo su queste presunte violazioni e irregolarit\u00e0, eventualmente commesse dai rappresentanti del PD, ma anche su tutto ci\u00f2 che \u00e8 successo <strong>in merito all\u2019organizzazione dei numerosi mercati e mercatini<\/strong>, con o senza le stelle, <strong>su cui si \u00e8 vociferato tanto ma senza la pubblicazione tramite organi di informazione di alcuna nota politica ufficiale<\/strong>, come in questo caso.<\/p>\n<p style=\"text-align: justify;\">&#8212;&#8212;&#8212;&#8212;&#8212;&#8212;&#8212;&#8212;&#8212;&#8212;&#8212;&#8212;&#8212;&#8212;&#8212;&#8212;&#8212;&#8212;&#8212;&#8212;&#8212;&#8212;&#8212;&#8211;<\/p>\n<div style=\"text-align: justify;\"><\/div>\n<p style=\"text-align: justify;\"><strong>\u201cIL MORALIZZATORE\u201d<\/strong><\/p>\n<div style=\"text-align: justify;\"><\/div>\n<p style=\"text-align: justify;\"><strong>Nei giorni di 16, 17, 18 e 19 settembre u. s.<\/strong> la Sezione locale del Partito Democratico ha celebrato la sua festa annuale, tenutasi in via Roma.<\/p>\n<div style=\"text-align: justify;\"><\/div>\n<p style=\"text-align: justify;\"><strong>Da verifiche effettuate presso i competenti Uffici comunali<\/strong> <strong>\u00e9 emersa una serie di presunte irregolarit\u00e0<\/strong> nelle quali sarebbero incorsi gli organizzatori di tale evento. In particolare:<\/p>\n<div style=\"text-align: justify;\"><\/div>\n<p style=\"text-align: justify;\">1)\u00a0\u00a0\u00a0\u00a0\u00a0 durante i \u201cfesteggiamenti\u201d <strong>\u00e9 stata effettuata vendita al pubblico di alimenti e bevande<\/strong>, sebbene non risulti essere stata presentata la relativa  DIA Sanitaria;<\/p>\n<div style=\"text-align: justify;\"><\/div>\n<p style=\"text-align: justify;\">2)\u00a0\u00a0\u00a0\u00a0\u00a0 <strong>l&#8217;Ufficio Commercio non risulta essere stato informato circa le varie attivit\u00e0 commerciali<\/strong> che avrebbero \u201ccondito\u201d l&#8217;evento, con l&#8217;intuibile conseguenza dell&#8217;avvenuta violazione della normativa regolamentare che disciplina la graduatoria dei partecipanti e l&#8217;assegnazione dei relativi posteggi;<\/p>\n<div style=\"text-align: justify;\"><\/div>\n<p style=\"text-align: justify;\">3)\u00a0\u00a0\u00a0\u00a0\u00a0 alla manifestazione <strong>hanno partecipato<\/strong>, peraltro, diversi <strong>esercizi commerciali ambulanti<\/strong> <strong>senza che alcuno di essi abbia versato la TOSAP dovu<\/strong><strong>ta<\/strong>.<\/p>\n<div style=\"text-align: justify;\"><\/div>\n<p style=\"text-align: justify;\">E&#8217; in corso di accertamento la notizia secondo la quale <strong>ad alcuni esercenti sarebbe stata <\/strong>rivolta<strong> richiesta di un contributo <\/strong>\u201cutile\u201d alla \u201cmigliore\u201d riuscita della manifestazione.<\/p>\n<div style=\"text-align: justify;\"><\/div>\n<p style=\"text-align: justify;\"><strong>Tali comportamenti<\/strong>, assunti in <strong>assoluta e gravissima violazione delle norme di legge<\/strong>, <strong>denotano l&#8217;arroganza di soggetti che, evidentemente, PREDICANO BENE E RAZZOLANO MALE!<\/strong> Gli stessi soggetti, guarda caso, che negli ultimi tempi<strong> si sono resi artefici<\/strong> nei confronti del sottoscritto <strong>di insinuazioni e violenti attacchi verbali e scritti degni della pi\u00f9 becera politica<\/strong>.<\/p>\n<div style=\"text-align: justify;\"><\/div>\n<p style=\"text-align: justify;\"><strong>Ovviamente quanto sopra \u00e9 ampiamente dimostrabile con documentazione fotografica<\/strong> che allego alla presente e mantengo <strong>a disposizione delle Autorit\u00e0 competenti<\/strong>.<\/p>\n<div style=\"text-align: justify;\"><\/div>\n<p style=\"text-align: justify;\"><strong>Gli Organi comunali sono gi\u00e0 stati formalmente invitati ad accertare quanto accaduto e ad assumere le iniziative conseguenziali<\/strong>.<\/p>\n<div style=\"text-align: justify;\"><\/div>\n<p style=\"text-align: justify;\"><strong>P. S. Auguro lunga vita politica al neo Segretario <\/strong>del <strong>PD<\/strong> locale<strong> <\/strong>Prof.<strong> Enzo Cuscito<\/strong>, auto proclamatosi paladino della giustizia e della legalit\u00e0, ma <strong>incapace <\/strong>persino<strong> di organizzare una semplice festa di partito<\/strong>. Di questo passo <strong>il PD che egli rappresenta \u00e9 destinato a raggiungere percentuali di consensi da \u201cprefisso telefonico\u201d<\/strong> e in occasione della prossima festa di partito la \u201clarga\u201d base potr\u00e0 riunirsi in una cabina telefonica di Piazza Plebiscito.<\/p>\n<div style=\"text-align: justify;\"><\/div>\n<p style=\"text-align: justify;\"><strong>Con preghiera di pubblicazione integrale.<\/strong><\/p>\n<div style=\"text-align: justify;\"><\/div>\n<p style=\"text-align: justify;\"><strong>Alessio Milano<\/strong> &#8211; Segretario Politico Gioia di Destra (<a href=\"http:\/\/gioiadidestra.oneminutesite.it\/index.html\">http:\/\/gioiadidestra.oneminutesite.it\/index.html<\/a>)<\/p>\n","protected":false},"excerpt":{"rendered":"","protected":false},"author":1,"featured_media":4572,"comment_status":"open","ping_status":"closed","sticky":false,"template":"","format":"standard","meta":{"colormag_page_container_layout":"default_layout","colormag_page_sidebar_layout":"default_layout","footnotes":""},"categories":[4],"tags":[],"class_list":["post-4575","post","type-post","status-publish","format-standard","has-post-thumbnail","hentry","category-politica"],"_links":{"self":[{"href":"https:\/\/archiviogioia.lavocedelpaese.info\/index.php?rest_route=\/wp\/v2\/posts\/4575","targetHints":{"allow":["GET"]}}],"collection":[{"href":"https:\/\/archiviogioia.lavocedelpaese.info\/index.php?rest_route=\/wp\/v2\/posts"}],"about":[{"href":"https:\/\/archiviogioia.lavocedelpaese.info\/index.php?rest_route=\/wp\/v2\/types\/post"}],"author":[{"embeddable":true,"href":"https:\/\/archiviogioia.lavocedelpaese.info\/index.php?rest_route=\/wp\/v2\/users\/1"}],"replies":[{"embeddable":true,"href":"https:\/\/archiviogioia.lavocedelpaese.info\/index.php?rest_route=%2Fwp%2Fv2%2Fcomments&post=4575"}],"version-history":[{"count":0,"href":"https:\/\/archiviogioia.lavocedelpaese.info\/index.php?rest_route=\/wp\/v2\/posts\/4575\/revisions"}],"wp:featuredmedia":[{"embeddable":true,"href":"https:\/\/archiviogioia.lavocedelpaese.info\/index.php?rest_route=\/wp\/v2\/media\/4572"}],"wp:attachment":[{"href":"https:\/\/archiviogioia.lavocedelpaese.info\/index.php?rest_route=%2Fwp%2Fv2%2Fmedia&parent=4575"}],"wp:term":[{"taxonomy":"category","embeddable":true,"href":"https:\/\/archiviogioia.lavocedelpaese.info\/index.php?rest_route=%2Fwp%2Fv2%2Fcategories&post=4575"},{"taxonomy":"post_tag","embeddable":true,"href":"https:\/\/archiviogioia.lavocedelpaese.info\/index.php?rest_route=%2Fwp%2Fv2%2Ftags&post=4575"}],"curies":[{"name":"wp","href":"https:\/\/api.w.org\/{rel}","templated":true}]}}