{"id":45804,"date":"2014-06-11T23:34:28","date_gmt":"2014-06-11T23:34:28","guid":{"rendered":"https:\/\/archiviogioia.lavocedelpaese.info\/?p=45804"},"modified":"2014-06-11T23:34:28","modified_gmt":"2014-06-11T23:34:28","slug":"ivc-scuola-mazzini-alla-corte-di-federico-ii-foto-2","status":"publish","type":"post","link":"https:\/\/archiviogioia.lavocedelpaese.info\/?p=45804","title":{"rendered":"IVC SCUOLA MAZZINI \u201cALLA CORTE DI FEDERICO II\u201d-foto"},"content":{"rendered":"<p><a title=\"corte-federico-II di LA VOCE DEL PAESE, su Flickr\" href=\"https:\/\/www.flickr.com\/photos\/91470992@N02\/14400841064\/\"><img loading=\"lazy\" decoding=\"async\" style=\"display: block; margin-left: auto; margin-right: auto;\" src=\"https:\/\/farm6.staticflickr.com\/5539\/14400841064_4c1a5bd7d5_z.jpg\" alt=\"corte-federico-II\" width=\"320\" height=\"240\" \/><\/a><\/p>\n<p><!--more--><\/p>\n<p style=\"text-align: justify;\"><a title=\"corte federico II3 di LA VOCE DEL PAESE, su Flickr\" href=\"https:\/\/www.flickr.com\/photos\/91470992@N02\/14215320830\/\"><img loading=\"lazy\" decoding=\"async\" style=\"margin: 4px; float: left;\" src=\"https:\/\/farm4.staticflickr.com\/3867\/14215320830_0861f14781_n.jpg\" alt=\"corte federico II3\" width=\"400\" height=\"268\" \/><\/a> \u201cIl giorno 22 maggio nell\u2019Aula Magna della <strong>Scuola Primaria Mazzini<\/strong> gli alunni della <strong>classe IVC<\/strong> hanno svolto la <strong>rappresentazione finale del Progetto: Alla corte di Federico II di Svevia<\/strong>. Quest\u2019anno il Piano dell\u2019offerta formativa aveva come linee guida la storia del nostro paese e la cultura del territorio. Quale rievocazione migliore della corte di Federico II per conoscere le nostre origini storiche e imparare gli aspetti culturali, innovativi che hanno reso l\u2019imperatore Federico II e la sua corte cos\u00ec famosa e importante in tutto il mondo.<\/p>\n<p style=\"text-align: justify;\">Gioia del Colle, citt\u00e0 federiciana perch\u00e9?<\/p>\n<p style=\"text-align: justify;\">Questa \u00e8 l\u2019anima del progetto. Il nostro paese ha avuto l\u2019onore di essere scelto dall\u2019imperatore Federico II per la bellezza del paesaggio e la sua posizione strategica. E\u2019 nel nostro castello che ha vissuto il suo pi\u00f9 grande amore <strong>Bianca Lancia<\/strong>. Dobbiamo essere orgogliosi di questo legame storico indissolubile, una ricchezza inestimabile\u2026<a title=\"corte federico II6 di LA VOCE DEL PAESE, su Flickr\" href=\"https:\/\/www.flickr.com\/photos\/91470992@N02\/14215298478\/\"><img loading=\"lazy\" decoding=\"async\" style=\"margin: 4px; float: right;\" src=\"https:\/\/farm4.staticflickr.com\/3879\/14215298478_7a7822da22_n.jpg\" alt=\"corte federico II6\" width=\"400\" height=\"300\" \/><\/a><\/p>\n<p style=\"text-align: justify;\">Federico II ha anticipato tutti i tempi, nella cultura, nella politica, nelle arti. Lui stupor mundi e Puer Apuliae. I bambini hanno raccontato la sua storia e hanno riproposto lo splendore della sua corte per far s\u00ec che l\u2019imperatore Federico II e l\u2019amore per il nostro territorio siano sempre vivi in noi. Perfettamente padroni e autonomi sulla scena nella recitazione e nel cambio dei personaggi, frutto di un\u2019esperienza teatrale avviata sin dal primo anno di scuola primaria.<\/p>\n<p style=\"text-align: justify;\">Un ringraziamento particolare al <strong>preside Dott. Antonio Pavone<\/strong> e alla vice preside <strong>Patrizia Savino<\/strong> per aver sostenuto la realizzazione del progetto, ai genitori, alla preside Dott.ssa <strong>Dina Montebello<\/strong> intervenuta apprezzando l\u2019importante lavoro svolto e ricordando l\u2019impegno storico che la Scuola Mazzini ha da sempre profuso nella realizzazione di iniziative storico-culturali\u201d.<\/p>\n<p style=\"text-align: right;\" align=\"right\"><strong>Ins. Maril\u00f9 Losito<\/strong><\/p>\n<h4 style=\"text-align: center;\"><strong>Il Progetto raccontato dai bambini<\/strong><\/h4>\n<p style=\"text-align: justify;\">La maestra ha deciso di fare una recita che pa<a title=\"corte federico II5 di LA VOCE DEL PAESE, su Flickr\" href=\"https:\/\/www.flickr.com\/photos\/91470992@N02\/14215477417\/\"><img loading=\"lazy\" decoding=\"async\" style=\"margin: 4px; float: left;\" src=\"https:\/\/farm4.staticflickr.com\/3891\/14215477417_a9cd48574c_n.jpg\" alt=\"corte federico II5\" width=\"400\" height=\"533\" \/><\/a>rla di Federico II e delle sue origini. La recita riprende balli medioevali, combattimenti e decisioni di Federico II di Svevia e della sua bellissima corte.<\/p>\n<p style=\"text-align: justify;\">Appena entrati nell\u2019Aula Magna, gioved\u00ec 22 Maggio alle 17.00, eravamo tutti emozionati. La maestra ha iniziato con l\u2019introduzione.<\/p>\n<p style=\"text-align: justify;\">I primi attori hanno recitato il ruolo della madre e del padre di Federico II; sono iniziati i racconti delle conquiste reali ed infine la rappresentazione del parto della madre Costanza, quindi la nascita di Federico II.<\/p>\n<p style=\"text-align: justify;\">Si narra che Federico II abbia incontrato un falco dopo la morte della madre, il quale lo ha incoraggiato a tornare alla corte ed a riconquistare il suo Regno. Cos\u00ec accade e Federico II ed il falco diventano fidati amici.<\/p>\n<p style=\"text-align: justify;\">Federico II rimandava sempre l\u2019impegno che il Papa gli aveva affidato. Infatti, riconquist\u00f2 i regni che erano di suo padre e parl\u00f2 pacificamente con il sultano d\u2019Egitto. Per questo evento \u00e8 stato considerato il primo esempio ani-razzista.<\/p>\n<p style=\"text-align: justify;\">Verso il termine della recita, Federico II ed i suoi figli, grandi poeti siciliani, declamano diverse poesie rivolte a Bianca. La recita si conclude con un ballo in stile medioevale.<\/p>\n<p style=\"text-align: justify;\">A conclusione del tutto \u00e8 intervenuto il Preside dimostrando un\u2019infinita soddisfazione ed apprezzamento per il nostro lavoro.<\/p>\n<h4 style=\"text-align: center;\"><strong>Alla corte di Federico II di Svevia. Testo narrativo<\/strong><\/h4>\n<p style=\"text-align: justify;\">Ieri 22 maggio abbiamo fatto la recita: \u201cAlla corte di Federico II di Svevia\u201d. Alle ore 16:30 siamo andati a scuola prima dei genitori per gli ultimi preparativi.<a title=\"corte federico II4 di LA VOCE DEL PAESE, su Flickr\" href=\"https:\/\/www.flickr.com\/photos\/91470992@N02\/14215477647\/\"><img loading=\"lazy\" decoding=\"async\" style=\"margin: 4px; float: right;\" src=\"https:\/\/farm6.staticflickr.com\/5471\/14215477647_b823a70c4f_n.jpg\" alt=\"corte federico II4\" width=\"400\" height=\"300\" \/><\/a><\/p>\n<p style=\"text-align: justify;\">Arrivate le ore 17:00 abbiamo iniziato la recita entrando a coppie danzando. La recita \u00e8 iniziata dalle origini di Federico. Costanza la mamma di Federico ed Enrico VI il pap\u00e0 erano molto tristi perch\u00e9 non potevano avere figli, ma un giorno Costanza si accorse di essere incinta. Enrico per\u00f2 dovette partire per cacciare l\u2019usurpatore Tancredi che si era proclamato re di Sicilia.<\/p>\n<p style=\"text-align: justify;\">Sconfitto Tancredi, Enrico chiam\u00f2 Costanza per l\u2019incoronazione, ma pur essendo incinta Costanza part\u00ec e partor\u00ec a Jesi un paesino in provincia di Ancona.<\/p>\n<p style=\"text-align: justify;\">Costanza per proteggere Federico II dal freddo decise di lasciarlo nelle mani della duchessa e del duca di Ursligen. Finita la cerimonia di incoronazione Costanza rimase a Palermo mentre Enrico and\u00f2 in Germania.<\/p>\n<p style=\"text-align: justify;\">Passati tre anni Enrico mor\u00ec e Costanza <a title=\"corte federico II2 di LA VOCE DEL PAESE, su Flickr\" href=\"https:\/\/www.flickr.com\/photos\/91470992@N02\/14215264929\/\"><img loading=\"lazy\" decoding=\"async\" style=\"margin: 4px; float: left;\" src=\"https:\/\/farm3.staticflickr.com\/2912\/14215264929_77ba50b187_n.jpg\" alt=\"corte federico II2\" width=\"400\" height=\"268\" \/><\/a>cap\u00ec che Federico era in grave pericolo perch\u00e9 poteva essere ucciso dai suoi nemici. Cos\u00ec Costanza ordin\u00f2 ai duca di Ursligen di accompagnare Federico a Palermo e appena arrivato fu incoronato re di Germania, Sicilia e Puglia.<\/p>\n<p style=\"text-align: justify;\">Costanza dopo poco tempo si accorse che Federico aveva paura del buio e per aiutarlo a superare questa paura gli spieg\u00f2 che doveva essere coraggioso. Dopo un anno Costanza mor\u00ec e Federico venne affidato al papa Innocenzo III.<\/p>\n<p style=\"text-align: justify;\">A quindici anni Federico spos\u00f2 Costanza D\u2019Aragona, dopo di lei Iolanda di Brienne e dopo ancora Isabella d\u2019Inghilterra. L\u2019ultima sposa di Federico fu Bianca Lancia che proponeva indovinelli in cambio della sua mano.<\/p>\n<p style=\"text-align: justify;\"><span>Alla fine dopo le poesie in \u201cItaliano volgare\u201d abbiamo fatto un ballo \u201cla Quadriglia Medievale\u201d.&nbsp;<\/span><\/p>\n<p>\n<object data=\"https:\/\/photos.gstatic.com\/media\/slideshow.swf\" type=\"application\/x-shockwave-flash\" width=\"640\" height=\"480\"><param name=\"flashvars\" value=\"host=picasaweb.google.com&amp;hl=it&amp;feat=flashalbum&amp;RGB=0x000000&amp;feed=https%3A%2F%2Fpicasaweb.google.com%2Fdata%2Ffeed%2Fapi%2Fuser%2F104626251937098962566%2Falbumid%2F6023827443496537393%3Falt%3Drss%26kind%3Dphoto%26hl%3Dit\" \/><param name=\"movie\" value=\"https:\/\/photos.gstatic.com\/media\/slideshow.swf\" \/><\/object><\/p>\n","protected":false},"excerpt":{"rendered":"","protected":false},"author":1,"featured_media":0,"comment_status":"open","ping_status":"closed","sticky":false,"template":"","format":"standard","meta":{"colormag_page_container_layout":"default_layout","colormag_page_sidebar_layout":"default_layout","footnotes":""},"categories":[7],"tags":[],"class_list":["post-45804","post","type-post","status-publish","format-standard","hentry","category-attualita"],"_links":{"self":[{"href":"https:\/\/archiviogioia.lavocedelpaese.info\/index.php?rest_route=\/wp\/v2\/posts\/45804","targetHints":{"allow":["GET"]}}],"collection":[{"href":"https:\/\/archiviogioia.lavocedelpaese.info\/index.php?rest_route=\/wp\/v2\/posts"}],"about":[{"href":"https:\/\/archiviogioia.lavocedelpaese.info\/index.php?rest_route=\/wp\/v2\/types\/post"}],"author":[{"embeddable":true,"href":"https:\/\/archiviogioia.lavocedelpaese.info\/index.php?rest_route=\/wp\/v2\/users\/1"}],"replies":[{"embeddable":true,"href":"https:\/\/archiviogioia.lavocedelpaese.info\/index.php?rest_route=%2Fwp%2Fv2%2Fcomments&post=45804"}],"version-history":[{"count":0,"href":"https:\/\/archiviogioia.lavocedelpaese.info\/index.php?rest_route=\/wp\/v2\/posts\/45804\/revisions"}],"wp:attachment":[{"href":"https:\/\/archiviogioia.lavocedelpaese.info\/index.php?rest_route=%2Fwp%2Fv2%2Fmedia&parent=45804"}],"wp:term":[{"taxonomy":"category","embeddable":true,"href":"https:\/\/archiviogioia.lavocedelpaese.info\/index.php?rest_route=%2Fwp%2Fv2%2Fcategories&post=45804"},{"taxonomy":"post_tag","embeddable":true,"href":"https:\/\/archiviogioia.lavocedelpaese.info\/index.php?rest_route=%2Fwp%2Fv2%2Ftags&post=45804"}],"curies":[{"name":"wp","href":"https:\/\/api.w.org\/{rel}","templated":true}]}}