{"id":45842,"date":"2014-06-15T06:43:52","date_gmt":"2014-06-15T06:43:52","guid":{"rendered":"https:\/\/archiviogioia.lavocedelpaese.info\/?p=45842"},"modified":"2014-06-15T06:43:52","modified_gmt":"2014-06-15T06:43:52","slug":"un-successo-per-lantenato-di-teatralmente-gioia-foto-2","status":"publish","type":"post","link":"https:\/\/archiviogioia.lavocedelpaese.info\/?p=45842","title":{"rendered":"UN SUCCESSO PER \u201cL\u2019ANTENATO\u201d DI TEATRALMENTE GIOIA-foto"},"content":{"rendered":"<p><a title=\"l'antenato di LA VOCE DEL PAESE, su Flickr\" href=\"https:\/\/www.flickr.com\/photos\/91470992@N02\/14402896656\/\"><img loading=\"lazy\" decoding=\"async\" style=\"display: block; margin-left: auto; margin-right: auto;\" src=\"https:\/\/farm3.staticflickr.com\/2937\/14402896656_135a921885_n.jpg\" alt=\"l'antenato\" width=\"320\" height=\"240\" \/><\/a><\/p>\n<p><!--more--><\/p>\n<p style=\"text-align: justify;\"><a title=\"l'antenato teatralmente gioia di LA VOCE DEL PAESE, su Flickr\" href=\"https:\/\/www.flickr.com\/photos\/91470992@N02\/14426183835\/\"><img loading=\"lazy\" decoding=\"async\" style=\"margin: 4px; float: left;\" src=\"https:\/\/farm6.staticflickr.com\/5112\/14426183835_34686bcf04_n.jpg\" alt=\"l'antenato teatralmente gioia\" width=\"400\" height=\"266\" \/><\/a> <strong><span>\u201cTeatralmente Gioia\u201d continua a divertire<\/span><\/strong><span> e divertirsi con attori perfettamente a proprio agio nella veste \u201camatoriale\u201d, pur potendo \u201cdar punti\u201d a chi di teatro e nel teatro vive.<\/span><\/p>\n<p style=\"text-align: justify;\"><strong><span>Ne \u00e8 conferma l\u2019ultima rappresentazione<\/span><\/strong><span> portata in scena il 21 maggio nel Festival \u201cI love teatro\u201d, \u201c<strong>L\u2019antenato<\/strong>\u201d di Carlo Veneziani, una commedia brillante e scorrevole tranne che negli impegnativi cambi di scena.<\/span><\/p>\n<p style=\"text-align: justify;\"><span>Il sipario si \u00e8 aperto dopo la bella esibizione musicale nel foyer del Rossini, a cura di <strong>Angelica Mastromarino<\/strong> e del suo pap\u00e0.<\/span><\/p>\n<p style=\"text-align: justify;\"><span>La regia sempre pi\u00f9 sicura di <strong>Giustina Lozito<\/strong>, negli ultimi anni da supplente assurta al ruolo di \u201ctitolare\u201d, con il supporto della trentennale esperienza di <strong>Augusto Angelillo<\/strong>, \u00e8 stata perfetta. Attori nella parte e ben caratterizzati, incluso Augusto nelle vesti di <strong>Ascanio<\/strong>, un maggiordomo particolarmente \u201cdignitoso\u201d soprattutto nel momento<\/span><span> in cui si licenzia e resta in brache e camicia. La trama scritta negli anni \u201930 da Veneziani &#8211; commediografo e sceneggiatore tarantino che nel 1925 dest\u00f2 scalpor<\/span><a title=\"l'antenato di LA VOCE DEL PAESE, su Flickr\" href=\"https:\/\/www.flickr.com\/photos\/91470992@N02\/14426034675\/\"><img loading=\"lazy\" decoding=\"async\" style=\"margin: 4px; float: right;\" src=\"https:\/\/farm6.staticflickr.com\/5514\/14426034675_8af4c0fec4_n.jpg\" alt=\"l'antenato\" width=\"400\" height=\"300\" \/><\/a><span>e portando in scena Paola Borboni in abiti succinti -, si rivela fresca e coinvolgente. <\/span><\/p>\n<p style=\"text-align: justify;\"><span>Ante \u00e8 un cavaliere templare vittima del suo focoso temperamento. Una strega nell\u2019anno Mille lo bacia<\/span><span> e per incanto resta imprigionato per i successivi 300 anni dietro una porta di ferro del suo maniero. Ad ogni risveglio trova un suo discendente in difficolt\u00e0, privo di eredi ed \u00e8 solo grazie al suo fascino e al suo amoroso impegno che la dinastia proseguir\u00e0 nei secoli. <\/span><\/p>\n<p style=\"text-align: justify;\"><span>\u201c\u00c8 mio fato salvar li miei progeniti!\u201d declama <strong>Antonio Surico<\/strong>, brillante nelle vesti del redivivo barone incuriosito e anche un po\u2019 spaventato dai moderni e strani aggeggi che lo circondano, un personaggio non solo credibile ma assolutamente esilarante.<\/span><\/p>\n<p style=\"text-align: justify;\"><span>Il sipario si apre sul castello dei Montespanto \u201cscenografato\u201d da <strong>Rossella Signorile<\/strong> e custodito da un impeccabile e assolutamente perfetto <strong>Domenico Giannelli<\/strong> (Egidio), accompagnato dall\u2019impertinente e precoce nipotina Fanny (<strong>Angela Depalma<\/strong>).<\/span><\/p>\n<p style=\"text-align: justify;\"><span>Guiscardo (<strong>Vincenzo Donvito<\/strong>), ingegnere pieno di debiti ed ultimo rampollo della dinastia, incontra il suo antenato mentre \u00e8 in trattative per la vendita del castello.<\/span><a title=\"l'antenato di LA VOCE DEL PAESE, su Flickr\" href=\"https:\/\/www.flickr.com\/photos\/91470992@N02\/14426024225\/\"><img loading=\"lazy\" decoding=\"async\" style=\"margin: 4px; float: left;\" src=\"https:\/\/farm6.staticflickr.com\/5233\/14426024225_d594e1732d_n.jpg\" alt=\"l'antenato\" width=\"400\" height=\"266\" \/><\/a><\/p>\n<p style=\"text-align: justify;\"><span>L\u2019altezzosa signora Leuci (<strong>Elisabetta Addabbo<\/strong>), accompagnata da sua figlia Vannetta (<strong>Marica Girardi<\/strong>), \u00e8 interessata all\u2019acquisto. Ad ostacolare i suoi piani ci pensa Germana (<strong>Angela Panessa<\/strong>), ricca amante di Guiscardo, che non vuole proprio rinunciare a trasferirsi nel castello dopo aver abbandonato suo marito, il cavalier Berganti (<strong>Marco Addati<\/strong>).<\/span><\/p>\n<p style=\"text-align: justify;\"><span>Ante nel tentativo di aiutare il s<\/span><span>uo pronipote strappa le cambiali di Samuele Ganga (<strong>Marco Stoppini<\/strong>), seduce Germana e non resiste al fascino di Vannetta che con il suo bacio lo condanna ad attendere altri 300 anni per tornare a \u201csalvare\u201d la sua progenie.<\/span><\/p>\n<p style=\"text-align: justify;\"><span>La commedia ricca di battute e colpi di scena, diverte e coinvolge il pubblico, in paziente attesa nei cambi di scena che hanno visto l\u2019esercito dei tecnici della compagnia (<\/span><strong>Mattia Leonardo Angelillo, Luca Pavone, Salvatore Ladiana, Pietro Giorgio, Davide Angelillo, Giuseppe Marazia, Ilaria Antonicelli<\/strong>) all\u2019opera, un\u2019impresa che non ha risparmiato i direttori di scena <strong>Rosaria Ventura<\/strong> e <strong>Antonella Angelillo<\/strong>, i grafici <strong>Vera Dada e Federica Antonicelli<\/strong> e gli stessi attori. Pi\u00f9 \u201camatoriali\u201d e bravi di cos\u00ec! [Foto di <strong>Pietro Giorgio<\/strong>]<\/p>\n<p>\n<object data=\"https:\/\/photos.gstatic.com\/media\/slideshow.swf\" type=\"application\/x-shockwave-flash\" width=\"640\" height=\"480\" pluginspage=\"http:\/\/www.macromedia.com\/go\/getflashplayer\"><param name=\"flashvars\" value=\"host=picasaweb.google.com&amp;hl=it&amp;feat=flashalbum&amp;RGB=0x000000&amp;feed=https%3A%2F%2Fpicasaweb.google.com%2Fdata%2Ffeed%2Fapi%2Fuser%2F104626251937098962566%2Falbumid%2F6025102015305056209%3Falt%3Drss%26kind%3Dphoto%26hl%3Dit\" \/><param name=\"movie\" value=\"https:\/\/photos.gstatic.com\/media\/slideshow.swf\" \/><\/object><\/p>\n","protected":false},"excerpt":{"rendered":"","protected":false},"author":1,"featured_media":0,"comment_status":"open","ping_status":"closed","sticky":false,"template":"","format":"standard","meta":{"colormag_page_container_layout":"default_layout","colormag_page_sidebar_layout":"default_layout","footnotes":""},"categories":[7],"tags":[],"class_list":["post-45842","post","type-post","status-publish","format-standard","hentry","category-attualita"],"_links":{"self":[{"href":"https:\/\/archiviogioia.lavocedelpaese.info\/index.php?rest_route=\/wp\/v2\/posts\/45842","targetHints":{"allow":["GET"]}}],"collection":[{"href":"https:\/\/archiviogioia.lavocedelpaese.info\/index.php?rest_route=\/wp\/v2\/posts"}],"about":[{"href":"https:\/\/archiviogioia.lavocedelpaese.info\/index.php?rest_route=\/wp\/v2\/types\/post"}],"author":[{"embeddable":true,"href":"https:\/\/archiviogioia.lavocedelpaese.info\/index.php?rest_route=\/wp\/v2\/users\/1"}],"replies":[{"embeddable":true,"href":"https:\/\/archiviogioia.lavocedelpaese.info\/index.php?rest_route=%2Fwp%2Fv2%2Fcomments&post=45842"}],"version-history":[{"count":0,"href":"https:\/\/archiviogioia.lavocedelpaese.info\/index.php?rest_route=\/wp\/v2\/posts\/45842\/revisions"}],"wp:attachment":[{"href":"https:\/\/archiviogioia.lavocedelpaese.info\/index.php?rest_route=%2Fwp%2Fv2%2Fmedia&parent=45842"}],"wp:term":[{"taxonomy":"category","embeddable":true,"href":"https:\/\/archiviogioia.lavocedelpaese.info\/index.php?rest_route=%2Fwp%2Fv2%2Fcategories&post=45842"},{"taxonomy":"post_tag","embeddable":true,"href":"https:\/\/archiviogioia.lavocedelpaese.info\/index.php?rest_route=%2Fwp%2Fv2%2Ftags&post=45842"}],"curies":[{"name":"wp","href":"https:\/\/api.w.org\/{rel}","templated":true}]}}