{"id":4592,"date":"2010-09-24T06:22:20","date_gmt":"2010-09-24T06:22:20","guid":{"rendered":"https:\/\/archiviogioia.lavocedelpaese.info\/?p=4592"},"modified":"2010-09-24T06:22:20","modified_gmt":"2010-09-24T06:22:20","slug":"il-flamenco-approda-al-rossini-con-marc-aurelio","status":"publish","type":"post","link":"https:\/\/archiviogioia.lavocedelpaese.info\/?p=4592","title":{"rendered":"IL FLAMENCO APPRODA AL ROSSINI CON MARC AURELIO"},"content":{"rendered":"<p><img loading=\"lazy\" decoding=\"async\" class=\" size-full wp-image-4585\" alt=\"angela-e-gianni-rosini-mar\" src=\"https:\/\/archiviogioia.lavocedelpaese.info\/wp-content\/uploads\/2010\/09\/angela-e-gianni-rosini-mar.jpg\" width=\"320\" height=\"150\" srcset=\"https:\/\/archiviogioia.lavocedelpaese.info\/wp-content\/uploads\/2010\/09\/angela-e-gianni-rosini-mar.jpg 320w, https:\/\/archiviogioia.lavocedelpaese.info\/wp-content\/uploads\/2010\/09\/angela-e-gianni-rosini-mar-300x141.jpg 300w\" sizes=\"auto, (max-width: 320px) 100vw, 320px\" \/> <\/p>\n<p><!--more--><\/p>\n<p style=\"text-align: justify;\"><strong><img loading=\"lazy\" decoding=\"async\" class=\" alignleft size-full wp-image-4586\" style=\"margin: 4px; float: left;\" alt=\"marc_aurelio5\" src=\"https:\/\/archiviogioia.lavocedelpaese.info\/wp-content\/uploads\/2010\/09\/marc_aurelio5.jpg\" width=\"134\" height=\"201\" srcset=\"https:\/\/archiviogioia.lavocedelpaese.info\/wp-content\/uploads\/2010\/09\/marc_aurelio5.jpg 402w, https:\/\/archiviogioia.lavocedelpaese.info\/wp-content\/uploads\/2010\/09\/marc_aurelio5-200x300.jpg 200w\" sizes=\"auto, (max-width: 134px) 100vw, 134px\" \/>Approdano nel nostro paese la cultura e le tradizioni musicali spagnole. Marc Aurelio Gouin<\/strong>, <strong>attore e ballerino di fama internazionale<\/strong>, nella serata di gioved\u00ec 23 settembre, <strong>calca il palco del<\/strong> teatro comunale <strong>Rossini<\/strong> <strong><img loading=\"lazy\" decoding=\"async\" class=\" alignright size-full wp-image-4587\" style=\"margin: 4px; float: right;\" alt=\"angela-rosini-danza-ventre\" src=\"https:\/\/archiviogioia.lavocedelpaese.info\/wp-content\/uploads\/2010\/09\/angela-rosini-danza-ventre.jpg\" width=\"120\" height=\"213\" srcset=\"https:\/\/archiviogioia.lavocedelpaese.info\/wp-content\/uploads\/2010\/09\/angela-rosini-danza-ventre.jpg 200w, https:\/\/archiviogioia.lavocedelpaese.info\/wp-content\/uploads\/2010\/09\/angela-rosini-danza-ventre-169x300.jpg 169w\" sizes=\"auto, (max-width: 120px) 100vw, 120px\" \/><\/strong>con mirabile tecnica e piena padronanza del proprio corpo, <strong>esibendosi nella disciplina di cui egli \u00e8 maestro: il flamenco<\/strong>.<\/p>\n<div style=\"text-align: justify;\"><strong>La serata inaugura l\u2019apertura dell\u2019associazione Benessere Naturale, di Angela Rosini<\/strong>, presso la quale il danzatore spagnolo \u00e8 docente di flamenco. Ugualmente degni di nota la stessa Angela Rosini, <strong>insegnante di danza orientale<\/strong>, oltre che di danza <strong>classica<\/strong>, e <strong>Leandro<\/strong>, <strong>maestro di Hip Hop<\/strong>.<\/div>\n<p style=\"text-align: justify;\"><strong>L\u2019associazione nasce sotto la direzione artistica <\/strong>di <strong>Angela Ros<\/strong><strong><img loading=\"lazy\" decoding=\"async\" class=\" alignleft size-full wp-image-4588\" style=\"margin: 4px; float: left;\" alt=\"marc_aurelio4\" src=\"https:\/\/archiviogioia.lavocedelpaese.info\/wp-content\/uploads\/2010\/09\/marc_aurelio4.jpg\" width=\"134\" height=\"200\" srcset=\"https:\/\/archiviogioia.lavocedelpaese.info\/wp-content\/uploads\/2010\/09\/marc_aurelio4.jpg 402w, https:\/\/archiviogioia.lavocedelpaese.info\/wp-content\/uploads\/2010\/09\/marc_aurelio4-200x300.jpg 200w\" sizes=\"auto, (max-width: 134px) 100vw, 134px\" \/><\/strong><strong>ini<\/strong>, coadiuvata nella direzione artistica della &#8220;modern jazz&#8221; da <strong>Andr\u00e8 De La Roche<\/strong>, del &#8220;flamenco&#8221; con <strong>Marc Aurelio<\/strong>, insuperabili ballerini e coreografi, e con la collaborazione di <strong>Marilena De Letteriis<\/strong> (Formazione Discipline Danze Medio Orientali).<strong><img loading=\"lazy\" decoding=\"async\" class=\" alignright size-full wp-image-4589\" style=\"margin: 4px; float: right;\" alt=\"angela-rosini-alla-sbarra\" src=\"https:\/\/archiviogioia.lavocedelpaese.info\/wp-content\/uploads\/2010\/09\/angela-rosini-alla-sbarra.jpg\" width=\"140\" height=\"164\" \/><\/strong><\/p>\n<p style=\"text-align: justify;\"><strong>La serata<\/strong> di gioved\u00ec \u00e8 s\u00ec pensata come occasione per inaugurare nel migliore dei modi l\u2019apertura del centro, ma <strong>diventa anche un momento per aprirsi, la<\/strong><strong>sci<\/strong><strong>andosi guidare da quel connubio perfetto che da sempre esiste tra la musica e il ba<\/strong><strong>llo, a culture altre, differenti dalla nostra<\/strong>. Quella medio &#8211; orientale, ad esempio, <strong>portata in scena con grazia e sensualit\u00e0 da<\/strong> Angela Rosini, che prima si esibisce sola e pi\u00f9 tardi accompagnata da una sua valida allieva, <strong>Angela Antonicelli<\/strong>. <strong>Entrambe rendono, con il movimento sinuoso e ondulatorio <img loading=\"lazy\" decoding=\"async\" class=\" alignleft size-full wp-image-4590\" style=\"margin: 4px; float: left;\" alt=\"andr_de_la_roche\" src=\"https:\/\/archiviogioia.lavocedelpaese.info\/wp-content\/uploads\/2010\/09\/andr_de_la_roche.jpg\" width=\"134\" height=\"209\" \/>dei propri <\/strong><strong>corpi, il fascin<\/strong><strong>o misterioso di <img loading=\"lazy\" decoding=\"async\" class=\" alignright size-full wp-image-4591\" style=\"margin: 4px; float: right;\" alt=\"gianni-rosini\" src=\"https:\/\/archiviogioia.lavocedelpaese.info\/wp-content\/uploads\/2010\/09\/gianni-rosini.jpg\" width=\"138\" height=\"188\" \/>questa danza, di questa cultura<\/strong>.<\/p>\n<p style=\"text-align: justify;\"><strong>Energica e decisa l\u2019esibizione di Marc Aurelio che<\/strong>, con grande maestria e forza interpretativa, <strong>porta la cultura spagnola a vivere sul palco<\/strong> attraverso la danza, con tutto il fervore e la dinamicit\u00e0 che da sempre la distinguono. Dietro questo danzatore professionista di cela <strong>un cantante al<\/strong><strong>trettanto degno di lode, che affianca un emozionatissimo Gianni Rosini nell\u2019esibizione al pianoforte<\/strong>, accompagnandolo con la voce.<\/p>\n<p style=\"text-align: justify;\"><strong>A loro, per concludere la serata, si unisce, infine, Angela Rosini, cui si devonol\u2019organizzazione e la cura dell\u2019evento<\/strong>, opportunit\u00e0 di presentazione al pubblico dell\u2019associazione Benessere Naturale ma, soprattutto, rivelazione della competenza degli artisti che ne fanno parte.<\/p>\n<p><object data=\"http:\/\/www.facebook.com\/v\/1322871320154\" type=\"application\/x-shockwave-flash\" height=\"300\" width=\"500\"><param name=\"allowfullscreen\" value=\"true\" \/><param name=\"allowscriptaccess\" value=\"always\" \/><param name=\"src\" value=\"http:\/\/www.facebook.com\/v\/1322871320154\" \/><\/object><\/p>\n","protected":false},"excerpt":{"rendered":"","protected":false},"author":1,"featured_media":4585,"comment_status":"open","ping_status":"closed","sticky":false,"template":"","format":"standard","meta":{"colormag_page_container_layout":"default_layout","colormag_page_sidebar_layout":"default_layout","footnotes":""},"categories":[7],"tags":[],"class_list":["post-4592","post","type-post","status-publish","format-standard","has-post-thumbnail","hentry","category-attualita"],"_links":{"self":[{"href":"https:\/\/archiviogioia.lavocedelpaese.info\/index.php?rest_route=\/wp\/v2\/posts\/4592","targetHints":{"allow":["GET"]}}],"collection":[{"href":"https:\/\/archiviogioia.lavocedelpaese.info\/index.php?rest_route=\/wp\/v2\/posts"}],"about":[{"href":"https:\/\/archiviogioia.lavocedelpaese.info\/index.php?rest_route=\/wp\/v2\/types\/post"}],"author":[{"embeddable":true,"href":"https:\/\/archiviogioia.lavocedelpaese.info\/index.php?rest_route=\/wp\/v2\/users\/1"}],"replies":[{"embeddable":true,"href":"https:\/\/archiviogioia.lavocedelpaese.info\/index.php?rest_route=%2Fwp%2Fv2%2Fcomments&post=4592"}],"version-history":[{"count":0,"href":"https:\/\/archiviogioia.lavocedelpaese.info\/index.php?rest_route=\/wp\/v2\/posts\/4592\/revisions"}],"wp:featuredmedia":[{"embeddable":true,"href":"https:\/\/archiviogioia.lavocedelpaese.info\/index.php?rest_route=\/wp\/v2\/media\/4585"}],"wp:attachment":[{"href":"https:\/\/archiviogioia.lavocedelpaese.info\/index.php?rest_route=%2Fwp%2Fv2%2Fmedia&parent=4592"}],"wp:term":[{"taxonomy":"category","embeddable":true,"href":"https:\/\/archiviogioia.lavocedelpaese.info\/index.php?rest_route=%2Fwp%2Fv2%2Fcategories&post=4592"},{"taxonomy":"post_tag","embeddable":true,"href":"https:\/\/archiviogioia.lavocedelpaese.info\/index.php?rest_route=%2Fwp%2Fv2%2Ftags&post=4592"}],"curies":[{"name":"wp","href":"https:\/\/api.w.org\/{rel}","templated":true}]}}