{"id":4598,"date":"2010-09-24T08:30:42","date_gmt":"2010-09-24T08:30:42","guid":{"rendered":"https:\/\/archiviogioia.lavocedelpaese.info\/?p=4598"},"modified":"2010-09-24T08:30:42","modified_gmt":"2010-09-24T08:30:42","slug":"sandy-muller-quartet-apre-nuova-stagione-ueffilo-jazz","status":"publish","type":"post","link":"https:\/\/archiviogioia.lavocedelpaese.info\/?p=4598","title":{"rendered":"SANDY MULLER QUARTET APRE NUOVA STAGIONE UEFFILO JAZZ"},"content":{"rendered":"<p><img loading=\"lazy\" decoding=\"async\" class=\" size-full wp-image-4593\" alt=\"11\" src=\"https:\/\/archiviogioia.lavocedelpaese.info\/wp-content\/uploads\/2010\/09\/11.jpg\" width=\"320\" height=\"150\" srcset=\"https:\/\/archiviogioia.lavocedelpaese.info\/wp-content\/uploads\/2010\/09\/11.jpg 640w, https:\/\/archiviogioia.lavocedelpaese.info\/wp-content\/uploads\/2010\/09\/11-300x141.jpg 300w\" sizes=\"auto, (max-width: 320px) 100vw, 320px\" \/> <\/p>\n<p><!--more--><\/p>\n<p style=\"text-align: justify;\"><img loading=\"lazy\" decoding=\"async\" class=\" alignleft size-full wp-image-712\" style=\"margin: 4px; float: left;\" alt=\"ueffilo2\" src=\"https:\/\/archiviogioia.lavocedelpaese.info\/wp-content\/uploads\/2010\/03\/ueffilo2.gif\" width=\"210\" height=\"102\" \/>Al via la settima stagione del <strong>Ueffilo Jazz Club<\/strong> (Via Donato Boscia 21, Gioia del Colle), sempre in collaborazione con <strong>Jazzitalia<\/strong> e con la direzione artistica di <strong>Marco Losavio<\/strong> e <strong>Alceste Ayroldi.<\/strong><\/p>\n<p style=\"text-align: justify;\"><strong>Domenica 26 settembre<\/strong> (inizio <strong>ore 20,00<\/strong>) il prestigioso palco del cinquecentesco club gioiese vedr\u00e0 in scena il progetto musicale del <strong>Sandy Muller Quartet<\/strong> che, <strong>per la prima volta in Puglia ed in esclusiva regionale<\/strong> per il Ueffilo, presenter\u00e0 il suo nuovo album <strong>Falsa Rosa<\/strong>.<\/p>\n<div style=\"text-align: justify;\"><\/div>\n<p style=\"text-align: justify;\"><strong><img loading=\"lazy\" decoding=\"async\" class=\" alignright size-full wp-image-4594\" style=\"margin: 4px; float: right;\" alt=\"sandy-muller4\" src=\"https:\/\/archiviogioia.lavocedelpaese.info\/wp-content\/uploads\/2010\/09\/sandy-muller4.jpg\" width=\"250\" height=\"168\" srcset=\"https:\/\/archiviogioia.lavocedelpaese.info\/wp-content\/uploads\/2010\/09\/sandy-muller4.jpg 595w, https:\/\/archiviogioia.lavocedelpaese.info\/wp-content\/uploads\/2010\/09\/sandy-muller4-300x202.jpg 300w\" sizes=\"auto, (max-width: 250px) 100vw, 250px\" \/>Sandy Muller<\/strong> <strong>\u00e8 nata in Italia da genitori brasiliani, nel 1977<\/strong>. Ha respirato da sempre in famiglia le melodie, i suoni e gli stati d\u2019animo della musica popolare brasiliana. Scoperta presto una vena compositiva ed autoriale istintiva, Sandy ha cercato di seguire e proteggere il proprio feeling, senza ispirarsi a nessun autore in particolare, anche se considera <strong>Caetano Veloso il suo padre musicale<\/strong>, per la genialit\u00e0 e la continua ricerca espressiva. Sandy parla del quotidiano con semplicit\u00e0. Le sue tematiche, decisamente \u201cal femminile\u201d riflettono un gesto semplice, un silenzio, ma anche una sensazione forte e una protesta portata avanti con dignit\u00e0 e rispetto.<\/p>\n<div style=\"text-align: justify;\"><\/div>\n<p style=\"text-align: justify;\"><strong><img loading=\"lazy\" decoding=\"async\" class=\" alignleft size-full wp-image-4595\" style=\"margin: 4px; float: left;\" alt=\"5._false_rose_03\" src=\"https:\/\/archiviogioia.lavocedelpaese.info\/wp-content\/uploads\/2010\/09\/5._false_rose_03.jpg\" width=\"250\" height=\"167\" srcset=\"https:\/\/archiviogioia.lavocedelpaese.info\/wp-content\/uploads\/2010\/09\/5._false_rose_03.jpg 1024w, https:\/\/archiviogioia.lavocedelpaese.info\/wp-content\/uploads\/2010\/09\/5._false_rose_03-300x201.jpg 300w, https:\/\/archiviogioia.lavocedelpaese.info\/wp-content\/uploads\/2010\/09\/5._false_rose_03-768x514.jpg 768w\" sizes=\"auto, (max-width: 250px) 100vw, 250px\" \/>Dopo i primi due album Sandy M\u00fcller del 2005 e Linha del 2007<\/strong> (l\u2019album che conteneva il famoso brano \u201cN\u00e3o tenho pressa\u201d, presente in moltissime compilation e \u201clanciato\u201d da Radio Deejay), <strong>Falsa Rosa rappresenta il superamento della linea di confine delle sue due terre d\u2019origine: l\u2019Italia e il Brasile<\/strong>. Un superamento cercato sia con l\u2019uso in una stessa canzone delle due lingue, l\u2019italiano e il portoghese,\u00a0 sia con la proposta di brani brasiliani tradotti in italiano. La\u00a0 musica di Sandy comprende in s\u00e9 la forte matrice della Musica Popolare Brasiliana, ma anche l\u2019influenza di cantautori italiani come Lucio Dalla, Pino Daniele; di geni della musica come Stevie Wonder o di voci toccanti come quella di Billie Holiday. L\u2019album contiene, tra le altre, l\u2019hit singl<strong><img loading=\"lazy\" decoding=\"async\" class=\" alignright size-full wp-image-4596\" style=\"margin: 4px; float: right;\" alt=\"sandy-muller7\" src=\"https:\/\/archiviogioia.lavocedelpaese.info\/wp-content\/uploads\/2010\/09\/sandy-muller7.jpg\" width=\"250\" height=\"164\" srcset=\"https:\/\/archiviogioia.lavocedelpaese.info\/wp-content\/uploads\/2010\/09\/sandy-muller7.jpg 596w, https:\/\/archiviogioia.lavocedelpaese.info\/wp-content\/uploads\/2010\/09\/sandy-muller7-300x196.jpg 300w\" sizes=\"auto, (max-width: 250px) 100vw, 250px\" \/><\/strong>e Dan\u00e7a Dan\u00e7a Dancarino, eccellente rivisitazione del famoso Balla Balla Ballerino di Lucio Dalla.<\/p>\n<div style=\"text-align: justify;\"><\/div>\n<p style=\"text-align: justify;\"><strong>La Falsa Rosa \u00e8 specchio della realt\u00e0 dei fatti raccontati cos\u00ec come Sandy li vede<\/strong>. Verit\u00e0 che si specchiano e che spesso riflettono l\u2019illusione del nostro tempo. \u201cUna falsa rosa \u2013spiega Sandy- che incanta con la propria bellezza, che pu\u00f2 ferire lo stesso, nonostante le spine arrotondate, e che diffonde nell\u2019aria un profumo a volte piacevole, a volte meno, cos\u00ec com\u2019\u00e8 l\u2019odore della realt\u00e0\u201d. <strong>L\u2019album, licenziato dalla prestigiosa label Odd Times <img loading=\"lazy\" decoding=\"async\" class=\" alignleft size-full wp-image-4597\" style=\"margin: 4px; float: left;\" alt=\"mullerhigh\" src=\"https:\/\/archiviogioia.lavocedelpaese.info\/wp-content\/uploads\/2010\/09\/mullerhigh.jpg\" width=\"250\" height=\"85\" srcset=\"https:\/\/archiviogioia.lavocedelpaese.info\/wp-content\/uploads\/2010\/09\/mullerhigh.jpg 560w, https:\/\/archiviogioia.lavocedelpaese.info\/wp-content\/uploads\/2010\/09\/mullerhigh-300x102.jpg 300w\" sizes=\"auto, (max-width: 250px) 100vw, 250px\" \/>Record e distribuito dall\u2019Egea<\/strong> &#8211; prodotto artisticamente da Marcelo Costa e da Claudio Pezzotta-\u00a0 \u00e8 stato interamente registrato a Rio de Janeiro. Numerose e illustri le partecipazioni: Ivan Segreto, Jo\u00e3o Carlos Coutinho, Jaques Morelenbaum e molti altri.<\/p>\n<div style=\"text-align: justify;\"><\/div>\n<p style=\"text-align: justify;\"><strong>Con la cantante<\/strong> e autrice italo-brasiliana, sul palco del Ueffilo <strong>ci saranno<\/strong>: <strong>Claudio Pezzotta<\/strong> alle chitarre (anche produttore del lavoro discografico), <strong>Guerino Rondolone<\/strong> al basso elettrico e <strong>Alessandro Paternesi<\/strong> alla batteria.<\/p>\n<div style=\"text-align: justify;\"><\/div>\n<p style=\"text-align: justify;\"><strong>Food and Music: 20 euro.<\/strong><\/p>\n<div style=\"text-align: justify;\"><\/div>\n<p style=\"text-align: justify;\"><strong>Ueffilo<\/strong>-Cantina a Sud &#8211; <strong>Gioia del Colle<\/strong> (Ba) &#8211; via Donato Boscia 21<\/p>\n<div style=\"text-align: justify;\"><\/div>\n<p style=\"text-align: justify;\"><strong>Info<\/strong>: 327\/5950950 \u2013 080\/3430946\u00a0 &#8211;\u00a0 web: <a href=\"www.ueffilo.com\">www.ueffilo.com<\/a> &#8211; <a href=\"http:\/\/mce_host\/info@ueffilo.com\">info@ueffilo.com<\/a><\/p>\n<div style=\"text-align: justify;\"><\/div>\n<p style=\"text-align: justify;\"><strong>Alceste Ayroldi<\/strong>:<strong> Condirettore Artistico<\/strong> e Responsabile dell\u2019Ufficio Relazioni Esterne e Comunicazione Ueffilo Jazz Club 339\/2986949<\/p>\n<p><object data=\"http:\/\/www.youtube.com\/v\/MX_M4VVXibc?fs=1&amp;hl=it_IT&amp;color1=0xcc2550&amp;color2=0xe87a9f&amp;border=1\" type=\"application\/x-shockwave-flash\" height=\"525\" width=\"873\"><param name=\"allowfullscreen\" value=\"true\" \/><param name=\"allowscriptaccess\" value=\"always\" \/><param name=\"src\" value=\"http:\/\/www.youtube.com\/v\/MX_M4VVXibc?fs=1&amp;hl=it_IT&amp;color1=0xcc2550&amp;color2=0xe87a9f&amp;border=1\" \/><\/object><\/p>\n","protected":false},"excerpt":{"rendered":"","protected":false},"author":1,"featured_media":4593,"comment_status":"open","ping_status":"closed","sticky":false,"template":"","format":"standard","meta":{"colormag_page_container_layout":"default_layout","colormag_page_sidebar_layout":"default_layout","footnotes":""},"categories":[6],"tags":[],"class_list":["post-4598","post","type-post","status-publish","format-standard","has-post-thumbnail","hentry","category-cultura"],"_links":{"self":[{"href":"https:\/\/archiviogioia.lavocedelpaese.info\/index.php?rest_route=\/wp\/v2\/posts\/4598","targetHints":{"allow":["GET"]}}],"collection":[{"href":"https:\/\/archiviogioia.lavocedelpaese.info\/index.php?rest_route=\/wp\/v2\/posts"}],"about":[{"href":"https:\/\/archiviogioia.lavocedelpaese.info\/index.php?rest_route=\/wp\/v2\/types\/post"}],"author":[{"embeddable":true,"href":"https:\/\/archiviogioia.lavocedelpaese.info\/index.php?rest_route=\/wp\/v2\/users\/1"}],"replies":[{"embeddable":true,"href":"https:\/\/archiviogioia.lavocedelpaese.info\/index.php?rest_route=%2Fwp%2Fv2%2Fcomments&post=4598"}],"version-history":[{"count":0,"href":"https:\/\/archiviogioia.lavocedelpaese.info\/index.php?rest_route=\/wp\/v2\/posts\/4598\/revisions"}],"wp:featuredmedia":[{"embeddable":true,"href":"https:\/\/archiviogioia.lavocedelpaese.info\/index.php?rest_route=\/wp\/v2\/media\/4593"}],"wp:attachment":[{"href":"https:\/\/archiviogioia.lavocedelpaese.info\/index.php?rest_route=%2Fwp%2Fv2%2Fmedia&parent=4598"}],"wp:term":[{"taxonomy":"category","embeddable":true,"href":"https:\/\/archiviogioia.lavocedelpaese.info\/index.php?rest_route=%2Fwp%2Fv2%2Fcategories&post=4598"},{"taxonomy":"post_tag","embeddable":true,"href":"https:\/\/archiviogioia.lavocedelpaese.info\/index.php?rest_route=%2Fwp%2Fv2%2Ftags&post=4598"}],"curies":[{"name":"wp","href":"https:\/\/api.w.org\/{rel}","templated":true}]}}