{"id":45993,"date":"2014-07-07T15:34:07","date_gmt":"2014-07-07T15:34:07","guid":{"rendered":"https:\/\/archiviogioia.lavocedelpaese.info\/?p=45993"},"modified":"2014-07-07T15:34:07","modified_gmt":"2014-07-07T15:34:07","slug":"auto-fuori-strada-sulla-provle-gioia-acquaviva","status":"publish","type":"post","link":"https:\/\/archiviogioia.lavocedelpaese.info\/?p=45993","title":{"rendered":"AUTO FUORI STRADA SULLA PROV.LE GIOIA-ACQUAVIVA"},"content":{"rendered":"<p><a title=\"118-ambulanza-00053 di LA VOCE DEL PAESE, su Flickr\" href=\"https:\/\/www.flickr.com\/photos\/91470992@N02\/10087890493\/\"><img loading=\"lazy\" decoding=\"async\" style=\"display: block; margin-left: auto; margin-right: auto;\" src=\"https:\/\/farm4.staticflickr.com\/3823\/10087890493_51f3d46aa1_z.jpg\" alt=\"118-ambulanza-00053\" width=\"320\" height=\"240\" \/><\/a><\/p>\n<p><!--more--><\/p>\n<p style=\"text-align: justify;\"><a title=\"incidente prov. acquaviva di LA VOCE DEL PAESE, su Flickr\" href=\"https:\/\/www.flickr.com\/photos\/91470992@N02\/14597727645\/\"><img loading=\"lazy\" decoding=\"async\" style=\"margin: 4px; float: left;\" src=\"https:\/\/farm4.staticflickr.com\/3842\/14597727645_502b13f3c8_z.jpg\" alt=\"incidente prov. acquaviva\" width=\"400\" height=\"301\" \/><\/a> Intorno alle 13 di oggi, 7 luglio, <strong>sulla prov.le per Acquaviva<\/strong>, all\u2019altezza dell\u2019Heineken, <strong>una <strong>45enne<\/strong> gioiese<\/strong>, alla guida di una Punto color celeste <strong>ha perso il controllo dell\u2019autovettura<\/strong> mentre procedeva in direzione Acquaviva, per far visita a sua figlia.<\/p>\n<p style=\"text-align: justify;\"><strong>L\u2019auto <\/strong>\u00e8 uscita fuori strada e <strong>ha urtato contro una delle due colonne<\/strong> <strong>poste all\u2019ingresso del viale di una villetta<\/strong> adiacente la carreggiata. La colonna \u00e8 andata totalmente distrutta, mentre l&#8217;uto, dopo essersi ribaltata, \u00e8 tornata nuovamente in asse e si \u00e8<strong> arrestata<\/strong> <strong>contro un muretto<\/strong>.<\/p>\n<p style=\"text-align: justify;\">Nell\u2019impatto con colonna e muretto, entrambi particolarmente violenti, <strong>la donna ha urtato il capo<\/strong> <strong>riportando delle contusioni<\/strong>.<\/p>\n<p style=\"text-align: justify;\"><strong>A soccorrerla<\/strong> mentre era semisvenuta e in stato di shock, il gioiese <strong>Gianni Pellegrino<\/strong>, volontario della Protezione civile, di ritorno da Acquaviva.<\/p>\n<p style=\"text-align: justify;\">Pellegrino <strong>ha rianimato la donna bagnandole il volto e i polsi con dell\u2019acqua<\/strong>, quindi si \u00e8 accertato delle sue condizioni e le ha consigliato di non muoversi, temendo il rischio di una commozione cerebrale.<a title=\"incidente prov. acquaviva di LA VOCE DEL PAESE, su Flickr\" href=\"https:\/\/www.flickr.com\/photos\/91470992@N02\/14597072152\/\"><img loading=\"lazy\" decoding=\"async\" style=\"margin: 4px; float: right;\" src=\"https:\/\/farm4.staticflickr.com\/3843\/14597072152_4fcdd66e56_n.jpg\" alt=\"incidente prov. acquaviva\" width=\"400\" height=\"301\" \/><\/a><\/p>\n<p style=\"text-align: justify;\"><strong>In attesa dell\u2019ambulanza del 118<\/strong>, prontamente chiamata dal volontario, <strong>la donna<\/strong> ancora in stato di shock &#8211; lamentando un forte mal di testa -, <strong>ha raccontato di non ricordare la dinamica<\/strong> che l\u2019ha portata fuori strada facendo ribaltare l\u2019auto. <strong>Forse \u00e8 stata vittima di un malore<\/strong> o di un abbassamento di pressione.<\/p>\n<p style=\"text-align: justify;\"><strong>I sanitari del 118<\/strong>, dopo averla fatta sedere e aver prestato le prime cure del caso, <strong>hanno ritenuto opportuno condurla al pi\u00f9 vicino pronto soccorso<\/strong> per accertamenti.<\/p>\n<p style=\"text-align: justify;\">Sul luogo <strong>\u00e8 intervenuta una pattuglia dei carabinieri<\/strong> provenienti dal locale Comando Stazione per effettuare tutti i rilievi del caso.<\/p>\n<p>&nbsp;<\/p>\n","protected":false},"excerpt":{"rendered":"","protected":false},"author":1,"featured_media":0,"comment_status":"open","ping_status":"closed","sticky":false,"template":"","format":"standard","meta":{"colormag_page_container_layout":"default_layout","colormag_page_sidebar_layout":"default_layout","footnotes":""},"categories":[8],"tags":[],"class_list":["post-45993","post","type-post","status-publish","format-standard","hentry","category-cronaca"],"_links":{"self":[{"href":"https:\/\/archiviogioia.lavocedelpaese.info\/index.php?rest_route=\/wp\/v2\/posts\/45993","targetHints":{"allow":["GET"]}}],"collection":[{"href":"https:\/\/archiviogioia.lavocedelpaese.info\/index.php?rest_route=\/wp\/v2\/posts"}],"about":[{"href":"https:\/\/archiviogioia.lavocedelpaese.info\/index.php?rest_route=\/wp\/v2\/types\/post"}],"author":[{"embeddable":true,"href":"https:\/\/archiviogioia.lavocedelpaese.info\/index.php?rest_route=\/wp\/v2\/users\/1"}],"replies":[{"embeddable":true,"href":"https:\/\/archiviogioia.lavocedelpaese.info\/index.php?rest_route=%2Fwp%2Fv2%2Fcomments&post=45993"}],"version-history":[{"count":0,"href":"https:\/\/archiviogioia.lavocedelpaese.info\/index.php?rest_route=\/wp\/v2\/posts\/45993\/revisions"}],"wp:attachment":[{"href":"https:\/\/archiviogioia.lavocedelpaese.info\/index.php?rest_route=%2Fwp%2Fv2%2Fmedia&parent=45993"}],"wp:term":[{"taxonomy":"category","embeddable":true,"href":"https:\/\/archiviogioia.lavocedelpaese.info\/index.php?rest_route=%2Fwp%2Fv2%2Fcategories&post=45993"},{"taxonomy":"post_tag","embeddable":true,"href":"https:\/\/archiviogioia.lavocedelpaese.info\/index.php?rest_route=%2Fwp%2Fv2%2Ftags&post=45993"}],"curies":[{"name":"wp","href":"https:\/\/api.w.org\/{rel}","templated":true}]}}