{"id":46168,"date":"2014-07-28T03:07:32","date_gmt":"2014-07-28T03:07:32","guid":{"rendered":"https:\/\/archiviogioia.lavocedelpaese.info\/?p=46168"},"modified":"2014-07-28T03:07:32","modified_gmt":"2014-07-28T03:07:32","slug":"allagamenti-basta-i-cittadini-non-ne-possono-piu-foto","status":"publish","type":"post","link":"https:\/\/archiviogioia.lavocedelpaese.info\/?p=46168","title":{"rendered":"ALLAGAMENTI. BASTA. I CITTADINI NON NE POSSONO PI\u00d9-foto"},"content":{"rendered":"<p><a title=\"scantinati allagati di LA VOCE DEL PAESE, su Flickr\" href=\"https:\/\/www.flickr.com\/photos\/91470992@N02\/14574624228\/\"><img loading=\"lazy\" decoding=\"async\" style=\"display: block; margin-left: auto; margin-right: auto;\" src=\"https:\/\/farm4.staticflickr.com\/3887\/14574624228_401e80fef9_o.jpg\" alt=\"scantinati allagati\" width=\"320\" height=\"240\" \/><\/a><\/p>\n<p><!--more--><\/p>\n<p style=\"text-align: justify;\"><a title=\"allagamenti3 di LA VOCE DEL PAESE, su Flickr\" href=\"https:\/\/www.flickr.com\/photos\/91470992@N02\/14574624598\/\"><img loading=\"lazy\" decoding=\"async\" style=\"margin: 4px; float: left;\" src=\"https:\/\/farm6.staticflickr.com\/5570\/14574624598_f205ceff68_n.jpg\" alt=\"allagamenti3\" width=\"400\" height=\"225\" \/><\/a> <strong>A rischio di crollo le palazzine di via Santa Caterina<\/strong>, nei pressi della Scuola San Filippo Neri, a causa dell\u2019acqua piovana?<\/p>\n<p style=\"text-align: justify;\">Questo quanto temono le decine di famiglie dei residenti, ormai allo stremo, <strong>dopo 14 anni di continue richieste<\/strong> di intervento per risolvere il problema.<\/p>\n<p style=\"text-align: justify;\">In questa zona, un tempo adibita ad orti, <strong>confluiscono le acque provenienti da tutta la zona nord ovest del paese<\/strong>, per intenderci via Cavour, corso Vittorio Emanuele, via G. Di Vittorio, via D\u2019Annunzio,\u2026 acque a suo tempo destinate ad usi irrigui che venivano trasportate dal canale nei terreni di via Acquaviva.<\/p>\n<p style=\"text-align: justify;\">Quando furono edificati i palazzi, il costruttore fu \u201cinvitato\u201d ad effettuare una <strong>trivellazione profonda circa 200 m<\/strong> necessaria per disperdere le acque meteoriche provenienti<a title=\"scantinati allagati3 di LA VOCE DEL PAESE, su Flickr\" href=\"https:\/\/www.flickr.com\/photos\/91470992@N02\/14574561080\/\"><img loading=\"lazy\" decoding=\"async\" style=\"margin: 4px; float: right;\" src=\"https:\/\/farm4.staticflickr.com\/3909\/14574561080_5b456c2a1c_n.jpg\" alt=\"scantinati allagati3\" width=\"400\" height=\"300\" \/><\/a> dalle strade adiacenti la lottizzazione (via Cirillo, via Santa Caterina, via San Francesco D\u2019Assisi\u2026.). <strong>Una profondit\u00e0 diventata insufficiente dopo la \u201cnascita\u201d del Centro Le Torri (sede della Coop)<\/strong>, la cui costruzione determin\u00f2 il blocco, con successiva deviazione, della canalizzazione esistente necessaria per il deflusso delle acque piovane delle zone alte del paese nei terreni presenti sulla prov. per Acquaviva.<\/p>\n<p style=\"text-align: justify;\">Una deviazione che prevedeva, si d\u00e0 il caso, l\u2019utilizzo della trivellazione realizzata dal costruttore. <strong>Un\u2019opera non pi\u00f9 sufficiente per\u00f2<\/strong>, e quindi pericolosa per l\u2019intero stabile, <strong>in caso di piogge abbondanti come accaduto oggi e in altre circostanze<\/strong>. <strong>La falda<\/strong>, infatti, <strong>non riuscendo ad assorbire e disperdere<\/strong> in tempo utile <strong>la grande quantit\u00e0 di acqua<\/strong> convogliatavi per tramite di una vora artificiale realizzata nel giardino della scuola San Filippo Neri, <strong>fa salire la stessa in superficie<\/strong> allagando non solo gli scantinati e i box ma anche le fondamenta.<\/p>\n<p style=\"text-align: justify;\"><strong>E quando la pioggia \u00e8 violenta<\/strong>, come accaduto nel pomeriggio di domenica 27 luglio, <strong>nulla si pu\u00f2 fare per rimediare<\/strong>, anche le pompe di sicurezza vanno in tilt, l\u2019acqua tracima e si infiltra ovunque, compreso le fondamenta.<\/p>\n<p style=\"text-align: justify;\">\u201c<strong>Siamo stanchi<\/strong> di dover ogni volta g<a title=\"allagamenti di LA VOCE DEL PAESE, su Flickr\" href=\"https:\/\/www.flickr.com\/photos\/91470992@N02\/14574636779\/\"><img loading=\"lazy\" decoding=\"async\" style=\"margin: 4px; float: left;\" src=\"https:\/\/farm6.staticflickr.com\/5595\/14574636779_6cf0afa4cd_n.jpg\" alt=\"allagamenti\" width=\"300\" height=\"400\" \/><\/a>ettar via ci\u00f2 che avevamo custodito nei garage e ricorrere alle idrovore &#8211; <strong>dichiara uno dei residenti con tono alterato<\/strong> -, <strong>il problema \u00e8 noto al Comune<\/strong>, <strong>sono stati anche stanziati 87mila euro<\/strong> per risolverlo, questo \u00e8 quello che il sindaco Povia ci ha detto pi\u00f9 volte, <strong>ma fino ad ora restano solo promesse<\/strong>! Potrebbero trivellare in qualche altro punto, nel giardinetto della scuola o canalizzare l\u2019acqua, per esempio, ma <strong>ci prendono in giro <\/strong>ed ogni volta ci troviamo in queste condizioni. E <strong>se continua cos\u00ec<\/strong>, <strong>qualcuno l\u00ec nel palazzo si far\u00e0 male<\/strong>\u201d.<\/p>\n<p style=\"text-align: justify;\"><strong>In poco pi\u00f9 di mezz\u2019ora di pioggia intensa<\/strong>, dalle 13.30 alle 14.00, <strong>Gioia \u00e8 stata messa davvero a soqquadro<\/strong>, con allagamenti nei sottovia, nei sottopassi pedonali e ai rond\u00f2 di via Acquaviva, via Putignano, via Bari, <strong>come testimoniato dalle foto dei volontari della Protezione Civile del Gruppo Comunale<\/strong> che con i volontari <strong>di Gioia Soccorso<\/strong> hanno liberato dai detriti le grate intasate da foglie, rami, bottiglie di plastica, carte e altro, mentre la Polizia Municipale e una pattuglia dei Carabinieri bloccavano l\u2019accesso alle auto e dirottavano il traffico.<\/p>\n<p style=\"text-align: justify;\"><strong>Per i sottopassi adiacenti i passaggi a livello sia in via D\u2019Annunzio che in via Dante<\/strong>, <strong>l\u2019emergenza \u00e8 scattata per la presunta andata in corto delle pompe<\/strong> che avrebbero dovuto azionarsi per tener sgombro il passaggio, a conferma delle tante criticit\u00e0 derivanti dalla chiusura dei passaggi a livello.<\/p>\n<p style=\"text-align: justify;\">Solo grazie all\u2019intervento dei volontari anche di domenica a disposizione della comunit\u00e0, la situazione si \u00e8 risolta. <strong>Nel sottovia in via Dante, invece, il problema era pi\u00f9 serio, un\u2019auto \u00e8 rimasta bloccata <\/strong>e si \u00e8 dovuti ricorrere ad una idrovora per aspirare l\u2019acqua. <strong>E se si fosse trovata a passare un\u2019ambulanza nel bel mezzo di un soccorso<\/strong>, cosa ci riferiscono avvenuta proprio oggi, cosa sarebbe successo, oltre al fatto di non sapere che strada prendere per arrivare a destinazione?<\/p>\n<p>\n<object data=\"https:\/\/photos.gstatic.com\/media\/slideshow.swf\" type=\"application\/x-shockwave-flash\" width=\"640\" height=\"480\"><param name=\"flashvars\" value=\"host=picasaweb.google.com&amp;hl=it&amp;feat=flashalbum&amp;RGB=0x000000&amp;feed=https%3A%2F%2Fpicasaweb.google.com%2Fdata%2Ffeed%2Fapi%2Fuser%2F104626251937098962566%2Falbumid%2F6040860788989592913%3Falt%3Drss%26kind%3Dphoto%26hl%3Dit\" \/><param name=\"movie\" value=\"https:\/\/photos.gstatic.com\/media\/slideshow.swf\" \/><\/object><\/p>\n","protected":false},"excerpt":{"rendered":"","protected":false},"author":1,"featured_media":0,"comment_status":"open","ping_status":"closed","sticky":false,"template":"","format":"standard","meta":{"colormag_page_container_layout":"default_layout","colormag_page_sidebar_layout":"default_layout","footnotes":""},"categories":[8],"tags":[],"class_list":["post-46168","post","type-post","status-publish","format-standard","hentry","category-cronaca"],"_links":{"self":[{"href":"https:\/\/archiviogioia.lavocedelpaese.info\/index.php?rest_route=\/wp\/v2\/posts\/46168","targetHints":{"allow":["GET"]}}],"collection":[{"href":"https:\/\/archiviogioia.lavocedelpaese.info\/index.php?rest_route=\/wp\/v2\/posts"}],"about":[{"href":"https:\/\/archiviogioia.lavocedelpaese.info\/index.php?rest_route=\/wp\/v2\/types\/post"}],"author":[{"embeddable":true,"href":"https:\/\/archiviogioia.lavocedelpaese.info\/index.php?rest_route=\/wp\/v2\/users\/1"}],"replies":[{"embeddable":true,"href":"https:\/\/archiviogioia.lavocedelpaese.info\/index.php?rest_route=%2Fwp%2Fv2%2Fcomments&post=46168"}],"version-history":[{"count":0,"href":"https:\/\/archiviogioia.lavocedelpaese.info\/index.php?rest_route=\/wp\/v2\/posts\/46168\/revisions"}],"wp:attachment":[{"href":"https:\/\/archiviogioia.lavocedelpaese.info\/index.php?rest_route=%2Fwp%2Fv2%2Fmedia&parent=46168"}],"wp:term":[{"taxonomy":"category","embeddable":true,"href":"https:\/\/archiviogioia.lavocedelpaese.info\/index.php?rest_route=%2Fwp%2Fv2%2Fcategories&post=46168"},{"taxonomy":"post_tag","embeddable":true,"href":"https:\/\/archiviogioia.lavocedelpaese.info\/index.php?rest_route=%2Fwp%2Fv2%2Ftags&post=46168"}],"curies":[{"name":"wp","href":"https:\/\/api.w.org\/{rel}","templated":true}]}}