{"id":46173,"date":"2014-07-27T09:12:40","date_gmt":"2014-07-27T09:12:40","guid":{"rendered":"https:\/\/archiviogioia.lavocedelpaese.info\/?p=46173"},"modified":"2014-07-27T09:12:40","modified_gmt":"2014-07-27T09:12:40","slug":"irene-divella-a-30-anni-torna-a-vincere-2","status":"publish","type":"post","link":"https:\/\/archiviogioia.lavocedelpaese.info\/?p=46173","title":{"rendered":"IRENE DIVELLA, DA MAMMA, TORNA A VINCERE"},"content":{"rendered":"<p><a title=\"irene-divella di LA VOCE DEL PAESE, su Flickr\" href=\"https:\/\/www.flickr.com\/photos\/91470992@N02\/14733885936\/\"><img loading=\"lazy\" decoding=\"async\" style=\"display: block; margin-left: auto; margin-right: auto;\" src=\"https:\/\/farm6.staticflickr.com\/5568\/14733885936_0394bf2343_n.jpg\" alt=\"irene-divella\" width=\"320\" height=\"240\" \/><\/a><\/p>\n<p><!--more--><\/p>\n<p style=\"text-align: justify;\"><a title=\"irene divella di LA VOCE DEL PAESE, su Flickr\" href=\"https:\/\/www.flickr.com\/photos\/91470992@N02\/14733275076\/\"><img loading=\"lazy\" decoding=\"async\" style=\"margin: 4px; float: left;\" src=\"https:\/\/farm6.staticflickr.com\/5556\/14733275076_ee9708d6a3_n.jpg\" alt=\"irene divella\" width=\"300\" height=\"400\" \/><\/a>Per <strong>Irene Divella<\/strong> il tennis \u00e8 pi\u00f9 di uno sport, \u00e8 un viaggio iniziatico intrapreso da ragazzina per esprimere quell\u2019energia e quella <strong>voglia di vincere e di esserci<\/strong> che a volte porta a realizzare grandi sogni.<\/p>\n<p style=\"text-align: justify;\">La realt\u00e0, per\u00f2, impone altre scelte e se si ha famiglia e due splendide bimbe, <strong>anche rinunce importanti<\/strong>.<\/p>\n<p style=\"text-align: justify;\">Basta, per\u00f2, riprendere in mano la racchetta per ritornare sotto il sortilegio del tennis ed in un mese &#8211; <strong>all\u2019et\u00e0 di 30 anni<\/strong> -, <strong>tornare a vincere per ben due volte<\/strong>.<\/p>\n<p style=\"text-align: justify;\">Premiata nelle settimane scorse in quanto <strong>vincitrice<\/strong> della finale del torneo amatoriale \u201c<strong>Welcome Summer<\/strong>\u201d organizzato a Matera, a fine giugno conquista il suo primo <strong>trofeo<\/strong> \u201cda mamma\u201d nella IV edizione del torneo di tennis \u201c<strong>Primavera 2014<\/strong>\u201d nel centro sportivo don Pierino Dattoli.<\/p>\n<p style=\"text-align: justify;\"><strong>Tra novanta iscritti<\/strong> dai 6 ai 74 anni <strong>Irene<\/strong> &#8211; vincitrice assoluta &#8211; <strong>si \u00e8 distinta per grinta e determinazione<\/strong> sconfiggendo Anna Cecca.<\/p>\n<p style=\"text-align: justify;\">Ed ora allenandosi al Green Park nel tempo libero, quali altri traguardi raggiunger\u00e0? <strong>Auguri<\/strong>!<\/p>\n<p>&nbsp;<\/p>\n","protected":false},"excerpt":{"rendered":"","protected":false},"author":1,"featured_media":0,"comment_status":"open","ping_status":"closed","sticky":false,"template":"","format":"standard","meta":{"colormag_page_container_layout":"default_layout","colormag_page_sidebar_layout":"default_layout","footnotes":""},"categories":[5],"tags":[],"class_list":["post-46173","post","type-post","status-publish","format-standard","hentry","category-sport"],"_links":{"self":[{"href":"https:\/\/archiviogioia.lavocedelpaese.info\/index.php?rest_route=\/wp\/v2\/posts\/46173","targetHints":{"allow":["GET"]}}],"collection":[{"href":"https:\/\/archiviogioia.lavocedelpaese.info\/index.php?rest_route=\/wp\/v2\/posts"}],"about":[{"href":"https:\/\/archiviogioia.lavocedelpaese.info\/index.php?rest_route=\/wp\/v2\/types\/post"}],"author":[{"embeddable":true,"href":"https:\/\/archiviogioia.lavocedelpaese.info\/index.php?rest_route=\/wp\/v2\/users\/1"}],"replies":[{"embeddable":true,"href":"https:\/\/archiviogioia.lavocedelpaese.info\/index.php?rest_route=%2Fwp%2Fv2%2Fcomments&post=46173"}],"version-history":[{"count":0,"href":"https:\/\/archiviogioia.lavocedelpaese.info\/index.php?rest_route=\/wp\/v2\/posts\/46173\/revisions"}],"wp:attachment":[{"href":"https:\/\/archiviogioia.lavocedelpaese.info\/index.php?rest_route=%2Fwp%2Fv2%2Fmedia&parent=46173"}],"wp:term":[{"taxonomy":"category","embeddable":true,"href":"https:\/\/archiviogioia.lavocedelpaese.info\/index.php?rest_route=%2Fwp%2Fv2%2Fcategories&post=46173"},{"taxonomy":"post_tag","embeddable":true,"href":"https:\/\/archiviogioia.lavocedelpaese.info\/index.php?rest_route=%2Fwp%2Fv2%2Ftags&post=46173"}],"curies":[{"name":"wp","href":"https:\/\/api.w.org\/{rel}","templated":true}]}}