{"id":4625,"date":"2010-09-25T22:05:02","date_gmt":"2010-09-25T22:05:02","guid":{"rendered":"https:\/\/archiviogioia.lavocedelpaese.info\/?p=4625"},"modified":"2010-09-25T22:05:02","modified_gmt":"2010-09-25T22:05:02","slug":"casa-montecarlo-fini-attacca-feltri-e-vertici-pdl-il-video","status":"publish","type":"post","link":"https:\/\/archiviogioia.lavocedelpaese.info\/?p=4625","title":{"rendered":"CASA MONTECARLO, FINI ATTACCA FELTRI E VERTICI PDL &#8211; il video"},"content":{"rendered":"<p><img loading=\"lazy\" decoding=\"async\" class=\" size-full wp-image-4621\" alt=\"ilgiornale_fini_scajola_\" src=\"https:\/\/archiviogioia.lavocedelpaese.info\/wp-content\/uploads\/2010\/09\/ilgiornale_fini_scajola_.jpg\" width=\"320\" height=\"150\" srcset=\"https:\/\/archiviogioia.lavocedelpaese.info\/wp-content\/uploads\/2010\/09\/ilgiornale_fini_scajola_.jpg 640w, https:\/\/archiviogioia.lavocedelpaese.info\/wp-content\/uploads\/2010\/09\/ilgiornale_fini_scajola_-300x141.jpg 300w\" sizes=\"auto, (max-width: 320px) 100vw, 320px\" \/> <\/p>\n<p><!--more--><\/p>\n<p style=\"text-align: justify;\"><strong><img loading=\"lazy\" decoding=\"async\" class=\" alignleft size-full wp-image-4622\" style=\"margin: 4px; float: left;\" alt=\"casa_montecarlo\" src=\"https:\/\/archiviogioia.lavocedelpaese.info\/wp-content\/uploads\/2010\/09\/casa_montecarlo.jpg\" width=\"200\" height=\"150\" srcset=\"https:\/\/archiviogioia.lavocedelpaese.info\/wp-content\/uploads\/2010\/09\/casa_montecarlo.jpg 800w, https:\/\/archiviogioia.lavocedelpaese.info\/wp-content\/uploads\/2010\/09\/casa_montecarlo-300x225.jpg 300w, https:\/\/archiviogioia.lavocedelpaese.info\/wp-content\/uploads\/2010\/09\/casa_montecarlo-768x576.jpg 768w\" sizes=\"auto, (max-width: 200px) 100vw, 200px\" \/>Per solo dovere di cronaca pubblichiamo, in calce, il videomessaggio <\/strong>annunciato da <strong>Gianfranco Fini <\/strong>per raccontare la sua verit\u00e0 sulla vicenda della <a href=\"http:\/\/arianna.libero.it\/search\/abin\/integrata.cgi?regione=31&amp;query=casa\" target=\"_blank\" rel=\"noopener\">casa<\/a> di Montecarlo.<\/p>\n<div style=\"text-align: justify;\"><\/div>\n<p style=\"text-align: justify;\"><strong>Una mossa che ha tutto il significato del contrattacco<\/strong>, quella del presidente della Camera. Decisione difficile, la sua, presa nonostante si fosse ripromesso di intervenire solo dopo la fine delle indagini, per il montare della bufera sulla vicenda che sta assumendo ormai risvolti non pi\u00f9 solo mediatici, ma politici che rischiano addirittura di influenzare l&#8217;inchiesta.<\/p>\n<div style=\"text-align: justify;\"><\/div>\n<p style=\"text-align: justify;\"><strong><img loading=\"lazy\" decoding=\"async\" class=\" alignright size-full wp-image-4623\" style=\"margin: 4px; float: right;\" alt=\"scontro-fini-berlusconi1\" src=\"https:\/\/archiviogioia.lavocedelpaese.info\/wp-content\/uploads\/2010\/09\/scontro-fini-berlusconi1.jpg\" width=\"300\" height=\"145\" srcset=\"https:\/\/archiviogioia.lavocedelpaese.info\/wp-content\/uploads\/2010\/09\/scontro-fini-berlusconi1.jpg 550w, https:\/\/archiviogioia.lavocedelpaese.info\/wp-content\/uploads\/2010\/09\/scontro-fini-berlusconi1-300x145.jpg 300w\" sizes=\"auto, (max-width: 300px) 100vw, 300px\" \/>Mentre si attendevano le parole di Fini<\/strong>, stamattina <strong>arrivavano quelle<\/strong> del &#8220;duellante&#8221; <strong>Silvio Berluconi<\/strong>. Anche per lui si tratta di un messaggio sul web, al sito dei Promotori della Libert\u00e0, in cui il premier dice: &#8220;In questi giorni l&#8217;immagine che d\u00e0 di s\u00e8 la politica \u00e8 davvero un disastro, \u00e8 molto peggio del teatrino di sempre, del teatrino delle chiacchiere, degli insulti, delle falsit\u00e0. Meglio lasciar perdere. Fuori da questo teatrino, il nostro governo invece, il governo del fare, ha continuato a lavorare in silenzio su cose concrete, nell&#8217;interesse di tutti gli italiani&#8221;.<\/p>\n<div style=\"text-align: justify;\"><\/div>\n<p style=\"text-align: justify;\">Sempre nelle ore che precedevano la messa in onda del video, stamattina sono spuntate le <strong>dichiarazioni dell&#8217;avvocato vicentino Renato Ellero<\/strong>, ex senatore della Lega Nord, che ha detto: <strong>&#8221;La casa di Montecarlo \u00e8 di un mio <\/strong><strong><img loading=\"lazy\" decoding=\"async\" class=\" alignleft size-full wp-image-4624\" style=\"margin: 4px; float: left;\" alt=\"fini-feltri\" src=\"https:\/\/archiviogioia.lavocedelpaese.info\/wp-content\/uploads\/2010\/09\/fini-feltri.jpg\" width=\"300\" height=\"131\" srcset=\"https:\/\/archiviogioia.lavocedelpaese.info\/wp-content\/uploads\/2010\/09\/fini-feltri.jpg 430w, https:\/\/archiviogioia.lavocedelpaese.info\/wp-content\/uploads\/2010\/09\/fini-feltri-300x130.jpg 300w\" sizes=\"auto, (max-width: 300px) 100vw, 300px\" \/><\/strong><strong>cliente, e non di Giancarlo Tulliani<\/strong>&#8220;. &#8220;Non \u00e8 mio cliente l&#8217;onorevole Fini, n\u00e9 Elisabetta Tulliani, n\u00e9 il fratello Giancarlo&#8221;, ha spiegato l&#8217;avvocato Ellero, che poi ha proseguito: &#8220;Ho conosciuto il presidente della Camera quando facevo politica, ma non lo vedo da tanti anni&#8221;. &#8220;Posso dire che il mio cliente non risiede in Italia&#8221; spiega il legale, aggiungendo che si tratta di una persona abbastanza facoltosa da poter comperare &#8221;non solo l&#8217;appartamento al valore che gli viene attribuito da Libero o Il <a href=\"http:\/\/arianna.libero.it\/search\/abin\/integrata.cgi?regione=31&amp;query=Giornale\" target=\"_blank\" rel=\"noopener\">Giornale<\/a> , ma tutto il palazzo&#8221;.<\/p>\n<p style=\"text-align: justify;\">(Fonte: Libero News Magazine)<\/p>\n<div style=\"text-align: justify;\"><\/div>\n<p style=\"text-align: justify;\"><strong>IL VIDEO<\/strong><\/p>\n<p><object data=\"http:\/\/www.youtube.com\/v\/VmLQbuqA-2g?fs=1&amp;hl=it_IT&amp;color1=0xcc2550&amp;color2=0xe87a9f&amp;border=1\" type=\"application\/x-shockwave-flash\" height=\"525\" width=\"873\"><param name=\"allowfullscreen\" value=\"true\" \/><param name=\"allowscriptaccess\" value=\"always\" \/><param name=\"src\" value=\"http:\/\/www.youtube.com\/v\/VmLQbuqA-2g?fs=1&amp;hl=it_IT&amp;color1=0xcc2550&amp;color2=0xe87a9f&amp;border=1\" \/><\/object><\/p>\n","protected":false},"excerpt":{"rendered":"","protected":false},"author":1,"featured_media":4621,"comment_status":"open","ping_status":"closed","sticky":false,"template":"","format":"standard","meta":{"colormag_page_container_layout":"default_layout","colormag_page_sidebar_layout":"default_layout","footnotes":""},"categories":[4],"tags":[],"class_list":["post-4625","post","type-post","status-publish","format-standard","has-post-thumbnail","hentry","category-politica"],"_links":{"self":[{"href":"https:\/\/archiviogioia.lavocedelpaese.info\/index.php?rest_route=\/wp\/v2\/posts\/4625","targetHints":{"allow":["GET"]}}],"collection":[{"href":"https:\/\/archiviogioia.lavocedelpaese.info\/index.php?rest_route=\/wp\/v2\/posts"}],"about":[{"href":"https:\/\/archiviogioia.lavocedelpaese.info\/index.php?rest_route=\/wp\/v2\/types\/post"}],"author":[{"embeddable":true,"href":"https:\/\/archiviogioia.lavocedelpaese.info\/index.php?rest_route=\/wp\/v2\/users\/1"}],"replies":[{"embeddable":true,"href":"https:\/\/archiviogioia.lavocedelpaese.info\/index.php?rest_route=%2Fwp%2Fv2%2Fcomments&post=4625"}],"version-history":[{"count":0,"href":"https:\/\/archiviogioia.lavocedelpaese.info\/index.php?rest_route=\/wp\/v2\/posts\/4625\/revisions"}],"wp:featuredmedia":[{"embeddable":true,"href":"https:\/\/archiviogioia.lavocedelpaese.info\/index.php?rest_route=\/wp\/v2\/media\/4621"}],"wp:attachment":[{"href":"https:\/\/archiviogioia.lavocedelpaese.info\/index.php?rest_route=%2Fwp%2Fv2%2Fmedia&parent=4625"}],"wp:term":[{"taxonomy":"category","embeddable":true,"href":"https:\/\/archiviogioia.lavocedelpaese.info\/index.php?rest_route=%2Fwp%2Fv2%2Fcategories&post=4625"},{"taxonomy":"post_tag","embeddable":true,"href":"https:\/\/archiviogioia.lavocedelpaese.info\/index.php?rest_route=%2Fwp%2Fv2%2Ftags&post=4625"}],"curies":[{"name":"wp","href":"https:\/\/api.w.org\/{rel}","templated":true}]}}