{"id":46293,"date":"2014-08-10T23:35:30","date_gmt":"2014-08-10T23:35:30","guid":{"rendered":"https:\/\/archiviogioia.lavocedelpaese.info\/?p=46293"},"modified":"2014-08-10T23:35:30","modified_gmt":"2014-08-10T23:35:30","slug":"il-gruppo-sei-di-gioia-se-regala-40-buoni-da-50-2","status":"publish","type":"post","link":"https:\/\/archiviogioia.lavocedelpaese.info\/?p=46293","title":{"rendered":"IL GRUPPO \u201cSEI DI GIOIA SE\u2026\u201d REGALA 40 BUONI DA 50 \u20ac"},"content":{"rendered":"<p><a title=\"consegna-buoni-spesa-centro-di-ascolto by LA VOCE DEL PAESE, on Flickr\" href=\"https:\/\/www.flickr.com\/photos\/91470992@N02\/14693555669\"><img loading=\"lazy\" decoding=\"async\" style=\"display: block; margin-left: auto; margin-right: auto;\" src=\"https:\/\/farm4.staticflickr.com\/3902\/14693555669_364d6fe905_z.jpg\" alt=\"consegna-buoni-spesa-centro-di-ascolto\" width=\"320\" height=\"240\" \/><\/a><\/p>\n<p><!--more--><\/p>\n<p style=\"margin-bottom: 0.0001pt; text-align: justify; line-height: normal;\"><a title=\"consegna buoni spesa by LA VOCE DEL PAESE, on Flickr\" href=\"https:\/\/www.flickr.com\/photos\/91470992@N02\/14857200466\"><img loading=\"lazy\" decoding=\"async\" style=\"margin: 4px; float: left;\" src=\"https:\/\/farm4.staticflickr.com\/3853\/14857200466_a07c039824_n.jpg\" alt=\"consegna buoni spesa\" width=\"400\" height=\"300\" \/><\/a>E\u2019 il caso di dire \u201c<strong>missione compiuta<\/strong>!\u201d per il gruppo di facebook \u201c<strong>Sei di Gioia del Colle se\u2026<\/strong>\u201d che, come accennato sull\u2019ultimo numero de \u201cla voce del paese\u201d di sabato 2 agosto, dalle 18 alle 20 <strong>ha consegnato 40 buoni da 50 euro l\u2019uno<\/strong> per quaranta famiglie bisognose gioiesi presso la sede del Centro d\u2019Ascolto.<\/p>\n<p style=\"margin-bottom: 0.0001pt; text-align: justify; line-height: normal;\">Presenti tre referenti del gruppo: <strong>Angela Leo, Pasquale Lomonte e Angela Martoscia<\/strong> accompagnata dal marito <strong>Gianpaolo Resta<\/strong>, la Presidente del Centro d\u2019Ascolto <strong>Rosanna D\u2019Aprile<\/strong> ed il sottoscritto come referente de \u201cLa voce del paese\u201d oltre che membro del gruppo.<\/p>\n<p style=\"margin-bottom: 0.0001pt; text-align: justify; line-height: normal;\"><strong>Tante storie velate da un sorriso che nascondeva tanta tristezza<\/strong>, tanta sofferenza ma anche tanta rabbia contro l\u2019indifferenza ed il silenzio delle Istituzioni: la vicenda di una signora, di cui torneremo sicuramente a parlare, costretta a vivere con il compagno e il figlio a Piazza Pinto, privata di un posto dove andare a dormire, ha toccato il cuore di tutti; e come questa storia tante altre\u2026<\/p>\n<p style=\"margin-bottom: 0.0001pt; text-align: justify; line-height: normal;\">\u201c<strong>Occhi che brillano di commozione ed il cuore si riempie di gioia!<\/strong>\u201d, cos\u00ec ha commentato Angela Leo<a title=\"ciro d'angelo-filippo milano by LA VOCE DEL PAESE, on Flickr\" href=\"https:\/\/www.flickr.com\/photos\/91470992@N02\/14693615278\"><img loading=\"lazy\" decoding=\"async\" style=\"margin: 4px; float: right;\" src=\"https:\/\/farm4.staticflickr.com\/3881\/14693615278_d7525d1774_n.jpg\" alt=\"ciro d'angelo-filippo milano\" width=\"400\" height=\"300\" \/><\/a> la scena della consegna in cui tante storie hanno costretto i referenti del gruppo a trattenere lacrime di commozione, comunque soddisfatti del nobile gesto compiuto verso persone a cui \u00e8 stata donata felicit\u00e0 anche solo per un attimo: una spesa che potranno andare a fare liberamente alla Coop con il buono ricevuto, spendendolo di volta in volta o interamente entro l\u2019anno.<\/p>\n<p style=\"margin-bottom: 0.0001pt; text-align: justify; line-height: normal;\">La presidente del Centro d\u2019Ascolto ha cos\u00ec commentato il regalo di \u201cSei di Gioia del Colle se\u2026\u201d: \u201c<strong>Sento dal profondo del cuore di ringraziare il gruppo di facebook<\/strong> \u201c<strong>Sei di Gioia del Colle se\u2026<\/strong>\u201d <strong>per questa iniziativa<\/strong> sia perch\u00e9 chi si presta a questo tipo di solidariet\u00e0 sa quanto sacrificio c\u2019\u00e8 dietro, ed \u00e8 bello vedere un gruppo mettersi insieme e condividere un progetto con l\u2019obiettivo di aiutare gli altri ed infine \u00e8 un\u2019ottima iniziativa perch\u00e9 ha valorizzato quello che \u00e8 di Gioia. Quando ho avvisato le famiglie per loro \u00e8 stata una grande notizia, una manna dal cielo. Si \u00e8 data priorit\u00e0 alle famiglie con bambini, la povert\u00e0 esiste, il disagio c\u2019\u00e8 e noi come \u201cCentro d\u2019Ascolto\u201d accogliamo queste persone, le ascoltiamo e cerchiamo nel nostro piccolo di aiutarle attraverso i nostro servizi. <strong>Mi complimento ancora con l\u2019iniziativa del gruppo<\/strong>. Spero ci saranno ancora altre occasioni per collaborare ancora insieme\u201d, <strong>ha poi concluso Rosanna D\u2019Ap<\/strong>rile.<\/p>\n<p>&nbsp;<\/p>\n","protected":false},"excerpt":{"rendered":"","protected":false},"author":1,"featured_media":0,"comment_status":"open","ping_status":"closed","sticky":false,"template":"","format":"standard","meta":{"colormag_page_container_layout":"default_layout","colormag_page_sidebar_layout":"default_layout","footnotes":""},"categories":[7],"tags":[],"class_list":["post-46293","post","type-post","status-publish","format-standard","hentry","category-attualita"],"_links":{"self":[{"href":"https:\/\/archiviogioia.lavocedelpaese.info\/index.php?rest_route=\/wp\/v2\/posts\/46293","targetHints":{"allow":["GET"]}}],"collection":[{"href":"https:\/\/archiviogioia.lavocedelpaese.info\/index.php?rest_route=\/wp\/v2\/posts"}],"about":[{"href":"https:\/\/archiviogioia.lavocedelpaese.info\/index.php?rest_route=\/wp\/v2\/types\/post"}],"author":[{"embeddable":true,"href":"https:\/\/archiviogioia.lavocedelpaese.info\/index.php?rest_route=\/wp\/v2\/users\/1"}],"replies":[{"embeddable":true,"href":"https:\/\/archiviogioia.lavocedelpaese.info\/index.php?rest_route=%2Fwp%2Fv2%2Fcomments&post=46293"}],"version-history":[{"count":0,"href":"https:\/\/archiviogioia.lavocedelpaese.info\/index.php?rest_route=\/wp\/v2\/posts\/46293\/revisions"}],"wp:attachment":[{"href":"https:\/\/archiviogioia.lavocedelpaese.info\/index.php?rest_route=%2Fwp%2Fv2%2Fmedia&parent=46293"}],"wp:term":[{"taxonomy":"category","embeddable":true,"href":"https:\/\/archiviogioia.lavocedelpaese.info\/index.php?rest_route=%2Fwp%2Fv2%2Fcategories&post=46293"},{"taxonomy":"post_tag","embeddable":true,"href":"https:\/\/archiviogioia.lavocedelpaese.info\/index.php?rest_route=%2Fwp%2Fv2%2Ftags&post=46293"}],"curies":[{"name":"wp","href":"https:\/\/api.w.org\/{rel}","templated":true}]}}