{"id":46343,"date":"2014-08-17T22:49:26","date_gmt":"2014-08-17T22:49:26","guid":{"rendered":"https:\/\/archiviogioia.lavocedelpaese.info\/?p=46343"},"modified":"2014-08-17T22:49:26","modified_gmt":"2014-08-17T22:49:26","slug":"concorso-per-54-assistenti-di-base-a-tempo-pieno","status":"publish","type":"post","link":"https:\/\/archiviogioia.lavocedelpaese.info\/?p=46343","title":{"rendered":"CONCORSO PER 54 ASSISTENTI DI BASE A TEMPO PIENO"},"content":{"rendered":"<p><a title=\"concorso operatori socio sanitari by LA VOCE DEL PAESE, on Flickr\" href=\"https:\/\/www.flickr.com\/photos\/91470992@N02\/14951512822\"><img loading=\"lazy\" decoding=\"async\" style=\"display: block; margin-left: auto; margin-right: auto;\" src=\"https:\/\/farm4.staticflickr.com\/3912\/14951512822_0c91d78342_n.jpg\" alt=\"concorso operatori socio sanitari\" width=\"320\" height=\"240\" \/><\/a><\/p>\n<p><!--more--><\/p>\n<p style=\"margin-bottom: 0.0001pt; line-height: normal; text-align: justify;\"><a title=\"concorso operatori socio sanitari by LA VOCE DEL PAESE, on Flickr\" href=\"https:\/\/www.flickr.com\/photos\/91470992@N02\/14765246188\"><img loading=\"lazy\" decoding=\"async\" style=\"margin: 4px; float: left;\" src=\"https:\/\/farm6.staticflickr.com\/5575\/14765246188_aaac38fa88_n.jpg\" alt=\"concorso operatori socio sanitari\" width=\"400\" height=\"266\" \/><\/a> <strong>L\u2019Asp dei Comuni della Bassa Romagna ha indetto un concorso pubblico<\/strong> <strong>per<\/strong> esami per la copertura a tempo indeterminato di n. <strong>54 posti<\/strong> <strong>a tempo pieno di Operatore Addetto all\u2019assistenza di Base, Categoria B1<\/strong>, e per la contestuale formazione di una graduatoria per assunzioni a tempo determinato nel medesimo profilo professionale.<\/p>\n<p style=\"margin-bottom: 0.0001pt; line-height: normal; text-align: justify;\">I posti saranno distribuiti <strong>tra le varie Asp<\/strong> della convenzione:<\/p>\n<p style=\"margin-bottom: 0.0001pt; line-height: normal; text-align: justify;\">Asp dei Comuni della Bassa Romagna \u2013 <strong>Bagnacavallo<\/strong> n. 30<\/p>\n<p style=\"margin-bottom: 0.0001pt; line-height: normal; text-align: justify;\">Asp Prendersi Cura \u2013 <strong>Faenza<\/strong> n. 9<\/p>\n<p style=\"margin-bottom: 0.0001pt; line-height: normal; text-align: justify;\">Asp Solidariet\u00e0 Insieme \u2013 <strong>Castelbolognese<\/strong> n. 15<\/p>\n<p style=\"text-align: justify;\">La <strong>retribuzione<\/strong> per la categoria B1 \u00e8 di <strong>&nbsp;\u20ac 17.244,72<\/strong> per <strong>dodici mensilit\u00e0<\/strong>, inoltre si devono contare anche la quota di indennit\u00e0 di comparto e di indennit\u00e0 specifica, il rateo di tredicesima mensilit\u00e0 e le indennit\u00e0 di competenza per salario accessorio.<\/p>\n<div style=\"margin-bottom: 0.0001pt; line-height: normal; text-align: justify;\">Per accedere al concorso <strong>i candidati devono possedere<\/strong> i seguenti requisiti:<a title=\"concorso operatori socio sanitari by LA VOCE DEL PAESE, on Flickr\" href=\"https:\/\/www.flickr.com\/photos\/91470992@N02\/14948760941\"><img loading=\"lazy\" decoding=\"async\" style=\"margin: 4px; float: right;\" src=\"https:\/\/farm6.staticflickr.com\/5554\/14948760941_f56951a00d_n.jpg\" alt=\"concorso operatori socio sanitari\" width=\"400\" height=\"224\" \/><\/a><\/div>\n<div style=\"margin-bottom: 0.0001pt; line-height: normal; text-align: justify;\">\u2022 <strong>cittadinanza&nbsp;italiana<\/strong>, degli Stati membri dell\u2019Unione Europea ed extracomunitari con regolare permesso di soggiorno e con un\u2019adeguata conoscenza della lingua italiana, scritta e parlata.<\/div>\n<div style=\"margin-bottom: 0.0001pt; line-height: normal; text-align: justify;\">\u2022 <strong>maggiore et\u00e0<\/strong>;<\/div>\n<div style=\"margin-bottom: 0.0001pt; line-height: normal; text-align: justify;\">\u2022 <strong>idoneit\u00e0 psico-fisica<\/strong> alla mansione;<\/div>\n<div style=\"margin-bottom: 0.0001pt; line-height: normal; text-align: justify;\">\u2022 godimento dei <strong>diritti civili e politici<\/strong>;<\/div>\n<div style=\"margin-bottom: 0.0001pt; line-height: normal; text-align: justify;\">\u2022 essere in posizione regolare nei confronti di tale obbligo;<\/div>\n<div style=\"margin-bottom: 0.0001pt; line-height: normal; text-align: justify;\">\u2022 diploma di <strong>licenza della scuola dell\u2019obbligo<\/strong>;<\/div>\n<div style=\"margin-bottom: 0.0001pt; line-height: normal; text-align: justify;\">\u2022 <strong>attestato di qualifica professionale<\/strong> di operatore addetto all\u2019assistenza di base o qualifica di&nbsp;operatore socio sanitario.<\/div>\n<p><strong>La domanda va inoltrata entro il<\/strong> <strong>4 settembre 2014&nbsp;<\/strong>a mezzo raccomandata A\/R all\u2019indirizzo: <strong>Asp dei Comuni della Bassa Romagna<\/strong> &#8211; Via Mazzini n. 3 &#8211; 48012 \u2013 Bagnacavallo (Ra)&nbsp;<i>&#8211; <\/i>Oppure tramite casella di posta elettronica certificata dell\u2019Asp dei Comuni della bassa Romagna (PEC): <a href=\"mailto:aspbassaromagna@pec.it\" target=\"_blank\" rel=\"noopener\">aspbassaromagna@pec.it<\/a><i>. <\/i><strong>Per maggiori informazioni<\/strong> e per scaricare il bando completo visitare la pagina dell\u2019<a href=\"http:\/\/www.aspbassaromagna.it\/index.php?option=com_content&amp;view=article&amp;id=377&amp;Itemid=233\" target=\"_blank\" rel=\"noopener\">ASP di Ravenna.<\/a> <\/p>\n","protected":false},"excerpt":{"rendered":"","protected":false},"author":1,"featured_media":0,"comment_status":"open","ping_status":"closed","sticky":false,"template":"","format":"standard","meta":{"colormag_page_container_layout":"default_layout","colormag_page_sidebar_layout":"default_layout","footnotes":""},"categories":[9],"tags":[],"class_list":["post-46343","post","type-post","status-publish","format-standard","hentry","category-la-voce-del-paese"],"_links":{"self":[{"href":"https:\/\/archiviogioia.lavocedelpaese.info\/index.php?rest_route=\/wp\/v2\/posts\/46343","targetHints":{"allow":["GET"]}}],"collection":[{"href":"https:\/\/archiviogioia.lavocedelpaese.info\/index.php?rest_route=\/wp\/v2\/posts"}],"about":[{"href":"https:\/\/archiviogioia.lavocedelpaese.info\/index.php?rest_route=\/wp\/v2\/types\/post"}],"author":[{"embeddable":true,"href":"https:\/\/archiviogioia.lavocedelpaese.info\/index.php?rest_route=\/wp\/v2\/users\/1"}],"replies":[{"embeddable":true,"href":"https:\/\/archiviogioia.lavocedelpaese.info\/index.php?rest_route=%2Fwp%2Fv2%2Fcomments&post=46343"}],"version-history":[{"count":0,"href":"https:\/\/archiviogioia.lavocedelpaese.info\/index.php?rest_route=\/wp\/v2\/posts\/46343\/revisions"}],"wp:attachment":[{"href":"https:\/\/archiviogioia.lavocedelpaese.info\/index.php?rest_route=%2Fwp%2Fv2%2Fmedia&parent=46343"}],"wp:term":[{"taxonomy":"category","embeddable":true,"href":"https:\/\/archiviogioia.lavocedelpaese.info\/index.php?rest_route=%2Fwp%2Fv2%2Fcategories&post=46343"},{"taxonomy":"post_tag","embeddable":true,"href":"https:\/\/archiviogioia.lavocedelpaese.info\/index.php?rest_route=%2Fwp%2Fv2%2Ftags&post=46343"}],"curies":[{"name":"wp","href":"https:\/\/api.w.org\/{rel}","templated":true}]}}