{"id":46356,"date":"2014-08-19T02:10:39","date_gmt":"2014-08-19T02:10:39","guid":{"rendered":"https:\/\/archiviogioia.lavocedelpaese.info\/?p=46356"},"modified":"2014-08-19T02:10:39","modified_gmt":"2014-08-19T02:10:39","slug":"don-filippo-ferlita-lascia-comunita-36d-stormo","status":"publish","type":"post","link":"https:\/\/archiviogioia.lavocedelpaese.info\/?p=46356","title":{"rendered":"DON FILIPPO FERLITA LASCIA COMUNIT\u00c0 36\u00b0 STORMO"},"content":{"rendered":"<p><a title=\"comunit\u00e0 36\u00b0 stormo by LA VOCE DEL PAESE, on Flickr\" href=\"https:\/\/www.flickr.com\/photos\/91470992@N02\/14941977936\"><img loading=\"lazy\" decoding=\"async\" style=\"display: block; margin-left: auto; margin-right: auto;\" src=\"https:\/\/farm4.staticflickr.com\/3896\/14941977936_ea39377355_n.jpg\" alt=\"comunit\u00e0 36\u00b0 stormo\" width=\"320\" height=\"240\" \/><\/a><\/p>\n<p><!--more--><\/p>\n<p style=\"margin-bottom: 0.0001pt; text-align: justify; line-height: normal;\"><a title=\"beata maria vergine di loreto\" href=\"https:\/\/www.flickr.com\/photos\/91470992@N02\/27468276398\/in\/dateposted-public\/\" data-flickr-embed=\"true\"><img loading=\"lazy\" decoding=\"async\" style=\"margin: 4px; float: left;\" src=\"https:\/\/farm1.staticflickr.com\/792\/27468276398_6b16441667_z.jpg\" alt=\"beata maria vergine di loreto\" width=\"400\" height=\"300\" \/><\/a>&#8220;La nostra Comunit\u00e0 parrocchiale si appresta a vivere <strong>il<\/strong> <strong>saluto del cappellano militare Don Filippo Ferlita<\/strong> <strong>e l\u2019accoglienza del nuovo pastore Don Pasquale Didonna<\/strong>.<\/p>\n<p style=\"margin-bottom: 0.0001pt; text-align: justify; line-height: normal;\"><strong>Preghiamo<\/strong> insieme <strong>il Signore affinch\u00e9 accompagni don Filippo e don Pasquale<\/strong> nel nuovo ministero a loro affidato dal nostro Vescovo mentre <strong>ringraziamo Dio che<\/strong> nella sua bont\u00e0 e provvidenza <strong>dispone un nuovo pastore alla guida della nostra parrocchia<\/strong>.<\/p>\n<p style=\"margin-bottom: 0.0001pt; text-align: justify; line-height: normal;\"><strong>Sabato 30 agosto<\/strong> alle 19.30 <strong>Don Filippo Ferlita<\/strong> presieder\u00e0 la celebrazione eucaristica e in tale occasione <strong>saluter\u00e0 la Comunit\u00e0 del 36\u00b0 Stormo<\/strong>.<\/p>\n<p style=\"margin-bottom: 0.0001pt; text-align: justify; line-height: normal;\"><strong>Domenica 7 settembre<\/strong> alle 11.00 <strong>Don Pasquale Didonna<\/strong> presieder\u00e0 la sua prima eucarestia come <strong>nuovo cappellano militare e pastore <\/strong>della nostra Comunit\u00e0&#8221;.<\/p>\n<p style=\"margin-bottom: 0.0001pt; line-height: normal; text-align: right;\" align=\"right\">Comunit\u00e0 parrocchiale Beata Maria Vergine di Loreto &#8211; 36\u00b0 Stormo<\/p>\n<p>&nbsp;<\/p>\n","protected":false},"excerpt":{"rendered":"","protected":false},"author":1,"featured_media":0,"comment_status":"open","ping_status":"closed","sticky":false,"template":"","format":"standard","meta":{"colormag_page_container_layout":"default_layout","colormag_page_sidebar_layout":"default_layout","footnotes":""},"categories":[7],"tags":[],"class_list":["post-46356","post","type-post","status-publish","format-standard","hentry","category-attualita"],"_links":{"self":[{"href":"https:\/\/archiviogioia.lavocedelpaese.info\/index.php?rest_route=\/wp\/v2\/posts\/46356","targetHints":{"allow":["GET"]}}],"collection":[{"href":"https:\/\/archiviogioia.lavocedelpaese.info\/index.php?rest_route=\/wp\/v2\/posts"}],"about":[{"href":"https:\/\/archiviogioia.lavocedelpaese.info\/index.php?rest_route=\/wp\/v2\/types\/post"}],"author":[{"embeddable":true,"href":"https:\/\/archiviogioia.lavocedelpaese.info\/index.php?rest_route=\/wp\/v2\/users\/1"}],"replies":[{"embeddable":true,"href":"https:\/\/archiviogioia.lavocedelpaese.info\/index.php?rest_route=%2Fwp%2Fv2%2Fcomments&post=46356"}],"version-history":[{"count":0,"href":"https:\/\/archiviogioia.lavocedelpaese.info\/index.php?rest_route=\/wp\/v2\/posts\/46356\/revisions"}],"wp:attachment":[{"href":"https:\/\/archiviogioia.lavocedelpaese.info\/index.php?rest_route=%2Fwp%2Fv2%2Fmedia&parent=46356"}],"wp:term":[{"taxonomy":"category","embeddable":true,"href":"https:\/\/archiviogioia.lavocedelpaese.info\/index.php?rest_route=%2Fwp%2Fv2%2Fcategories&post=46356"},{"taxonomy":"post_tag","embeddable":true,"href":"https:\/\/archiviogioia.lavocedelpaese.info\/index.php?rest_route=%2Fwp%2Fv2%2Ftags&post=46356"}],"curies":[{"name":"wp","href":"https:\/\/api.w.org\/{rel}","templated":true}]}}