{"id":46391,"date":"2014-08-22T11:11:54","date_gmt":"2014-08-22T11:11:54","guid":{"rendered":"https:\/\/archiviogioia.lavocedelpaese.info\/?p=46391"},"modified":"2014-08-22T11:11:54","modified_gmt":"2014-08-22T11:11:54","slug":"manifestazione-contro-il-caro-tasse-prendiamo-esempio-2","status":"publish","type":"post","link":"https:\/\/archiviogioia.lavocedelpaese.info\/?p=46391","title":{"rendered":"MANIFESTAZIONE CONTRO IL CARO TASSE. PRENDIAMO ESEMPIO?"},"content":{"rendered":"<p><a title=\"forconi manifestazione tasse by LA VOCE DEL PAESE, on Flickr\" href=\"https:\/\/www.flickr.com\/photos\/91470992@N02\/14995248161\"><img loading=\"lazy\" decoding=\"async\" style=\"display: block; margin-left: auto; margin-right: auto;\" src=\"https:\/\/farm6.staticflickr.com\/5589\/14995248161_3c3fd5efcc_n.jpg\" alt=\"forconi manifestazione tasse\" width=\"320\" height=\"240\" \/><\/a><\/p>\n<p><!--more--><\/p>\n<p style=\"margin-bottom: 0.0001pt; line-height: normal; text-align: justify;\"><a title=\"forconi manifestazione tasse by LA VOCE DEL PAESE, on Flickr\" href=\"https:\/\/www.flickr.com\/photos\/91470992@N02\/14995248631\"><img loading=\"lazy\" decoding=\"async\" style=\"margin: 4px; float: left;\" src=\"https:\/\/farm6.staticflickr.com\/5573\/14995248631_63b4f18cfd_n.jpg\" alt=\"forconi manifestazione tasse\" width=\"400\" height=\"300\" \/><\/a><\/p>\n<p style=\"margin-bottom: 0.0001pt; line-height: normal; text-align: justify;\"><strong>Riceviamo e pubblichiamo<\/strong>.<\/p>\n<p style=\"margin-bottom: 0.0001pt; line-height: normal; text-align: center;\">&#8212;&#8212;&#8212;&#8212;&#8212;&#8212;&#8212;&#8212;&#8212;&#8212;&#8212;&#8211;<\/p>\n<p style=\"margin-bottom: 0.0001pt; line-height: normal; text-align: justify;\">\u201cQuesta mattina davanti alla sede del comune di Valenzano si \u00e8 svolta una <strong>manifestazione<\/strong> promossa dal movimento dei Forconi <strong>per la difesa dei diritti dei cittadini<\/strong>.<\/p>\n<p style=\"margin-bottom: 0.0001pt; line-height: normal; text-align: justify;\">La manifestazione <strong>ha visto la partecipazione di buona parte della cittadinanza<\/strong> valenzanese che, con forza, ha chiesto al sindaco degli interventi urgenti per far fronte ai gravi problemi economici che affliggono tante famiglie.<\/p>\n<p style=\"margin-bottom: 0.0001pt; line-height: normal; text-align: justify;\">In particolare \u00e8 stato richiesto al sindaco di ripristinare il contributo per i cittadini che sono in difficolt\u00e0 nel pagamento del canone di affitto per l\u2019abitazione in cui risiedono. A tale richiesta il sindaco ha risposto che quest&#8217;anno non \u00e8 stato possibile anticipare il contributo per questioni normative ed anche&nbsp;perch\u00e9 il comune non ha ancora&nbsp;ricevuto la parte del contributo d&#8217;affitto&nbsp;2013 da parte della Regione Puglia.<\/p>\n<p style=\"margin-bottom: 0.0001pt; line-height: normal; text-align: justify;\">Gianfranco Cascione in qualit\u00e0 di vice presidente dei Forconi Puglia ed in rappresentanza dei cittadini di Valenzano ha contestato il fatto che, a differenza dell&#8217;anno scorso, l&#8217;amministrazione comunale non ha voluto anticipare il contributo, forse perch\u00e9 al <a title=\"forconi manifestazione tasse by LA VOCE DEL PAESE, on Flickr\" href=\"https:\/\/www.flickr.com\/photos\/91470992@N02\/14997964212\"><img loading=\"lazy\" decoding=\"async\" style=\"margin: 4px; float: right;\" src=\"https:\/\/farm4.staticflickr.com\/3865\/14997964212_7c947b4a9e_n.jpg\" alt=\"forconi manifestazione tasse\" width=\"400\" height=\"300\" \/><\/a>momento non c&#8217;\u00e8 nessuna scadenza elettorale. <strong>Usare la disperazione della gente<\/strong>, ha continuato Cascione, <strong>per fini elettorali \u00e8 un comportamento grave<\/strong> e l&#8217;amministrazione di questo ne deve dar conto.<\/p>\n<p style=\"margin-bottom: 0.0001pt; line-height: normal; text-align: justify;\">L&#8217;amministrazione comunale ha preso l&#8217;impegno di interessarsi per far sbloccare quanto prima i fondi regionali. Il consigliere di opposizione Tonio De Nicol\u00f2, capogruppo comunale di SEL, ha sollecitato i vertici regionali per creare un incontro finalizzato alla soluzione del problema.<\/p>\n<p style=\"margin-bottom: 0.0001pt; line-height: normal; text-align: justify;\">In attesa di questo incontro la manifestazione \u00e8 stata sospesa, ma se non ci saranno risposte il movimento dei forconi \u00e8 gi\u00e0 pronto ad azioni eclatanti. Cascione dichiara: &#8220;<strong>siamo pronti a trasferirci con le nostre famiglie nella sede del comune e restare l\u00ec ad oltranza<\/strong>&#8220;.<\/p>\n<p style=\"text-align: right;\"><span style=\"line-height: 115%;\">Movimento Forconi&nbsp; Puglia<\/span><\/p>\n<p><a title=\"forconi manifestazione tasse by LA VOCE DEL PAESE, on Flickr\" href=\"https:\/\/www.flickr.com\/photos\/91470992@N02\/14811722368\"><img loading=\"lazy\" decoding=\"async\" src=\"https:\/\/farm4.staticflickr.com\/3850\/14811722368_566b9ef147_o.jpg\" alt=\"forconi manifestazione tasse\" width=\"660\" height=\"937\" \/><\/a><\/p>\n","protected":false},"excerpt":{"rendered":"","protected":false},"author":1,"featured_media":0,"comment_status":"open","ping_status":"closed","sticky":false,"template":"","format":"standard","meta":{"colormag_page_container_layout":"default_layout","colormag_page_sidebar_layout":"default_layout","footnotes":""},"categories":[8],"tags":[],"class_list":["post-46391","post","type-post","status-publish","format-standard","hentry","category-cronaca"],"_links":{"self":[{"href":"https:\/\/archiviogioia.lavocedelpaese.info\/index.php?rest_route=\/wp\/v2\/posts\/46391","targetHints":{"allow":["GET"]}}],"collection":[{"href":"https:\/\/archiviogioia.lavocedelpaese.info\/index.php?rest_route=\/wp\/v2\/posts"}],"about":[{"href":"https:\/\/archiviogioia.lavocedelpaese.info\/index.php?rest_route=\/wp\/v2\/types\/post"}],"author":[{"embeddable":true,"href":"https:\/\/archiviogioia.lavocedelpaese.info\/index.php?rest_route=\/wp\/v2\/users\/1"}],"replies":[{"embeddable":true,"href":"https:\/\/archiviogioia.lavocedelpaese.info\/index.php?rest_route=%2Fwp%2Fv2%2Fcomments&post=46391"}],"version-history":[{"count":0,"href":"https:\/\/archiviogioia.lavocedelpaese.info\/index.php?rest_route=\/wp\/v2\/posts\/46391\/revisions"}],"wp:attachment":[{"href":"https:\/\/archiviogioia.lavocedelpaese.info\/index.php?rest_route=%2Fwp%2Fv2%2Fmedia&parent=46391"}],"wp:term":[{"taxonomy":"category","embeddable":true,"href":"https:\/\/archiviogioia.lavocedelpaese.info\/index.php?rest_route=%2Fwp%2Fv2%2Fcategories&post=46391"},{"taxonomy":"post_tag","embeddable":true,"href":"https:\/\/archiviogioia.lavocedelpaese.info\/index.php?rest_route=%2Fwp%2Fv2%2Ftags&post=46391"}],"curies":[{"name":"wp","href":"https:\/\/api.w.org\/{rel}","templated":true}]}}