{"id":46509,"date":"2014-09-10T09:00:56","date_gmt":"2014-09-10T09:00:56","guid":{"rendered":"https:\/\/archiviogioia.lavocedelpaese.info\/?p=46509"},"modified":"2014-09-10T09:00:56","modified_gmt":"2014-09-10T09:00:56","slug":"al-via-etranger-il-festival-dei-cortometraggi-2","status":"publish","type":"post","link":"https:\/\/archiviogioia.lavocedelpaese.info\/?p=46509","title":{"rendered":"AL VIA \u00c8TRANGER IL FESTIVAL DEI CORTOMETRAGGI"},"content":{"rendered":"<p><a title=\"\u00e8tranger festival cortometraggi by LA VOCE DEL PAESE, on Flickr\" href=\"https:\/\/www.flickr.com\/photos\/91470992@N02\/15175982286\"><img loading=\"lazy\" decoding=\"async\" style=\"display: block; margin-left: auto; margin-right: auto;\" src=\"https:\/\/farm4.staticflickr.com\/3897\/15175982286_1c7f64707f_n.jpg\" alt=\"\u00e8tranger festival cortometraggi\" width=\"320\" height=\"240\" \/><\/a><\/p>\n<p><!--more--><\/p>\n<p style=\"text-align: justify;\"><a title=\"\u00e8tranger festival cortometraggi by LA VOCE DEL PAESE, on Flickr\" href=\"https:\/\/www.flickr.com\/photos\/91470992@N02\/15175982526\"><img loading=\"lazy\" decoding=\"async\" style=\"margin: 4px; float: left;\" src=\"https:\/\/farm4.staticflickr.com\/3898\/15175982526_2c974faf8e_n.jpg\" alt=\"\u00e8tranger festival cortometraggi\" width=\"300\" height=\"417\" \/><\/a> Nella conferenza stampa tenutasi a Bari presso la Mediateca provinciale il 4 settembre scorso, <strong>l\u2019Associazione <span style=\"text-transform: uppercase;\">\u00e8<\/span>tranger ha presentato il programma<\/strong> del primo Festival del cortometraggio internazionale <strong>ospitato nel Castello Normanno Svevo<\/strong> di Gioia del Colle e in caso di maltempo, nel chiostro comunale.<\/p>\n<p style=\"text-align: justify;\">&#8220;Un festival &#8211; afferma<strong> Guglielmo Minervini<\/strong>, assessore regionale alle Politiche giovanili, presente alla conferenza &#8211; per ricordare a tutti che noi oggi siamo nella condizione di Albert Camus. Ciascuno \u00e8 straniero nella propria vita rispetto a questo mondo che cambia. \u00c8 un presupposto con cui dobbiamo convivere. I corti possono essere uno strumento per indagare questa condizione inedita della nostra esistenza e della nostra umanit\u00e0 di oggi. Per esplorarla.&#8221;<\/p>\n<p style=\"text-align: justify;\">Per <strong>Filippo Donvito<\/strong>, vicesindaco di Gioia del Colle, \u201c<span style=\"text-transform: uppercase;\">\u00e8<\/span>tranger film festival \u00e8 uno degli eventi pi\u00f9 attesi dell\u2019anno. \u00c8 una grande opportunit\u00e0 per la citt\u00e0 e per i cittadini di ampliare il proprio sguardo, per includere e valorizzare \u201cla diversit\u00e0\u201d. Degno di nota, tra gli eventi in programma durante il festival di cortometraggi, l\u2019omaggio a Ricciotto Canudo. L\u2019intellettuale a cui la nostra cittadina ha dato i natali. Per onorarlo. A me piace ricordarlo citando le sue parole \u201cil cinema \u00e8 scrittura di luce\u201d. E confidiamo che questa luce possa illuminare e allargare gli orizzonti culturali di ognuno di noi\u201d.<\/p>\n<p style=\"text-align: justify;\">\u201cAbbiamo scelto di sostenere questo festival &#8211; dichiara <strong>Francesca Rossini<\/strong>, segretaria Agis e Anec Puglia e Basilicata &#8211; perch\u00e9 credo sia il mezzo pi\u00f9 idoneo per avvicinare il pubblico al prodotto cinematografico. E al linguaggio immediato e innovativo del cortometraggio. Il nostro compito \u00e8 quello di mediare tra offerta cinematografica ed esigenze di pubblico. E credo che questo format possa riuscire pienamente nella missione\u201d.<\/p>\n<p style=\"text-align: justify;\"><strong>Il &#8220;Premio <span style=\"text-transform: uppercase;\">\u00e8<\/span>tranger&#8221; (800 euro) sar\u00e0 assegnato dalla giuria tecnica<\/strong> composta dal critico cinematog<a title=\"\u00e8tranger festival cortometraggi by LA VOCE DEL PAESE, on Flickr\" href=\"https:\/\/www.flickr.com\/photos\/91470992@N02\/15195971371\"><img loading=\"lazy\" decoding=\"async\" style=\"margin: 4px; float: right;\" src=\"https:\/\/farm4.staticflickr.com\/3874\/15195971371_e61dd5f48c_n.jpg\" alt=\"\u00e8tranger festival cortometraggi\" width=\"400\" height=\"300\" \/><\/a>rafico <strong><span>Massimo Causo<\/span><\/strong> e dall\u2019attrice <strong><span>Anna Terio<\/span><\/strong> che terranno nei giorni 12 e 13 dei workshop, dal regista <strong><span>Sergio Recchia<\/span><\/strong><strong>,<\/strong> dalla segretaria dell\u2019Agis Puglia e Basilicata <strong>Francesca Rossini<\/strong>, e dalla docente di Storia del Cinema <strong>Angela Bianca Saponari<\/strong>, mentre <strong>il<\/strong> <strong>Premio \u201cLe Barisien&#8221; (400 euro) sar\u00e0 votato da una giuria popolare<\/strong>.<strong> Tutti gli eventi saranno presentati da <\/strong>un mattatore d&#8217;eccezione:<strong> Francesco Maria Antonicelli. <br \/><\/strong><\/p>\n<p style=\"text-align: justify;\"><strong>Una curiosit\u00e0: due dei cortometraggi in concorso sono stati selezionati da Angelo Ceglie, direttore di Circuito d&#8217;Autore, e riceveranno una menzione speciale in occasione della premiazione.<\/strong><\/p>\n<p style=\"text-align: justify;\"><strong>\u00c8TRANGER<\/strong><strong> &#8211; CALENDARIO DEGLI INCONTRI<\/strong><\/p>\n<p style=\"text-align: justify;\"><strong>La manifestazione<\/strong>, quindi, <strong>prevede incontri con gli autori, workshop, esposizione<\/strong> dei gadget <span style=\"text-transform: uppercase;\">\u00e8<\/span>tranger a cura delle associazioni Civico 8, Admaiora, Francesca Quatraro e Librellula, ed <span style=\"text-transform: uppercase;\">\u00e8<\/span>tra.<\/p>\n<p style=\"text-align: justify;\">Tra gli eventi fuori concorso, <strong>l\u201911 settembre alle ore 20 sono in programma<\/strong> la proiezione del film &#8220;In grazia di Dio&#8221; di Edoardo Winspeare e l\u2019incontro con il regista.<\/p>\n<p style=\"text-align: justify;\"><strong>Il giorno successiv<\/strong><strong>o<\/strong>, sempre alle 20 sar\u00e0 la volta dei <strong>film &#8220;Settanta&#8221; di Pippo Mezzapesa e &#8220;Scuola Media&#8221; di Marco Santarelli<\/strong> e dei dibattiti con i registi. Alle 22 saranno proiettati i cortometraggi in concorso<\/p>\n<p style=\"text-align: justify;\"><strong>Sabato 13<\/strong>, infine, alle 20, <strong>sar\u00e0 proposto u<\/strong><a title=\"\u00e8tranger festival cortometraggi by LA VOCE DEL PAESE, on Flickr\" href=\"https:\/\/www.flickr.com\/photos\/91470992@N02\/15012219059\"><img loading=\"lazy\" decoding=\"async\" style=\"margin: 4px; float: left;\" src=\"https:\/\/farm6.staticflickr.com\/5587\/15012219059_eb9bbea7bf_n.jpg\" alt=\"\u00e8tranger festival cortometraggi\" width=\"400\" height=\"195\" \/><\/a><strong>n omaggio a Ricciotto Canudo<\/strong>, pioniere della settima arte: il cinema. In un incontro coordinato dai docenti Angela Bianca Saponari e Angela Cipriano il letterato sar\u00e0 ricordato, quindi <strong>seguir\u00e0 alle 21.15 la proiezione di un estratto di &#8220;La Roue&#8221; di Abel Gance<\/strong>, film muto musicato dal vivo dal pianista Eugenio Macchia. <strong>La premiazione<\/strong> e proiezione dei corti vincitori <strong>\u00e8 prevista alle ore 22.15<\/strong>.<span style=\"font-size: 12pt;\"> <\/span><\/p>\n<p style=\"text-align: justify;\"><strong>Il festival<\/strong> &#8211; lo ricordiamo &#8211; \u00e8 patrocinato e dal Comune di Gioia del Colle dal quale <strong>ha ricevuto un contributo di 2.600,00 euro di cui 600,00 destinati alle spese per l\u2019utilizzo del Castello<\/strong>. Gli altri enti patrocinanti sono la Provincia di Bari, la Regione Puglia, la Apulia Film Commission, Circuito d&#8217;Autore, Agis e Anec Puglia e Basilicata.<\/p>\n<p style=\"text-align: justify;\"><a href=\"https:\/\/www.facebook.com\/video.php?v=378340872314828&amp;set=vb.343445679137681&amp;type=2&amp;theater\">https:\/\/www.facebook.com\/video.php?v=378340872314828&amp;set=vb.343445679137681&amp;type=2&amp;theater<\/a><\/p>\n<p>&nbsp;<\/p>\n","protected":false},"excerpt":{"rendered":"","protected":false},"author":1,"featured_media":0,"comment_status":"open","ping_status":"closed","sticky":false,"template":"","format":"standard","meta":{"colormag_page_container_layout":"default_layout","colormag_page_sidebar_layout":"default_layout","footnotes":""},"categories":[7],"tags":[],"class_list":["post-46509","post","type-post","status-publish","format-standard","hentry","category-attualita"],"_links":{"self":[{"href":"https:\/\/archiviogioia.lavocedelpaese.info\/index.php?rest_route=\/wp\/v2\/posts\/46509","targetHints":{"allow":["GET"]}}],"collection":[{"href":"https:\/\/archiviogioia.lavocedelpaese.info\/index.php?rest_route=\/wp\/v2\/posts"}],"about":[{"href":"https:\/\/archiviogioia.lavocedelpaese.info\/index.php?rest_route=\/wp\/v2\/types\/post"}],"author":[{"embeddable":true,"href":"https:\/\/archiviogioia.lavocedelpaese.info\/index.php?rest_route=\/wp\/v2\/users\/1"}],"replies":[{"embeddable":true,"href":"https:\/\/archiviogioia.lavocedelpaese.info\/index.php?rest_route=%2Fwp%2Fv2%2Fcomments&post=46509"}],"version-history":[{"count":0,"href":"https:\/\/archiviogioia.lavocedelpaese.info\/index.php?rest_route=\/wp\/v2\/posts\/46509\/revisions"}],"wp:attachment":[{"href":"https:\/\/archiviogioia.lavocedelpaese.info\/index.php?rest_route=%2Fwp%2Fv2%2Fmedia&parent=46509"}],"wp:term":[{"taxonomy":"category","embeddable":true,"href":"https:\/\/archiviogioia.lavocedelpaese.info\/index.php?rest_route=%2Fwp%2Fv2%2Fcategories&post=46509"},{"taxonomy":"post_tag","embeddable":true,"href":"https:\/\/archiviogioia.lavocedelpaese.info\/index.php?rest_route=%2Fwp%2Fv2%2Ftags&post=46509"}],"curies":[{"name":"wp","href":"https:\/\/api.w.org\/{rel}","templated":true}]}}