{"id":46554,"date":"2014-09-18T01:25:41","date_gmt":"2014-09-18T01:25:41","guid":{"rendered":"https:\/\/archiviogioia.lavocedelpaese.info\/?p=46554"},"modified":"2014-09-18T01:25:41","modified_gmt":"2014-09-18T01:25:41","slug":"francesco-dandria-premiato-dal-rotary-club-gioia-acquaviva","status":"publish","type":"post","link":"https:\/\/archiviogioia.lavocedelpaese.info\/?p=46554","title":{"rendered":"FRANCESCO D\u2019ANDRIA PREMIATO DAI DISTRETTI ROTARY CLUB"},"content":{"rendered":"<p><a title=\"Brochure-Premio-M by LA VOCE DEL PAESE, on Flickr\" href=\"https:\/\/www.flickr.com\/photos\/91470992@N02\/15089661268\"><img loading=\"lazy\" decoding=\"async\" style=\"display: block; margin-left: auto; margin-right: auto;\" src=\"https:\/\/farm6.staticflickr.com\/5563\/15089661268_0206a5793e_z.jpg\" alt=\"Brochure-Premio-M\" width=\"320\" height=\"240\" \/><\/a><\/p>\n<p><!--more--><\/p>\n<p style=\"text-align: justify;\"><a title=\"Brochure-Premio-M by LA VOCE DEL PAESE, on Flickr\" href=\"https:\/\/www.flickr.com\/photos\/91470992@N02\/15089670418\"><img loading=\"lazy\" decoding=\"async\" style=\"margin: 4px; float: left;\" src=\"https:\/\/farm4.staticflickr.com\/3846\/15089670418_8d7201b0b2_z.jpg\" alt=\"Brochure-Premio-M\" width=\"350\" height=\"725\" \/><\/a>Il prestigioso <strong>Premio<\/strong> <strong>Internazionale \u201cColonie Magna Grecia Arialdo Tarsitano\u201d<\/strong> giunto alla XXXIV edizione ed in questa annualit\u00e0 <strong>organizzato dai Distretti 2100 e 2120 e dal&nbsp;Rotary Club <\/strong>Acquaviva delle Fonti &#8211; Gioia del Colle, sul tema: \u201c<strong>Monte Sannace nell\u2019antica Peucetia<\/strong>\u201d, sar\u00e0 <strong>ospitato per la prima volta a Gioia<\/strong> nei giorni 19, 20 e 21 settembre, presso la LUM Jean Monnet in via P. Cassano, 7.<\/p>\n<p style=\"text-align: justify;\"><strong>Un Premio itinerante<\/strong> che vanta patrocini importanti &#8211; MIBAC, Regione Puglia, Assessorato al Mediterraneo, Presidenza del Consiglio Provinciale, Comune di Gioia e Acquaviva &#8211; che tutti i Club di Puglia, Basilicata, Campania e Calabria ambiscono di ospitare, per poter premiare archeologi che hanno contribuito con i loro studi alla conoscenza della storia della nostra nazione.<\/p>\n<p style=\"text-align: justify;\"><strong>Sar\u00e0 insignito dell\u2019importante riconoscimento il prof. Francesco D\u2019Andria<\/strong>, ordinario di Archeologia dell\u2019Universit\u00e0 del Salento, <strong>che terr\u00e0 una \u201cLectio magistralis\u201d<\/strong> sull\u2019argomento.<\/p>\n<p style=\"text-align: justify;\">Per il presidente del Rotary Club, <strong>Gianni Losurdo<\/strong>, ospitare a Gioia l\u2019evento \u00e8 motivo di vanto e lustro per la citt\u00e0 che sar\u00e0 visitata da luminari, ospiti e dalle loro famiglie.<\/p>\n<p style=\"text-align: justify;\">Per organizzare in ogni dettaglio la manifestazione <strong>\u00e8 nato un comitato formato dai rotariani Antonio Cirsella, Giuseppe Gallo, Marcello Gisotti, Maurizio Liuzzi, Nicola Madaro, Antonio Loliva e Margherita Pugliese<\/strong>, di cui Losurdo \u00e8 coordinatore.<\/p>\n<p style=\"text-align: justify;\"><strong>La tre giorni sar\u00e0 cos\u00ec articolata: il 19<\/strong>, dopo l\u2019assemblea dei delegati del Club aderenti al Premio Magna Grecia, i partecipanti visiteranno nel pomeriggio il Castello, accolti dalle guide e da canti medioevali, la mostra di Emilio Greco e il Parco Archeologico di Monte Sannace. <strong>Il 20<\/strong> si terr\u00e0 il convegno presso la Lum, con apertura dei lavori alle 9.30. Dopo il saluto di Losurdo, <strong>interverranno<\/strong> <strong>Gianfranco Camisa<\/strong>, Presidente del Premio Internazionale \u201cColonie Magna Grecia A. Tarsitano\u201d, <strong>Giancarlo Spezie<\/strong>, Governatore del Distretto 2100, <strong>Luigi Palombella<\/strong>, Governatore del Distretto 2120 e il dottor Luigi La Rocca, Soprintendente per il Beni Archeologici della Puglia.<\/p>\n<p style=\"text-align: justify;\">Sar\u00e0 quindi presentato il tema dell\u2019anno: \u201cMonte Sannace nell\u2019Antica Peucezia. Ricerche e studi\u201d, su cui relazioner\u00e0 la dottoressa <strong>Angela Ciancio<\/strong>. Quindi la parola passer\u00e0 a <strong>Mario Mello<\/strong>, coordinatore del Comitato scientifico del premio, che traccer\u00e0 il profilo di Francesco D\u2019Andria che allieter\u00e0 i presenti con una \u201cLectio Magistralis\u201d. Seguir\u00e0 la consegna del premio, un altorilievo in argento dell\u2019artista <strong>Gerardo Sasso<\/strong>. <strong>Il 21<\/strong> gli ospiti visiteranno la Cattedrale di Acquaviva e assisteranno alla S. Messa celebrata dal Vescovo della Diocesi Altamura, Gravina, Acquaviva, <strong>monsignor Giovanni Ricchiuti<\/strong>.<\/p>\n<p style=\"text-align: justify;\">\u201cI<strong>l Premio rappresenta una opportunit\u00e0 importante<\/strong> per il Club che lo organizza, per il territorio ospitante e per il Rotary &#8211; dichiara Gianni Losurdo -, un esempio straordinario di impegno senza riserve, di collaborazione, di scambio culturale, di amicizia. I nostri territori, da sempre luogo di incontro di popoli e culture diversi, sono impregnati di tracce e reperti storici, un patrimonio storico-culturale che va conosciuto e valorizzato. Ed il Rotary, attraverso il Premio, contribuisce alla conoscenza e alla diffusione di questo patrimonio e alla valorizzazione delle risorse umane del territorio. Comprendere la realt\u00e0 in cui si vive, conoscere le potenzialit\u00e0 della societ\u00e0 che ci circonda, della nostra citt\u00e0 e del nostro territorio, recuperare la nostra identit\u00e0 storica e territoriale, costituisce la base per la rinascita, soprattutto per le nuove generazioni, di un sentimento di orgoglio e di appartenenza. Attraverso l\u2019incontro tra rotariani di diversi Distretti, il lavoro di studiosi, la collaborazione con le Istituzioni, con la Scuola, con gli operatori economici nascono nuove sinergie per la costruzione di un modello di lavoro che facilita la creazione di un terreno culturale comune ed alimenta progetti e programmi di sviluppo. Ringrazio indistintamente tutti coloro che hanno partecipato alla buona riuscita della manifestazione, nella certezza che un cos\u00ec importante momento di cultura condivisa, non potr\u00e0 che far crescere il territorio e la comunit\u00e0.\u201d<\/p>\n<p><a title=\"Brochure-Premio-M2 by LA VOCE DEL PAESE, on Flickr\" href=\"https:\/\/www.flickr.com\/photos\/91470992@N02\/15089670827\"><img loading=\"lazy\" decoding=\"async\" style=\"margin: 4px;\" src=\"https:\/\/farm4.staticflickr.com\/3919\/15089670827_a6d89f84e5_z.jpg\" alt=\"Brochure-Premio-M2\" width=\"660\" height=\"447\" \/><\/a><\/p>\n","protected":false},"excerpt":{"rendered":"","protected":false},"author":1,"featured_media":0,"comment_status":"open","ping_status":"closed","sticky":false,"template":"","format":"standard","meta":{"colormag_page_container_layout":"default_layout","colormag_page_sidebar_layout":"default_layout","footnotes":""},"categories":[7],"tags":[],"class_list":["post-46554","post","type-post","status-publish","format-standard","hentry","category-attualita"],"_links":{"self":[{"href":"https:\/\/archiviogioia.lavocedelpaese.info\/index.php?rest_route=\/wp\/v2\/posts\/46554","targetHints":{"allow":["GET"]}}],"collection":[{"href":"https:\/\/archiviogioia.lavocedelpaese.info\/index.php?rest_route=\/wp\/v2\/posts"}],"about":[{"href":"https:\/\/archiviogioia.lavocedelpaese.info\/index.php?rest_route=\/wp\/v2\/types\/post"}],"author":[{"embeddable":true,"href":"https:\/\/archiviogioia.lavocedelpaese.info\/index.php?rest_route=\/wp\/v2\/users\/1"}],"replies":[{"embeddable":true,"href":"https:\/\/archiviogioia.lavocedelpaese.info\/index.php?rest_route=%2Fwp%2Fv2%2Fcomments&post=46554"}],"version-history":[{"count":0,"href":"https:\/\/archiviogioia.lavocedelpaese.info\/index.php?rest_route=\/wp\/v2\/posts\/46554\/revisions"}],"wp:attachment":[{"href":"https:\/\/archiviogioia.lavocedelpaese.info\/index.php?rest_route=%2Fwp%2Fv2%2Fmedia&parent=46554"}],"wp:term":[{"taxonomy":"category","embeddable":true,"href":"https:\/\/archiviogioia.lavocedelpaese.info\/index.php?rest_route=%2Fwp%2Fv2%2Fcategories&post=46554"},{"taxonomy":"post_tag","embeddable":true,"href":"https:\/\/archiviogioia.lavocedelpaese.info\/index.php?rest_route=%2Fwp%2Fv2%2Ftags&post=46554"}],"curies":[{"name":"wp","href":"https:\/\/api.w.org\/{rel}","templated":true}]}}