{"id":46624,"date":"2014-09-27T01:30:42","date_gmt":"2014-09-27T01:30:42","guid":{"rendered":"https:\/\/archiviogioia.lavocedelpaese.info\/?p=46624"},"modified":"2014-09-27T01:30:42","modified_gmt":"2014-09-27T01:30:42","slug":"il-pd-gioiese-messo-in-mora-dai-vertici-nazionali-2","status":"publish","type":"post","link":"https:\/\/archiviogioia.lavocedelpaese.info\/?p=46624","title":{"rendered":"IL PD GIOIESE MESSO IN MORA DAI VERTICI NAZIONALI?"},"content":{"rendered":"<p><a title=\"povia l'abbate by LA VOCE DEL PAESE, on Flickr\" href=\"https:\/\/www.flickr.com\/photos\/91470992@N02\/14971896461\"><img loading=\"lazy\" decoding=\"async\" style=\"display: block; margin-left: auto; margin-right: auto;\" src=\"https:\/\/farm4.staticflickr.com\/3878\/14971896461_640b2fb0dc_z.jpg\" alt=\"povia l'abbate\" width=\"320\" height=\"240\" \/><\/a><\/p>\n<p><!--more--><\/p>\n<p style=\"text-align: justify;\"><a title=\"pd gioia by LA VOCE DEL PAESE, on Flickr\" href=\"https:\/\/www.flickr.com\/photos\/91470992@N02\/10778861436\"><img loading=\"lazy\" decoding=\"async\" style=\"margin: 4px; float: right;\" src=\"https:\/\/farm3.staticflickr.com\/2887\/10778861436_985a5b98f0_n.jpg\" alt=\"pd gioia\" width=\"300\" height=\"400\" \/><\/a><strong><span>Tanto tuon\u00f2 che alla fine <\/span><\/strong><span>giunse la risoluzione del circolo del Pd gioiese, ne \u00e8 portavoce <strong>Adalisa Campanelli<\/strong>, che <strong>invia la nota di seguito riportata ai Segretari regionale e provinciale, alla Segreteria nazionale<\/strong>, ai componenti della segreteria e della&nbsp;direzione provinciale, <strong>alla Commissione di garanzia Provinciale<\/strong> e al Segretario del Circolo di Gioia. <\/span><\/p>\n<p style=\"text-align: justify;\"><span>I vertici hanno quindi, preso posizione e deciso: <strong>il Pd chiude con l\u2019esperienza amministrativa e con Povia<\/strong>.<\/span><\/p>\n<p style=\"text-align: justify;\"><strong><span>Che questa nota giunga a poche ore dalla candidatura del sindaco<\/span><\/strong><span> a consigliere della Citt\u00e0 metropolitana con \u201cTerre democratiche\u201d, conferma che la misura \u00e8 ormai colma. <strong>Come reagiranno Masi, Ludovico e Giannico?<\/strong> Continuare a <strong>far finta di nulla non \u00e8 pi\u00f9 possibile, n\u00e9 tergiversare<\/strong>. Ora <strong>dovranno venire allo scoperto<\/strong> e forse anche \u201cgiocare\u201d a carte scoperte. Riuscir\u00e0 il Pd a risalire la china? Drizzando la schiena e con un sano moto di orgoglio, magari staccando le zavorre e riprendendo a bordo chi voleva volare in alto, forse una chance potrebbe ancora averla\u2026 ma <strong>ci vuole un atto di coraggio e di umilt\u00e0, insieme a una sincera autocritica<\/strong>, tre elementi <strong>che nella maggior parte dei componenti del direttivo latitano<\/strong>, soffocati da presunzione, arroganza e scarsa propensione al dialogo e al confronto. <\/span><\/p>\n<p><strong><span>Buona lettura<\/span><\/strong><span>!<\/span><\/p>\n<p style=\"text-align: center;\"><span>&#8212;&#8212;&#8212;&#8212;&#8212;&#8212;&#8212;&#8212;&#8212;&#8212;&#8212;&#8212;&#8212;&#8211;<\/span><\/p>\n<p style=\"text-align: justify;\">&nbsp;<a title=\"adalisa campanelli by LA VOCE DEL PAESE, on Flickr\" href=\"https:\/\/www.flickr.com\/photos\/91470992@N02\/15180641340\"><img loading=\"lazy\" decoding=\"async\" style=\"margin: 4px; float: left;\" src=\"https:\/\/farm3.staticflickr.com\/2948\/15180641340_cbe4f190b5_n.jpg\" alt=\"adalisa campanelli\" width=\"300\" height=\"345\" \/><\/a><span>Cari segretari,<\/span><\/p>\n<p style=\"text-align: justify;\"><span>\u201cVi allego l&#8217;ultima risoluzione del circolo di Gioia del Colle, che immagino gi\u00e0 conosciate, sottoponendo all&#8217;esame della vostra responsabilit\u00e0 le considerazioni che da tale risoluzione discendono. Ovvero la pi\u00f9 urgente e chiara iniziativa per dare seguito alla decisione di chiudere con la partecipazione del Pd alla esperienza amministrativa.<\/span><\/p>\n<p style=\"text-align: justify;\"><span>Mi sono risparmiata la ricerca di tutte le numerosissime decisioni precedenti dello stesso tenore, e largamente disattese. E parto da quest&#8217;ultima anche perch\u00e9 lo stesso segretario provinciale Ubaldo&nbsp;Pagano nel richiedere la mia collaborazione volta a richiamare ad uno sforzo unitario un circolo profondamente lacerato, dichiarava che senza le correzioni richieste dal circolo nell&#8217;azione amministrativa si sarebbe esaurita appunto la disponibilit\u00e0 del Pd a farne parte. E questo anche in ragione del fatto che la maggioranza congressuale non era affatto animata da spirito di contrapposizione e che si era invece proposta come forza determinante di sostegno dell&#8217;attuale Sindaco e della sua variopinta maggioranza consiliare. Ogni incertezza, dilazione, accordo sottobanco che non dia seguito al deliberato del circolo e&#8217; atto grave verso la citt\u00e0.<\/span><\/p>\n<p style=\"text-align: justify;\"><span>Basta infatti avere contatto con gli ambienti pi\u00f9 diversi della citt\u00e0 per rendersi conto della paralisi,e del discredito definitivo che investe gli attuali amministratori, i personaggi pi\u00f9 screditati che vi girano attorno, e che coinvolge <\/span><span>direttamente il Pd fino a pregiudicare&nbsp; la sua onorabilit\u00e0.<\/span><a title=\"pd gioia del colle by LA VOCE DEL PAESE, on Flickr\" href=\"https:\/\/www.flickr.com\/photos\/91470992@N02\/12302143396\"><img loading=\"lazy\" decoding=\"async\" style=\"margin: 4px; float: right;\" src=\"https:\/\/farm4.staticflickr.com\/3728\/12302143396_d2d5120c37_n.jpg\" alt=\"pd gioia del colle\" width=\"400\" height=\"300\" \/><\/a><\/p>\n<p style=\"text-align: justify;\"><span>E siccome dagli stessi ambienti amministrativi provengono reazioni di sufficienza e si millantano appoggi dei vertici del Pd con riferimento alle prossime elezioni regionali, credo che la maniera pi\u00f9 limpida per tutelare il Pd sia appunto la vostra determinazione a sostenere la decisione del circolo &nbsp;invitando&nbsp;assessori e consiglieri a&nbsp;passare all&#8217;opposizione.<\/span><\/p>\n<p style=\"text-align: justify;\"><span>Nei prossimi giorni si celebrer\u00e0 il consiglio comunale e il comportamento dei consiglieri comunali del Partito Democratico dovr\u00e0 essere conseguente alla delibera del direttivo del circolo; qualora cos\u00ec non fosse gli Organi preposti dovranno intervenire immediatamente per garantire il rispetto delle norme statutarie.<\/span><\/p>\n<p style=\"text-align: justify;\"><span>Ad oggi i consiglieri comunali e l&#8217;assessore espresso dal Partito Democratico non si sono ancora pronunciati circa la loro volont\u00e0 di dare seguito al deliberato del coordinamento cittadino, anzi come risulta dai&nbsp;documenti allegati alla presente, in data 19 settembre l&#8217;assessore Masi ha partecipato alla Giunta Comunale e il prossimo 2 ottobre terr\u00e0 una iniziativa pubblica nella medesima veste.&nbsp;&nbsp;Pertanto&nbsp;&nbsp;chiedo il Vostro intervento per garantire l&#8217;attuazione del deliberato e, dunque, il rispetto dello Statuto\u201d.<\/span><\/p>\n<p style=\"text-align: right;\" align=\"right\"><span>Adalisa Campanelli<\/span><\/p>\n<p>&nbsp;<\/p>\n","protected":false},"excerpt":{"rendered":"","protected":false},"author":1,"featured_media":0,"comment_status":"open","ping_status":"closed","sticky":false,"template":"","format":"standard","meta":{"colormag_page_container_layout":"default_layout","colormag_page_sidebar_layout":"default_layout","footnotes":""},"categories":[4],"tags":[],"class_list":["post-46624","post","type-post","status-publish","format-standard","hentry","category-politica"],"_links":{"self":[{"href":"https:\/\/archiviogioia.lavocedelpaese.info\/index.php?rest_route=\/wp\/v2\/posts\/46624","targetHints":{"allow":["GET"]}}],"collection":[{"href":"https:\/\/archiviogioia.lavocedelpaese.info\/index.php?rest_route=\/wp\/v2\/posts"}],"about":[{"href":"https:\/\/archiviogioia.lavocedelpaese.info\/index.php?rest_route=\/wp\/v2\/types\/post"}],"author":[{"embeddable":true,"href":"https:\/\/archiviogioia.lavocedelpaese.info\/index.php?rest_route=\/wp\/v2\/users\/1"}],"replies":[{"embeddable":true,"href":"https:\/\/archiviogioia.lavocedelpaese.info\/index.php?rest_route=%2Fwp%2Fv2%2Fcomments&post=46624"}],"version-history":[{"count":0,"href":"https:\/\/archiviogioia.lavocedelpaese.info\/index.php?rest_route=\/wp\/v2\/posts\/46624\/revisions"}],"wp:attachment":[{"href":"https:\/\/archiviogioia.lavocedelpaese.info\/index.php?rest_route=%2Fwp%2Fv2%2Fmedia&parent=46624"}],"wp:term":[{"taxonomy":"category","embeddable":true,"href":"https:\/\/archiviogioia.lavocedelpaese.info\/index.php?rest_route=%2Fwp%2Fv2%2Fcategories&post=46624"},{"taxonomy":"post_tag","embeddable":true,"href":"https:\/\/archiviogioia.lavocedelpaese.info\/index.php?rest_route=%2Fwp%2Fv2%2Ftags&post=46624"}],"curies":[{"name":"wp","href":"https:\/\/api.w.org\/{rel}","templated":true}]}}