{"id":46666,"date":"2014-10-05T07:31:55","date_gmt":"2014-10-05T07:31:55","guid":{"rendered":"https:\/\/archiviogioia.lavocedelpaese.info\/?p=46666"},"modified":"2014-10-05T07:31:55","modified_gmt":"2014-10-05T07:31:55","slug":"corso-di-dizione-di-lingua-italiana-e-lettura-espressiva-2","status":"publish","type":"post","link":"https:\/\/archiviogioia.lavocedelpaese.info\/?p=46666","title":{"rendered":"CORSO DI DIZIONE DI LINGUA ITALIANA E LETTURA ESPRESSIVA"},"content":{"rendered":"<p><a title=\"\u00e0trebil teatro1 by LA VOCE DEL PAESE, on Flickr\" href=\"https:\/\/www.flickr.com\/photos\/91470992@N02\/15265195100\"><img loading=\"lazy\" decoding=\"async\" style=\"display: block; margin-left: auto; margin-right: auto;\" src=\"https:\/\/farm4.staticflickr.com\/3932\/15265195100_766645507c_n.jpg\" alt=\"\u00e0trebil teatro1\" width=\"320\" height=\"240\" \/><\/a><\/p>\n<p><!--more--><\/p>\n<p style=\"margin-bottom: 0.0001pt; line-height: normal; text-align: justify;\">&nbsp; <a title=\"corso di dizione atrebil by LA VOCE DEL PAESE, on Flickr\" href=\"https:\/\/www.flickr.com\/photos\/91470992@N02\/15448732831\"><img loading=\"lazy\" decoding=\"async\" style=\"margin: 4px; float: left;\" src=\"https:\/\/farm4.staticflickr.com\/3928\/15448732831_fb6718eb04_z.jpg\" alt=\"corso di dizione atrebil\" width=\"400\" height=\"149\" \/><\/a><strong>La p\u00e8sca non si p\u00e9sca<\/strong>. Le lettere del nostro alfabeto sono 21. Di esse, 5 sono le vocali, ma 7 sono i loro suoni: <strong>a &#8211; \u00e9 &#8211; \u00e8 &#8211; i &#8211; \u00f3 &#8211; \u00f2 \u2013 u<\/strong>. E questa \u00e8 sempre la partenza del corso. Sappiamo per esperienza che il rigo precedente, ai pi\u00f9, ha un significato del tutto sconosciuto. <strong>Da dove viene la nostra lingua? Perch\u00e9 \u00e8 cos\u00ec difficile negli accenti?<\/strong> L\u2019italiano \u00e8 una lingua dura e tonale, e noi italiani siamo il popolo che parla con maggiori differenze di suoni. Proveniamo da un mescolanza di popoli ed anche nel parlare, da una fantasiosa combinazione di dialetti, di latino ma anche di greco, da cui tutti i termini medico-scientifici. <strong>I linguisti<\/strong>, da Dante in poi, <strong>hanno codificato delle regole<\/strong>, ahinoi, <strong>non-rispettate<\/strong>. \u201cDizione\u201d origina dal latino dictus, parlare. <strong>E quello che facciamo noi \u00e8 insegnare l\u2019ortoepia<\/strong>, cio\u00e8 il modo corretto di pronunciare i suoni. Perch\u00e9 saper parlare correttamente la dizione<a title=\"\u00e0trebil teatro1 by LA VOCE DEL PAESE, on Flickr\" href=\"https:\/\/www.flickr.com\/photos\/91470992@N02\/15448739301\"><img loading=\"lazy\" decoding=\"async\" style=\"margin: 4px; float: right;\" src=\"https:\/\/farm4.staticflickr.com\/3936\/15448739301_e5c8a56f69_n.jpg\" alt=\"\u00e0trebil teatro1\" width=\"400\" height=\"300\" \/><\/a> della lingua italiana \u00e8 senz\u2019altro una marcia in pi\u00f9 anche per chi lavora e si rapporta con vari tipi di utenze: attori, doppiatori, speaker, ma anche insegnanti, professori, dimostratori, conferenzieri&#8230; e senza timore alcuno, perch\u00e9 non si sta usando un veicolo che \u00e8 dote esclusiva degli attori, bens\u00ec <strong>si mette in pratica la lingua del nostro paese<\/strong>.<\/p>\n<p style=\"margin-bottom: 0.0001pt; line-height: normal; text-align: justify;\">Far \u201csuonare\u201d con propriet\u00e0 la nostra lingua e saperla salvaguardare \u00e8 ci\u00f2 che si prefiggono i nostri corsi: <strong>parlare bene l\u2019italiano con armonia ed equilibrio \u00e8 un veicolo privilegiato<\/strong> per comunicare con la mente ed il cuore. Nella didattica dell\u2019insegnamento della dizione italiana, a latere dell\u2019esercizio ortoepico, viene contemplato l\u2019aspetto etimologico ed evolutivo della lingua in un percorso lirico-letterario: dagli albori delle prime scritture della poesia e letteratura italiana, agli autori contemporanei, ponendo sempre grande valore nei confronti dei \u201cclassici\u201d.<\/p>\n<p style=\"margin-bottom: 0.0001pt; line-height: normal; text-align: justify;\"><strong>OBIETTIVI<\/strong>:<br \/> &#8211; formare ed aggregare un gruppo &#8220;specifico&#8221; che, per lavoro o per semplice interesse culturale, si coagula attorno ad un\u2019attivit\u00e0 culturale proiettata a migliorare gli aspetti semantici e fonetici della lingua italiana e il suo utilizzo;<\/p>\n<p style=\"margin-bottom: 0.0001pt; line-height: normal; text-align: justify;\">&#8211; potenziare il comune interesse all&#8217;uso quotidiano del linguaggio verbale o di un testo poetico e\/o teatrale (poesia, narrativa, teatro in forma di monologo e di dialogo, comunicazione pubblicitaria), attraverso esercizi di articolazione e di emissione vocale per raggiungere la padronanza dello strumento voce;<a title=\"\u00e0trebil teatro1 by LA VOCE DEL PAESE, on Flickr\" href=\"https:\/\/www.flickr.com\/photos\/91470992@N02\/15265128139\"><img loading=\"lazy\" decoding=\"async\" style=\"margin: 4px; float: right;\" src=\"https:\/\/farm6.staticflickr.com\/5598\/15265128139_0f422e5a75_n.jpg\" alt=\"\u00e0trebil teatro1\" width=\"400\" height=\"300\" \/><\/a><\/p>\n<p style=\"margin-bottom: 0.0001pt; line-height: normal; text-align: justify;\">&#8211; una pronuncia chiara e intelligibile delle parole e dei suoni che le compongono tramite dispense che permetteranno lo studio delle aperture e chiusure delle vocali, dei dittonghi e degli iati, delle consonanti che prevedono doppia pronuncia, del raddoppiamento sintattico;<\/p>\n<p style=\"margin-bottom: 0.0001pt; line-height: normal; text-align: justify;\">&#8211; raggiungere scioltezza e disinvoltura nella lettura a prima vista di qualunque brano in corretta dizione e, soprattutto, acquisire la capacit\u00e0 di una buona lettura interpretata cos\u00ec da consentire una comunicazione partecipata e significante.<\/p>\n<p style=\"margin-bottom: 0.0001pt; line-height: normal; text-align: justify;\"><strong>ESERCIZI<\/strong>:<\/p>\n<div style=\"margin-bottom: 0.0001pt; line-height: normal; text-align: justify;\">&#8211; riscaldamento dell&#8217;apparato fonatorio e muscolo-facciale;<\/div>\n<div style=\"margin-bottom: 0.0001pt; line-height: normal; text-align: justify;\">&#8211; articolazione;<\/div>\n<div style=\"margin-bottom: 0.0001pt; line-height: normal; text-align: justify;\">&#8211; pronuncia corretta dei suoni;<\/div>\n<div style=\"margin-bottom: 0.0001pt; line-height: normal; text-align: justify;\">&#8211; emissione vocale per una padronanza della propria voce;<\/div>\n<div style=\"margin-bottom: 0.0001pt; line-height: normal; text-align: justify;\">&#8211; lettura singola e collettiva (dalla poesia alla narrativa, dal teatro alla pubblicit\u00e0).<\/div>\n<p style=\"margin-bottom: 0.0001pt; line-height: normal; text-align: justify;\"><strong>PERIODO<\/strong>: ottobre\/maggio<\/p>\n<p style=\"margin-bottom: 0.0001pt; line-height: normal; text-align: justify;\"><strong>GIORNO<\/strong>: marted\u00ec (da confermare)<\/p>\n<p style=\"margin-bottom: 0.0001pt; line-height: normal; text-align: justify;\"><strong>DOCENTI<\/strong>: Rocco Capri Chiumarulo, Anna Garofalo<\/p>\n<p style=\"margin-bottom: 0.0001pt; line-height: normal; text-align: justify;\"><strong>INFO<\/strong>: 3471951553 (Mario Pugliese)<\/p>\n<p>&nbsp;<\/p>\n","protected":false},"excerpt":{"rendered":"","protected":false},"author":1,"featured_media":0,"comment_status":"open","ping_status":"closed","sticky":false,"template":"","format":"standard","meta":{"colormag_page_container_layout":"default_layout","colormag_page_sidebar_layout":"default_layout","footnotes":""},"categories":[7],"tags":[],"class_list":["post-46666","post","type-post","status-publish","format-standard","hentry","category-attualita"],"_links":{"self":[{"href":"https:\/\/archiviogioia.lavocedelpaese.info\/index.php?rest_route=\/wp\/v2\/posts\/46666","targetHints":{"allow":["GET"]}}],"collection":[{"href":"https:\/\/archiviogioia.lavocedelpaese.info\/index.php?rest_route=\/wp\/v2\/posts"}],"about":[{"href":"https:\/\/archiviogioia.lavocedelpaese.info\/index.php?rest_route=\/wp\/v2\/types\/post"}],"author":[{"embeddable":true,"href":"https:\/\/archiviogioia.lavocedelpaese.info\/index.php?rest_route=\/wp\/v2\/users\/1"}],"replies":[{"embeddable":true,"href":"https:\/\/archiviogioia.lavocedelpaese.info\/index.php?rest_route=%2Fwp%2Fv2%2Fcomments&post=46666"}],"version-history":[{"count":0,"href":"https:\/\/archiviogioia.lavocedelpaese.info\/index.php?rest_route=\/wp\/v2\/posts\/46666\/revisions"}],"wp:attachment":[{"href":"https:\/\/archiviogioia.lavocedelpaese.info\/index.php?rest_route=%2Fwp%2Fv2%2Fmedia&parent=46666"}],"wp:term":[{"taxonomy":"category","embeddable":true,"href":"https:\/\/archiviogioia.lavocedelpaese.info\/index.php?rest_route=%2Fwp%2Fv2%2Fcategories&post=46666"},{"taxonomy":"post_tag","embeddable":true,"href":"https:\/\/archiviogioia.lavocedelpaese.info\/index.php?rest_route=%2Fwp%2Fv2%2Ftags&post=46666"}],"curies":[{"name":"wp","href":"https:\/\/api.w.org\/{rel}","templated":true}]}}