{"id":46681,"date":"2014-10-09T09:45:50","date_gmt":"2014-10-09T09:45:50","guid":{"rendered":"https:\/\/archiviogioia.lavocedelpaese.info\/?p=46681"},"modified":"2014-10-09T09:45:50","modified_gmt":"2014-10-09T09:45:50","slug":"citta-metropolitana-sara-un-voto-al-buio-2","status":"publish","type":"post","link":"https:\/\/archiviogioia.lavocedelpaese.info\/?p=46681","title":{"rendered":"CITT\u00c0 METROPOLITANA: \u201cSAR\u00c0 UN VOTO AL BUIO\u201d"},"content":{"rendered":"<p><a title=\"bari-citt\u00e0-metropolitana by LA VOCE DEL PAESE, on Flickr\" href=\"https:\/\/www.flickr.com\/photos\/91470992@N02\/15490244232\"><img loading=\"lazy\" decoding=\"async\" style=\"display: block; margin-left: auto; margin-right: auto;\" src=\"https:\/\/farm3.staticflickr.com\/2949\/15490244232_76c147be91_n.jpg\" alt=\"bari-citt\u00e0-metropolitana\" width=\"320\" height=\"240\" \/><\/a><\/p>\n<p><!--more--><\/p>\n<p><strong>Riceviamo e pubblichiamo<\/strong>.<\/p>\n<p style=\"text-align: center;\">&#8212;&#8212;&#8212;&#8212;&#8212;&#8212;&#8212;&#8212;&#8212;&#8212;&#8212;<\/p>\n<p style=\"margin-bottom: 0.0001pt; line-height: normal; text-align: justify;\"><a title=\"Giuseppe L'Abbate by LA VOCE DEL PAESE, on Flickr\" href=\"https:\/\/www.flickr.com\/photos\/91470992@N02\/10216937444\"><img loading=\"lazy\" decoding=\"async\" style=\"margin: 4px; float: left;\" src=\"https:\/\/farm3.staticflickr.com\/2822\/10216937444_db30edd67c_n.jpg\" alt=\"Giuseppe L'Abbate\" width=\"400\" height=\"231\" \/><\/a>\u201cSar\u00e0 un voto per pochi quello del 12 ottobre, il giorno in cui nascer\u00e0 ufficialmente la citt\u00e0 metropolitana di Bari e le nuove province di Renzi, enti votati indirettamente. \u201c<i>Lecce, Taranto, BAT, Brindisi, Foggia: le province non sono state abolite<\/i>&nbsp;\u2013&nbsp;<strong>commentano i deputati e i senatori pugliesi del Movimento 5 Stelle&nbsp;<\/strong>\u2013&nbsp;<i>Senza il controllo dei cittadini, i consiglieri comunali, i consiglieri provinciali uscenti ed i sindaci saranno liberi di fare accordi e accorducci per le poltrone provinciali<\/i>\u201d. Critiche anche alla ripartizione dei poteri. \u201c<i>Non c\u2019\u00e8 il minimo disegno di redistribuzione dei poteri: il rischio \u00e8 che le Regioni e i Comuni, questi ultimi gi\u00e0 in situazione di forte dissesto, debbano sopportare il peso dei debiti accumulati in questi anni dalle province<\/i>\u201d.&nbsp;<\/p>\n<p style=\"margin-bottom: 0.0001pt; line-height: normal; text-align: justify;\">Ma, secondo i senatori&nbsp;<strong>Daniela Donno, Maurizio Buccarella, Lello Ciampolillo, Barbara Lezzi ed i deputati Giuseppe D\u2019Ambrosio, Giuseppe L\u2019Abbate, Emanuele Scagliusi, Diego De Lorenzis, Francesco Cariello<\/strong>,&nbsp;<strong>Giuseppe Brescia<\/strong>, non \u00e8 tutto. \u201c<i>Il modello delle larghe intese nazionali trover\u00e0 illustri interpreti anche a livello locale, con candidati unici alla presidenza delle province, in barba agli annunci di Emiliano, il quale con una mano annuncia coalizioni di centrosinistra in tutte le province e con l\u2019altra stringe un patto di ferro con il centrodestra per escludere i cittadini da qualsiasi tipo di controllo. Non vorremmo che sia un triste antipasto di quanto succeder\u00e0 con le elezioni regionali<\/i>&nbsp;\u2013&nbsp;<strong>concludono i parlamentari pugliesi 5 Stelle<\/strong>&nbsp;\u2013&nbsp;<i>Se i partiti hanno ancora a cuore le sorti dei pugliesi, si facciano promotori di un\u2019azione condivisa nei confronti del governo Renzi, per cancellare definitivamente gli enti provinciali e per concordare con il Ministero degli Affari Regionali e quello dell\u2019Economia un piano di rientro dal debito<\/i>\u201d.<\/p>\n<p style=\"text-align: right;\"><span style=\"line-height: 115%;\">Comunicato stampa<\/span><\/p>\n","protected":false},"excerpt":{"rendered":"","protected":false},"author":1,"featured_media":0,"comment_status":"open","ping_status":"closed","sticky":false,"template":"","format":"standard","meta":{"colormag_page_container_layout":"default_layout","colormag_page_sidebar_layout":"default_layout","footnotes":""},"categories":[7],"tags":[],"class_list":["post-46681","post","type-post","status-publish","format-standard","hentry","category-attualita"],"_links":{"self":[{"href":"https:\/\/archiviogioia.lavocedelpaese.info\/index.php?rest_route=\/wp\/v2\/posts\/46681","targetHints":{"allow":["GET"]}}],"collection":[{"href":"https:\/\/archiviogioia.lavocedelpaese.info\/index.php?rest_route=\/wp\/v2\/posts"}],"about":[{"href":"https:\/\/archiviogioia.lavocedelpaese.info\/index.php?rest_route=\/wp\/v2\/types\/post"}],"author":[{"embeddable":true,"href":"https:\/\/archiviogioia.lavocedelpaese.info\/index.php?rest_route=\/wp\/v2\/users\/1"}],"replies":[{"embeddable":true,"href":"https:\/\/archiviogioia.lavocedelpaese.info\/index.php?rest_route=%2Fwp%2Fv2%2Fcomments&post=46681"}],"version-history":[{"count":0,"href":"https:\/\/archiviogioia.lavocedelpaese.info\/index.php?rest_route=\/wp\/v2\/posts\/46681\/revisions"}],"wp:attachment":[{"href":"https:\/\/archiviogioia.lavocedelpaese.info\/index.php?rest_route=%2Fwp%2Fv2%2Fmedia&parent=46681"}],"wp:term":[{"taxonomy":"category","embeddable":true,"href":"https:\/\/archiviogioia.lavocedelpaese.info\/index.php?rest_route=%2Fwp%2Fv2%2Fcategories&post=46681"},{"taxonomy":"post_tag","embeddable":true,"href":"https:\/\/archiviogioia.lavocedelpaese.info\/index.php?rest_route=%2Fwp%2Fv2%2Ftags&post=46681"}],"curies":[{"name":"wp","href":"https:\/\/api.w.org\/{rel}","templated":true}]}}