{"id":46682,"date":"2014-10-11T01:38:49","date_gmt":"2014-10-11T01:38:49","guid":{"rendered":"https:\/\/archiviogioia.lavocedelpaese.info\/?p=46682"},"modified":"2014-10-11T01:38:49","modified_gmt":"2014-10-11T01:38:49","slug":"tasse-povia-nel-faccia-a-faccia-va-alle-corde-foto","status":"publish","type":"post","link":"https:\/\/archiviogioia.lavocedelpaese.info\/?p=46682","title":{"rendered":"TASSE. POVIA NEL FACCIA A FACCIA VA ALLE CORDE-foto"},"content":{"rendered":"<p><a title=\"dibattito tasi con sindaco by LA VOCE DEL PAESE, on Flickr\" href=\"https:\/\/www.flickr.com\/photos\/91470992@N02\/15477186866\"><img loading=\"lazy\" decoding=\"async\" style=\"display: block; margin-left: auto; margin-right: auto;\" src=\"https:\/\/farm6.staticflickr.com\/5607\/15477186866_151ffce5bb_z.jpg\" alt=\"dibattito tasi con sindaco\" width=\"320\" height=\"240\" \/><\/a><\/p>\n<p><!--more--><\/p>\n<p style=\"margin-bottom: 0.0001pt; text-align: justify; line-height: normal;\"><a title=\"dibattito tasi con sindaco by LA VOCE DEL PAESE, on Flickr\" href=\"https:\/\/www.flickr.com\/photos\/91470992@N02\/15500347055\"><img loading=\"lazy\" decoding=\"async\" style=\"margin: 4px; float: left;\" src=\"https:\/\/farm4.staticflickr.com\/3929\/15500347055_2d3ae62091_n.jpg\" alt=\"dibattito tasi con sindaco\" width=\"400\" height=\"266\" \/><\/a><strong>Tanto lo sconcerto e la rabbia emersi nell\u2019incontro organizzato da \u201cGioiaNet e \u201cla voce del paese\u201d<\/strong> sabato, 27 settembre, nel Chiostro comunale, <strong>per denunciare il malumore<\/strong> causato dall\u2019accanimento fiscale e dalle elevate aliquote che gravano sui cittadini vessati in quanto rei di aver \u2026 casa, anche una sola e non essere proprietari di abitazioni di lusso o costruttori.<\/p>\n<p style=\"margin: 0cm 0cm 0.0001pt; text-align: justify;\">Infatti <strong>in molti non sanno che<\/strong> <strong><span style=\"font-weight: normal;\">la TASI non comprende assolutamente la tassa sui rifiuti e che <\/span>le tasse da pagare sono tre<\/strong><strong>:<\/strong><\/p>\n<p style=\"margin: 0cm 0cm 0.0001pt; text-align: justify;\">1) <strong>l\u2019IMU<\/strong><strong>,<\/strong> da applicare sugli altri fabbricati con aliquota del 10.60 per mille (prima rata pagata il 16 giugno scorso, con saldo entro il 16 dicembre);<\/p>\n<p style=\"margin: 0cm 0cm 0.0001pt; text-align: justify;\">2) <strong>la TASI<\/strong>, sulle abitazioni principali e pertinenze pari al 2,50 per mille, da pagare entro il 16 ottobre come prima rata e il saldo sempre a dicembre;<\/p>\n<p style=\"margin: 0cm 0cm 0.0001pt; text-align: justify;\">3) <strong>la TARI<\/strong><strong>,<\/strong> tassa sui rifiuti, che non dovrebbe discostarsi pi\u00f9 di tanto da quello che si \u00e8 pagato con la TARES che tanto ha fatto discutere ed arrabbiare lo scorso anno.<\/p>\n<p style=\"margin-bottom: 0.0001pt; text-align: justify; line-height: normal;\">Vano il tentativo di strappare fino all\u2019ultimo minuto al sindaco Povia la promessa di ridurre le tasse.<a title=\"dibattito tasi con sindaco by LA VOCE DEL PAESE, on Flickr\" href=\"https:\/\/www.flickr.com\/photos\/91470992@N02\/15313606100\"><img loading=\"lazy\" decoding=\"async\" style=\"margin: 4px; float: right;\" src=\"https:\/\/farm4.staticflickr.com\/3946\/15313606100_edf2c8fc8e_n.jpg\" alt=\"dibattito tasi con sindaco\" width=\"400\" height=\"266\" \/><\/a><\/p>\n<p style=\"margin-bottom: 0.0001pt; text-align: justify; line-height: normal;\">Una volont\u00e0 che pur di fronte all\u2019annuncio di aver pareggiato i conti, il primo cittadino proprio non sente di voler manifestare.<\/p>\n<p style=\"margin-bottom: 0.0001pt; text-align: justify; line-height: normal;\"><strong>LO STATO RIMBORSA LA TASI\u2026 MA POVIA NON LO SA <\/strong><\/p>\n<p style=\"margin-bottom: 0.0001pt; text-align: justify; line-height: normal;\">L\u2019incontro iniziato con circa tre quarti d\u2019ora di ritardo in attesa dell\u2019arrivo di <strong>Povia<\/strong>, ha visto nel faccia a faccia confrontarsi con il primo cittadino i consiglieri <strong>Enzo Cuscito e Johnny Mastrangelo<\/strong> e il sindacalista <strong>Franco Capodiferro<\/strong>. A condurre l\u2019incontro <strong>Donato Stoppini<\/strong>, \u201cdisarmato\u201d nel momento in cui \u00e8 stato costretto a cedere l\u2019unico microfono funzionante dei due presenti, fino a poche ore prima ritenuto in perfetto stato.<\/p>\n<p style=\"margin-bottom: 0.0001pt; text-align: justify; line-height: normal;\">Impari, pertanto, la contesa. <strong>Il sindaco abbarbicato al microfono era un fiume in piena<\/strong>, e se necessario anche fuori microfono la sua voce giungeva ben chiara per interrompere Cuscito, un po\u2019 meno Mastrangelo, mai Capodiferro e spesso e con convinta indignazione Stoppini, accusato di essere \u201cignorante\u201d in materia di bilancio per il solo fatto di aver sottolineato quanto poi confermato dal consigliere Falcone, che in materia \u00e8\u2026 ferrato, ovvero che parte della TASI, l\u2019imposta sui servizi indivisibili applicata sulle ab<a title=\"dibattito tasi con sindaco by LA VOCE DEL PAESE, on Flickr\" href=\"https:\/\/www.flickr.com\/photos\/91470992@N02\/15313610670\"><img loading=\"lazy\" decoding=\"async\" style=\"margin: 4px; float: left;\" src=\"https:\/\/farm3.staticflickr.com\/2950\/15313610670_64f7b5ae05_n.jpg\" alt=\"dibattito tasi con sindaco\" width=\"400\" height=\"266\" \/><\/a>itazioni principali, \u00e8 rimborsata al Comune dallo Stato che ha stanziato 625 milioni di euro, consentendo ad altri sindaci di altri Comuni di non applicarla.<\/p>\n<p style=\"margin-bottom: 0.0001pt; text-align: justify; line-height: normal;\">Di fronte all\u2019evidenza &#8211; essendo riportato proprio nel bilancio discusso marted\u00ec scorso in Consiglio quanto previsto dalla norma, Povia si \u00e8 arrampicato sugli specchi, arrivando ad affermare che gli 800.000,00 euro della Tasi sarebbero stati il \u201ctesoretto\u201d di futuri investimenti e che la tassa andava comunque riscossa, perch\u00e9 lo Stato poteva anche cambiare\u2026 idea!<\/p>\n<p style=\"margin-bottom: 0.0001pt; text-align: justify; line-height: normal;\">Il pubblico numeroso e desideroso di partecipare con domande e proprie considerazioni, ha pertanto atteso invano che il logorroico intervento del sindaco avesse termine.<\/p>\n<p style=\"margin-bottom: 0.0001pt; text-align: justify; line-height: normal;\"><strong>\u201cBANDI\u201d A PERDERE\u2026<\/strong><\/p>\n<p style=\"margin-bottom: 0.0001pt; text-align: justify; line-height: normal;\">Il primo cittadino ha pi\u00f9 o meno ripetuto quanto gi\u00e0 scritto sul suo profilo &#8211; una vera e propria \u201cAnsa\u201d comunale da cui attinge la concorrenza per poi sottolineare che le dichiarazioni riportate (c<a title=\"dibattito tasi con sindaco by LA VOCE DEL PAESE, on Flickr\" href=\"https:\/\/www.flickr.com\/photos\/91470992@N02\/15497180151\"><img loading=\"lazy\" decoding=\"async\" style=\"margin: 4px; float: right;\" src=\"https:\/\/farm4.staticflickr.com\/3930\/15497180151_982a6ed1e8_n.jpg\" alt=\"dibattito tasi con sindaco\" width=\"400\" height=\"266\" \/><\/a>opiate \u201cpare, pare\u201d) sono rilasciate in esclusiva alla propria testata. Eppure Povia del dibattito da noi organizzato, cui ha partecipato, non ha fatto parola sul suo profilo\u2026 Chiss\u00e0 perch\u00e9!<\/p>\n<p style=\"margin-bottom: 0.0001pt; text-align: justify; line-height: normal;\">Tornando in tema, nessuna risposta \u00e8 stata data alle richieste di Cuscito, Mastrangelo e Capodiferro sulla riduzione delle spese e delle consulenze, tanto meno sulla Ce.r.in fortemente voluta e pagata a caro prezzo dalla citt\u00e0. Da sola, infatti, su ogni euro tassato guadagna percentuali folli che in un anno superano il mezzo milione di euro. Solo un lungo elenco dei debiti veri o presunti da saldare e degli investimenti (molti dei quali a perdere).<\/p>\n<p style=\"margin-bottom: 0.0001pt; line-height: normal; text-align: justify;\">Un esempio? Il bando per il trasporto comunale cui ha partecipato una sola ditta (la solita) con un ribasso dell\u20191%, portandosi 1.500.000,00 euro in cassa, a fronte di un servizio in parte pagato (trasporto scolastico), in parte non utilizzato (gli autobus di citt\u00e0 girano a vuoto e vuoti per tutto il giorno). Si \u00e8 poi parlato di bilanci Spes gonfiati da aumenti di tasse regionali imprevisti, di asilo nido con esose esternalizzazioni, di posizioni apicali rivelatesi una vera emorragia per i conti pubblici, senza produrre alcun risparmio e &#8211; cosa ancor pi\u00f9 grave &#8211; senza rispondere di errori anche gravi che hanno portato a denunce alla Corte dei Conti.<a title=\"dibattito tasi con sindaco by LA VOCE DEL PAESE, on Flickr\" href=\"https:\/\/www.flickr.com\/photos\/91470992@N02\/15313618960\"><img loading=\"lazy\" decoding=\"async\" style=\"margin: 4px; float: left;\" src=\"https:\/\/farm6.staticflickr.com\/5598\/15313618960_46ae2265a5_n.jpg\" alt=\"dibattito tasi con sindaco\" width=\"400\" height=\"266\" \/><\/a><\/p>\n<p style=\"margin-bottom: 0.0001pt; text-align: justify; line-height: normal;\">Errori commessi anche dal sindaco, come sottolineato da Cuscito, nel momento in cui firma provvedimenti senza rendersi conto di cosa sta firmando, \u00e8 il caso dei 61mila euro che il Comune dovrebbe al legale della Ce.r.in per le ingiunzioni inviate ai cittadini, che da contratto dovevano essere pagati dalla Ce.r.in.<\/p>\n<p style=\"margin-bottom: 0.0001pt; text-align: justify; line-height: normal;\"><strong>POVIA\u2026 NON LEGGE QUEL CHE FIRMA<\/strong><\/p>\n<p style=\"margin-bottom: 0.0001pt; text-align: justify; line-height: normal;\">Ne \u00e8 venuto fuori un quadro desolante\u2026 il primo cittadino non ha tempo di leggere nulla, neanche quel che firma, e accusa anche per sentito dire, avendo tra le sue fila pessimi e poco affidabili informatori. La scivolata \u00e8 giunta quando &#8211; nel tentativo di gettare scredito sulla libert\u00e0 della nostra testata &#8211; ha accusato Stoppini di essere salito sul palco di Pro.di.gio e Sep per dire la sua, e non in piazza, tra la folla, da cittadino come per altro ampiamente testimoniato dal filmato di Maria Castellaneta condiviso sul sito di GioiaNet.<\/p>\n<p style=\"margin-bottom: 0.0001pt; line-height: normal; text-align: justify;\">Mastrangelo a chiusura dell\u2019annosa querelle sui debiti lasciati da Longo, invita Povia a chiedere lumi alla<a title=\"dibattito tasse by LA VOCE DEL PAESE, on Flickr\" href=\"https:\/\/www.flickr.com\/photos\/91470992@N02\/15313874760\"><img loading=\"lazy\" decoding=\"async\" style=\"margin: 4px; float: right;\" src=\"https:\/\/farm6.staticflickr.com\/5600\/15313874760_77d4090d55_n.jpg\" alt=\"dibattito tasse\" width=\"400\" height=\"266\" \/><\/a> sua maggioranza, allora in forza a Longo.<\/p>\n<p style=\"margin-bottom: 0.0001pt; text-align: justify; line-height: normal;\">Al riguardo di debiti inesigibili e di costosissimi espropri (35mila euro al metro quadro per via Jacopo Sannazzaro alla Stars del farmacista Michele Favale), oneri di urbanizzazioni della Meridionale Grigliati a fronte dell\u2019unico recupero crediti da parte dell\u2019Acq e del presunto risparmio per le beghe legate ai risarcimenti danni grazie al broker assicurativo (dato da verificare), ben poco \u00e8 emerso.<\/p>\n<p style=\"text-align: justify;\">N\u00e9 \u00e8 stata data risposta all\u2019accusa di causare danni alle future generazioni con affidamenti ventennali (bando di illuminazione pubblica per 14 milioni di euro) che bloccheranno ogni ipotesi di risparmio energetico ricorrendo a nuove tecnologie. Unica novit\u00e0 emersa, la richiesta di danni presentata dall\u2019Adriatika Nuoto, societ\u00e0 che si \u00e8 aggiudicata l\u2019appalto della piscina, a seguito della ritardata consegna delle chiavi. E\u2019 il caso di dire\u2026 piove sul bagnato!<\/p>\n<p style=\"margin-bottom: 0.0001pt; text-align: justify; line-height: normal;\"><strong>A DOMANDA FATTA POVIA NON RISPONDE<\/strong><\/p>\n<p style=\"margin-bottom: 0.0001pt; line-height: normal;\">Infine nessuna risposta alle domande poste da Stoppini:<\/p>\n<p style=\"margin-bottom: 0.0001pt; text-align: justify; line-height: normal;\">1) Le abitazioni dei costrut<a title=\"pino lovero by LA VOCE DEL PAESE, on Flickr\" href=\"https:\/\/www.flickr.com\/photos\/91470992@N02\/15313421099\"><img loading=\"lazy\" decoding=\"async\" style=\"margin: 4px; float: left;\" src=\"https:\/\/farm6.staticflickr.com\/5608\/15313421099_6acb50d6dc.jpg\" alt=\"pino lovero\" width=\"300\" height=\"396\" \/><\/a>tori non vendute sono state esentate dal pagamento dell&#8217;IMU non della TASI, quindi l&#8217;Amministrazione deve spiegare a tutti i cittadini come mai ha deciso di non applicarla, a differenza di quanto stabilito per tutti i possessori di abitazioni principali e pertinenze;<br \/> 2) al Comune era data la possibilit\u00e0 di incrementare dello 0,8 per mille l&#8217;aliquota TASI, con l&#8217;obbligo per\u00f2 di incrementare le detrazioni per i possessori delle abitazioni principali a basso reddito, i pi\u00f9 penalizzati dall&#8217;introduzioni di questa nuova tassa. In questo caso la percentuale per le abitazioni non vendute sarebbe passata al 3,30 per mille e l&#8217;IMU sulle abitazioni di lusso al 6,8 per mille. Perch\u00e9 si \u00e8 deciso di non applicarla?<\/p>\n<p style=\"margin-bottom: 0.0001pt; line-height: normal; text-align: justify;\">3) In generale, perch\u00e9 si \u00e8 deciso di tassare al massimo, con l&#8217;applicazione di una detrazione insignificante, le sole abitazioni principali non di lusso con relative pertinenze? [<strong>foto Maria Castellaneta e Aldo Liuzzi<\/strong>]<\/p>\n<p style=\"margin-bottom: 0.0001pt; line-height: normal; text-align: center;\"><strong>LA PAROLA AI CITTADINI\u2026 <\/strong><\/p>\n<p style=\"margin-bottom: 0.0001pt; text-align: justify; line-height: normal;\"><strong>Vito Lovero e Cesare Magistr<\/strong><strong>o chiedono al sindaco la verit\u00e0<\/strong><\/p>\n<p style=\"margin-bottom: 0.0001pt; text-align: justify; line-height: normal;\">Egr. sig. Sindaco, come cittadino vorrei domandarle, in termini di flussi di cassa, se la mancata manutenzione delle strade ed accessori (marciapiedi, rampe etc.) rispetto agli innumerevoli risarcimenti ottenuti dalle persone danneggiate dallo stato dei luoghi, comporti comunque un risparmio di spesa per il Comune. Tanto chiedo perch\u00e9, se cos\u00ec non fosse, il comportamento tenuto da questa Amministrazione sarebbe oltremodo incomprensibile.<\/p>\n<p style=\"margin-bottom: 0.0001pt; text-align: justify; line-height: normal;\">Inoltre, visto che sono per lavoro un pendolare e quindi mi reco in stazione ferroviaria quasi tutti i giorni, vorrei chiederLe come intende il Comune regolare la questione degli immigrati ivi presenti.<a title=\"cesare magistro by LA VOCE DEL PAESE, on Flickr\" href=\"https:\/\/www.flickr.com\/photos\/91470992@N02\/15313605260\"><img loading=\"lazy\" decoding=\"async\" style=\"margin: 4px; float: right;\" src=\"https:\/\/farm3.staticflickr.com\/2949\/15313605260_c3b9b2aa75_o.jpg\" alt=\"cesare magistro\" width=\"300\" height=\"326\" \/><\/a><\/p>\n<p style=\"margin-bottom: 0.0001pt; text-align: justify; line-height: normal;\">Senza voler dar fiato ad inutili polemiche, ritengo la questione seria, anche alla luce delle \u201cmalattie\u201d note alle cronache, che potrebbero diffondersi. Ci sono controlli sanitari appurati?<\/p>\n<p style=\"margin-bottom: 0.0001pt; text-align: justify; line-height: normal;\">Pensi che con me viaggiano centinaia di ragazzi ogni giorno.<\/p>\n<p style=\"margin-bottom: 0.0001pt; text-align: justify; line-height: normal;\">Infine, a proposito di sanit\u00e0, consapevole delle scellerate politiche nazionali e regionali, Lei, quale rappresentante del governo ma nei limiti delle sue possibilit\u00e0, come intende fornire ai suoi concittadini un servizio sanitario almeno di primo intervento? Ultimo ma non per importanza, come intende, sempre nei limiti dei suoi poteri e consci dei sigilli dell\u2019Autorit\u00e0 giudiziaria, tentare di porre rimedio al disastro ambientale di \u201cLama S. Giorgio\u201d? In prossimit\u00e0 degli scarichi Le ricordo che ci sono coltivazioni che, verosimilmente, finiscono sulle tavole dei suoi concittadini. [<strong>Vito Lovero<\/strong>]<\/p>\n<p style=\"margin-bottom: 0.0001pt; text-align: center; line-height: normal;\" align=\"center\"><strong>&#8212;&#8212;&#8212;&#8212;&#8212;-<\/strong><strong>&#8212;&#8212;&#8212;<\/strong><\/p>\n<p style=\"margin-bottom: 0.0001pt; text-align: justify; line-height: normal;\">Egregio \u201cPrimo Cittadino\u201d, come individuo di questa comunit\u00e0 le avrei posto alcune semplici domande, se lei non si fosse appropriato per l\u2019ennesima volta della scena (e del microfono) diventando unico protagonista assoluto (in negativo) e negando di fatto l\u2019intervento di altri cittadini, tanto da costringerli ad <a title=\"Non dobbiamo essere Omertosi by LA VOCE DEL PAESE, on Flickr\" href=\"https:\/\/www.flickr.com\/photos\/91470992@N02\/15477208416\"><img loading=\"lazy\" decoding=\"async\" style=\"margin: 4px; float: left;\" src=\"https:\/\/farm6.staticflickr.com\/5597\/15477208416_a209958ab8_n.jpg\" alt=\"Non dobbiamo essere Omertosi\" width=\"400\" height=\"300\" \/><\/a>alzare i toni per interrompere il suo monologo!<\/p>\n<p style=\"margin-bottom: 0.0001pt; text-align: justify; line-height: normal;\">A Lei, sig. Sindaco avrei chiesto: la tanto osannata efficienza della SPES, a fronte delle tasse versate e che ci apprestiamo a versare in maniera rincarata, come mai non ha un riscontro di proporzionata efficienza?<\/p>\n<p style=\"margin-bottom: 0.0001pt; text-align: justify; line-height: normal;\">Per appurare personalmente dette affermazioni, basterebbe che lei girasse per mezz\u2019ora in bici (forse meglio con un cingolato, viste le tante buche pericolose disseminate) per rendersi conto di tanto degrado: contenitori per la differenziata ridotti a rottami, giardini che hanno l\u2019aspetto di jungla abbandonata, sterpaglie ovunque, alberi non potati, cespugli spuntati spontaneamente alla base degli stessi; chieda da parte nostra al Sig. MANCAZZO (Dirigente S.P.E.S.) dove sono gli investimenti in termini di mezzi e contenitori vari che aveva annunciato in sede comunale nel luglio scorso, che avrebbero migliorato l\u2019efficienza dell\u2019azienda? Come mai la differenziata tanto pubblicizzata, non viene adottata nemmeno dai suoi dipendenti, con cartoni negligentemente e volutamente buttati <a title=\"Cartone indifferenziato by LA VOCE DEL PAESE, on Flickr\" href=\"https:\/\/www.flickr.com\/photos\/91470992@N02\/15497203141\"><img loading=\"lazy\" decoding=\"async\" style=\"margin: 4px; float: right;\" src=\"https:\/\/farm3.staticflickr.com\/2948\/15497203141_0d0260d8db_n.jpg\" alt=\"Cartone indifferenziato\" width=\"400\" height=\"300\" \/><\/a>nel compattatore. Come mai la S.P.E.S. si \u00e8 avvalsa di un centro privato di raccolta (Eco Punto) per raggiungere i livelli percentuali tanto pubblicizzati? Pagando alla stessa il materiale differenziato? Perch\u00e9 il singolo cittadino non \u00e8 stato messo in condizioni di accentrare tali rifiuti differenziati presso la sede della SPES, ottenendo con le stesse modalit\u00e0 adottate dall\u2019Ecopunto ,sgravio in termini di corrispettivo valore dei rifiuti differenziati?<\/p>\n<p style=\"margin-bottom: 0.0001pt; text-align: justify; line-height: normal;\">Come mai non c\u2019\u00e8 stato un piano dedicato alla rimozione e alla bonifica di zone, in cui tali sostanze pericolose sono abbandonate!? In merito esiste un piano Regionale firmato dall\u2019Assessore alla Qualit\u00e0 dell\u2019Ambiente Lorenzo Nicastro, se il Comune non ne \u00e8 a conoscenza ecco il riferimento di una&nbsp;&nbsp; Delibera della Giunta Regionale 16 maggio 2011, n. 1070 (Bollettino Ufficiale della Regione Puglia n. 87 del 03\/06\/2011) con il quale ha approvato le \u201cLinee di indirizzo per la protezione dai rischi connessi all\u2019esposizione all\u2019amianto\u201d. Non volendo appropriami della scena passo la parola a altri cittadini che volessero intervenire! [<strong>Cesare Magistro<\/strong>]<\/p>\n<p>\n<object data=\"https:\/\/photos.gstatic.com\/media\/slideshow.swf\" type=\"application\/x-shockwave-flash\" width=\"640\" height=\"480\"><param name=\"flashvars\" value=\"host=picasaweb.google.com&amp;hl=it&amp;feat=flashalbum&amp;RGB=0x000000&amp;feed=https%3A%2F%2Fpicasaweb.google.com%2Fdata%2Ffeed%2Fapi%2Fuser%2F104626251937098962566%2Falbumid%2F6068741273247583457%3Falt%3Drss%26kind%3Dphoto%26hl%3Dit\" \/><param name=\"movie\" value=\"https:\/\/photos.gstatic.com\/media\/slideshow.swf\" \/><\/object><\/p>\n","protected":false},"excerpt":{"rendered":"","protected":false},"author":1,"featured_media":0,"comment_status":"open","ping_status":"closed","sticky":false,"template":"","format":"standard","meta":{"colormag_page_container_layout":"default_layout","colormag_page_sidebar_layout":"default_layout","footnotes":""},"categories":[4],"tags":[],"class_list":["post-46682","post","type-post","status-publish","format-standard","hentry","category-politica"],"_links":{"self":[{"href":"https:\/\/archiviogioia.lavocedelpaese.info\/index.php?rest_route=\/wp\/v2\/posts\/46682","targetHints":{"allow":["GET"]}}],"collection":[{"href":"https:\/\/archiviogioia.lavocedelpaese.info\/index.php?rest_route=\/wp\/v2\/posts"}],"about":[{"href":"https:\/\/archiviogioia.lavocedelpaese.info\/index.php?rest_route=\/wp\/v2\/types\/post"}],"author":[{"embeddable":true,"href":"https:\/\/archiviogioia.lavocedelpaese.info\/index.php?rest_route=\/wp\/v2\/users\/1"}],"replies":[{"embeddable":true,"href":"https:\/\/archiviogioia.lavocedelpaese.info\/index.php?rest_route=%2Fwp%2Fv2%2Fcomments&post=46682"}],"version-history":[{"count":0,"href":"https:\/\/archiviogioia.lavocedelpaese.info\/index.php?rest_route=\/wp\/v2\/posts\/46682\/revisions"}],"wp:attachment":[{"href":"https:\/\/archiviogioia.lavocedelpaese.info\/index.php?rest_route=%2Fwp%2Fv2%2Fmedia&parent=46682"}],"wp:term":[{"taxonomy":"category","embeddable":true,"href":"https:\/\/archiviogioia.lavocedelpaese.info\/index.php?rest_route=%2Fwp%2Fv2%2Fcategories&post=46682"},{"taxonomy":"post_tag","embeddable":true,"href":"https:\/\/archiviogioia.lavocedelpaese.info\/index.php?rest_route=%2Fwp%2Fv2%2Ftags&post=46682"}],"curies":[{"name":"wp","href":"https:\/\/api.w.org\/{rel}","templated":true}]}}