{"id":46709,"date":"2014-10-17T02:31:37","date_gmt":"2014-10-17T02:31:37","guid":{"rendered":"https:\/\/archiviogioia.lavocedelpaese.info\/?p=46709"},"modified":"2014-10-17T02:31:37","modified_gmt":"2014-10-17T02:31:37","slug":"storytelling-generazioni-a-sud-un-libro-su-gioia","status":"publish","type":"post","link":"https:\/\/archiviogioia.lavocedelpaese.info\/?p=46709","title":{"rendered":"\u201cSTORYTELLING. GENERAZIONI A SUD\u201d. UN LIBRO SU GIOIA"},"content":{"rendered":"<p><a title=\"la librellula by LA VOCE DEL PAESE, on Flickr\" href=\"https:\/\/www.flickr.com\/photos\/91470992@N02\/15367216968\"><img loading=\"lazy\" decoding=\"async\" style=\"display: block; margin-left: auto; margin-right: auto;\" src=\"https:\/\/farm6.staticflickr.com\/5616\/15367216968_47317b2784_n.jpg\" alt=\"la librellula\" width=\"320\" height=\"240\" \/><\/a><\/p>\n<p><!--more--><\/p>\n<p style=\"margin-bottom: 0.0001pt; line-height: normal; text-align: justify;\"><a title=\"la librellula by LA VOCE DEL PAESE, on Flickr\" href=\"https:\/\/www.flickr.com\/photos\/91470992@N02\/15367342927\"><img loading=\"lazy\" decoding=\"async\" style=\"margin: 4px; float: left;\" src=\"https:\/\/farm6.staticflickr.com\/5613\/15367342927_52b0e53b98_z.jpg\" alt=\"la librellula\" width=\"320\" height=\"449\" \/><\/a>Si chiama \u201c<strong>\u201cStorytelling. Generazioni a Sud<\/strong>\u201d il nuovo progetto di 021 Sas la cui presentazione avverr\u00e0 il giorno 17 ottobre 2014 alle ore 19.00, <strong>presso la libreria \u201cla Librellula\u201d<\/strong>, in via Ricciotto Canudo, 132 a Gioia del Colle. Trattasi di un intenso laboratorio di scrittura creativa rivolto a chi desidera avvicinarsi al mondo della scrittura. <strong>Otto incontri<\/strong> della durata complessiva di 16 ore, in cui rifugiarsi d\u2019inverno, tra letture e condivisione della propria storia.<\/p>\n<p style=\"margin-bottom: 0.0001pt; line-height: normal; text-align: justify;\">\u201cSi \u00e8 soliti pensare alla scrittura come ad un percorso personale e unico che attinge all\u2019esperienza, alla memoria, ai sentimenti e alle dinamiche mentali di un individuo. Questo \u00e8 vero, ma la creativit\u00e0 letteraria non \u00e8 un fiume in piena senza controllo. Deve organizzarsi all\u2019interno di procedimenti logici di cui possono essere individuate le fasi, le tecniche, la struttura\u201d.<\/p>\n<p style=\"margin-bottom: 0.0001pt; line-height: normal; text-align: justify;\">Il laboratorio si concluder\u00e0 con la pubblicazione finale di un libro. L\u2019idea \u00e8 nata dalla passione per la scrittura e dalla filosofia di vita di 021 le cui attivit\u00e0 nascono con il fine di portare nuove cause al mondo attraverso la comunicazione, la provocazione culturale e l\u2019espressione creativa. Quale sar\u00e0 il tema del Libro? <strong>Il tema del libro<\/strong> e dei successivi progetti artistici che seguiranno questa iniziativa \u00e8 \u201c<strong>I MIEI TRENT\u2019ANNI<\/strong>\u201d.&nbsp;<\/p>\n<p style=\"margin-bottom: 0.0001pt; line-height: normal; text-align: justify;\"><strong>Invitiamo la comunit\u00e0 di Gioia del Colle a partecipare<\/strong> alla serata di presentazione del 17 ottobre. In particolare i <strong>Presidi e Docenti<\/strong> dei licei, i responsabili delle associazioni e organizzazioni promotori di attivit\u00e0 culturali come anche l\u2019universit\u00e0 della terza et\u00e0, a coinvolgere partecipanti affinch\u00e9 possano nascere opportunit\u00e0 di confronto, riflessione, di testimonianza diretta di pi\u00f9 generazioni, attraverso la scrittura della nostra storia. <strong>Per info<\/strong> \u00e8 possibile rivolgersi presso la sede di 021 in Via Cairoli 22, a Gioia del Colle oppure scrivere a <a href=\"mailto:info@zeroventuno.it\" target=\"_blank\" rel=\"noopener\"><span style=\"text-decoration: none;\">info@zeroventuno.it<\/span><\/a>.<\/p>\n<p>&nbsp;<\/p>\n","protected":false},"excerpt":{"rendered":"","protected":false},"author":1,"featured_media":0,"comment_status":"open","ping_status":"closed","sticky":false,"template":"","format":"standard","meta":{"colormag_page_container_layout":"default_layout","colormag_page_sidebar_layout":"default_layout","footnotes":""},"categories":[7],"tags":[],"class_list":["post-46709","post","type-post","status-publish","format-standard","hentry","category-attualita"],"_links":{"self":[{"href":"https:\/\/archiviogioia.lavocedelpaese.info\/index.php?rest_route=\/wp\/v2\/posts\/46709","targetHints":{"allow":["GET"]}}],"collection":[{"href":"https:\/\/archiviogioia.lavocedelpaese.info\/index.php?rest_route=\/wp\/v2\/posts"}],"about":[{"href":"https:\/\/archiviogioia.lavocedelpaese.info\/index.php?rest_route=\/wp\/v2\/types\/post"}],"author":[{"embeddable":true,"href":"https:\/\/archiviogioia.lavocedelpaese.info\/index.php?rest_route=\/wp\/v2\/users\/1"}],"replies":[{"embeddable":true,"href":"https:\/\/archiviogioia.lavocedelpaese.info\/index.php?rest_route=%2Fwp%2Fv2%2Fcomments&post=46709"}],"version-history":[{"count":0,"href":"https:\/\/archiviogioia.lavocedelpaese.info\/index.php?rest_route=\/wp\/v2\/posts\/46709\/revisions"}],"wp:attachment":[{"href":"https:\/\/archiviogioia.lavocedelpaese.info\/index.php?rest_route=%2Fwp%2Fv2%2Fmedia&parent=46709"}],"wp:term":[{"taxonomy":"category","embeddable":true,"href":"https:\/\/archiviogioia.lavocedelpaese.info\/index.php?rest_route=%2Fwp%2Fv2%2Fcategories&post=46709"},{"taxonomy":"post_tag","embeddable":true,"href":"https:\/\/archiviogioia.lavocedelpaese.info\/index.php?rest_route=%2Fwp%2Fv2%2Ftags&post=46709"}],"curies":[{"name":"wp","href":"https:\/\/api.w.org\/{rel}","templated":true}]}}