{"id":46742,"date":"2014-10-23T07:10:41","date_gmt":"2014-10-23T07:10:41","guid":{"rendered":"https:\/\/archiviogioia.lavocedelpaese.info\/?p=46742"},"modified":"2014-10-23T07:10:41","modified_gmt":"2014-10-23T07:10:41","slug":"pro-loco-intitola-sede-al-grande-antonio-donvito","status":"publish","type":"post","link":"https:\/\/archiviogioia.lavocedelpaese.info\/?p=46742","title":{"rendered":"PRO LOCO INTITOLA SEDE AL GRANDE ANTONIO DONVITO"},"content":{"rendered":"<p><a title=\"antonio donvito by LA VOCE DEL PAESE, on Flickr\" href=\"https:\/\/www.flickr.com\/photos\/91470992@N02\/15420997627\"><img loading=\"lazy\" decoding=\"async\" style=\"display: block; margin-left: auto; margin-right: auto;\" src=\"https:\/\/farm4.staticflickr.com\/3933\/15420997627_54a8ebd44b_n.jpg\" alt=\"antonio donvito\" width=\"320\" height=\"240\" \/><\/a><\/p>\n<p><!--more--><\/p>\n<p style=\"margin-bottom: 0.0001pt; line-height: normal; text-align: justify;\"><a title=\"scavi monte sannace by LA VOCE DEL PAESE, on Flickr\" href=\"https:\/\/www.flickr.com\/photos\/91470992@N02\/9668486693\"><img loading=\"lazy\" decoding=\"async\" style=\"margin: 4px; float: left;\" src=\"https:\/\/farm4.staticflickr.com\/3727\/9668486693_205ec65f9d_n.jpg\" alt=\"scavi monte sannace\" width=\"400\" height=\"300\" \/><\/a><strong>Il 24 ottobre<\/strong> alle ore 17.30 presso&nbsp;la Sala&nbsp;&nbsp;Gineceo del Castello Normanno Svevo di Gioia, si terr\u00e0 l&#8217;incontro organizzato dalla <strong>Pro Loco<\/strong> per celebrare&nbsp;il <strong>50\u00b0 anniversario della sua fondazione<\/strong> ed <strong>intitolare la propria sede al prof. Antonio Donvito<\/strong>, gi\u00e0 Presidente del&#8217;associazione, storico e archeologo.<\/p>\n<p style=\"margin-bottom: 0.0001pt; line-height: normal; text-align: justify;\">Interverranno il presidente della Pro Loco <strong>Augusto Vito Angelillo<\/strong>, il sindaco <strong>Sergio Povia<\/strong>, l&#8217;avv. <strong>Gennaro Losito<\/strong>, fondatore e presidente della Pro Loco negli anni in cui Donvito scrisse la storia di Gioia, il dott. <strong>Paolo Malagrino<\/strong>, archeologo della Preistoria e la dott.ssa <strong>Angela Ciancio<\/strong>, direttrice del Museo Nazionale Aecheologico e del Castello Svevo di Gioia. Moderer\u00e0 l&#8217;incontro la professoressa <strong>Milena Pavone<\/strong>.<\/p>\n<p style=\"margin-bottom: 0.0001pt; line-height: normal; text-align: justify;\">A margine di un incontro cos\u00ec prestigioso nel quale sar\u00e0 commemorato&nbsp;lo studioso scomparso 12 anni fa, non a caso considerato Genius Loci della citt\u00e0, <strong>tutti coloro che hanno un ricordo personale di Antonio Donvito<\/strong>, delle riflessioni o delle considerazioni sul suo operato&nbsp;e desiderano condividerle&nbsp;con i lettori, <strong>possono inviarle<\/strong> a: <a href=\"mailto:redazione@gioianet.it\" target=\"_blank\" rel=\"noopener\">redazione@gioianet.it<\/a>.<\/p>\n<p><a title=\"locandina pro loco by LA VOCE DEL PAESE, on Flickr\" href=\"https:\/\/www.flickr.com\/photos\/91470992@N02\/15607835082\"><img loading=\"lazy\" decoding=\"async\" style=\"margin: 2px;\" src=\"https:\/\/farm4.staticflickr.com\/3952\/15607835082_c573561095_h.jpg\" alt=\"locandina pro loco\" width=\"660\" height=\"1184\" \/><\/a><\/p>\n","protected":false},"excerpt":{"rendered":"","protected":false},"author":1,"featured_media":0,"comment_status":"open","ping_status":"closed","sticky":false,"template":"","format":"standard","meta":{"colormag_page_container_layout":"default_layout","colormag_page_sidebar_layout":"default_layout","footnotes":""},"categories":[7],"tags":[],"class_list":["post-46742","post","type-post","status-publish","format-standard","hentry","category-attualita"],"_links":{"self":[{"href":"https:\/\/archiviogioia.lavocedelpaese.info\/index.php?rest_route=\/wp\/v2\/posts\/46742","targetHints":{"allow":["GET"]}}],"collection":[{"href":"https:\/\/archiviogioia.lavocedelpaese.info\/index.php?rest_route=\/wp\/v2\/posts"}],"about":[{"href":"https:\/\/archiviogioia.lavocedelpaese.info\/index.php?rest_route=\/wp\/v2\/types\/post"}],"author":[{"embeddable":true,"href":"https:\/\/archiviogioia.lavocedelpaese.info\/index.php?rest_route=\/wp\/v2\/users\/1"}],"replies":[{"embeddable":true,"href":"https:\/\/archiviogioia.lavocedelpaese.info\/index.php?rest_route=%2Fwp%2Fv2%2Fcomments&post=46742"}],"version-history":[{"count":0,"href":"https:\/\/archiviogioia.lavocedelpaese.info\/index.php?rest_route=\/wp\/v2\/posts\/46742\/revisions"}],"wp:attachment":[{"href":"https:\/\/archiviogioia.lavocedelpaese.info\/index.php?rest_route=%2Fwp%2Fv2%2Fmedia&parent=46742"}],"wp:term":[{"taxonomy":"category","embeddable":true,"href":"https:\/\/archiviogioia.lavocedelpaese.info\/index.php?rest_route=%2Fwp%2Fv2%2Fcategories&post=46742"},{"taxonomy":"post_tag","embeddable":true,"href":"https:\/\/archiviogioia.lavocedelpaese.info\/index.php?rest_route=%2Fwp%2Fv2%2Ftags&post=46742"}],"curies":[{"name":"wp","href":"https:\/\/api.w.org\/{rel}","templated":true}]}}