{"id":46854,"date":"2014-11-05T08:32:33","date_gmt":"2014-11-05T08:32:33","guid":{"rendered":"https:\/\/archiviogioia.lavocedelpaese.info\/?p=46854"},"modified":"2014-11-05T08:32:33","modified_gmt":"2014-11-05T08:32:33","slug":"atto-di-vandalismo-alla-fermata-di-villa-duse-foto-2","status":"publish","type":"post","link":"https:\/\/archiviogioia.lavocedelpaese.info\/?p=46854","title":{"rendered":"ATTO DI VANDALISMO ALLA FERMATA DI VILLA DUSE-foto"},"content":{"rendered":"<p><a title=\"vandali fermata fse villa duse by LA VOCE DEL PAESE, on Flickr\" href=\"https:\/\/www.flickr.com\/photos\/91470992@N02\/15715172491\"><img loading=\"lazy\" decoding=\"async\" style=\"display: block; margin-left: auto; margin-right: auto;\" src=\"https:\/\/farm8.staticflickr.com\/7523\/15715172491_d46ded747d_z.jpg\" alt=\"vandali fermata fse villa duse\" width=\"320\" height=\"240\" \/><\/a><\/p>\n<p><!--more--><\/p>\n<p style=\"margin-bottom: 0.0001pt; text-align: justify; line-height: normal;\"><strong>Veder fare a pezzi qu<\/strong><a title=\"vandali fermata fse villa duse by LA VOCE DEL PAESE, on Flickr\" href=\"https:\/\/www.flickr.com\/photos\/91470992@N02\/15693355136\"><img loading=\"lazy\" decoding=\"async\" style=\"margin: 4px; float: left;\" src=\"https:\/\/farm6.staticflickr.com\/5612\/15693355136_b365ee2721_n.jpg\" alt=\"vandali fermata fse villa duse\" width=\"400\" height=\"300\" \/><\/a><strong>anto costruito con amore \u00e8 di per s\u00e9 dilaniante<\/strong>, se poi ad esser distrutto \u00e8 un dono, un\u2019opera d\u2019arte offerta alla comunit\u00e0 a causa della classica bravata dei teppisti di turno, <strong>allo sgomento subentra l\u2019indignazione<\/strong>.<\/p>\n<p style=\"margin-bottom: 0.0001pt; text-align: justify; line-height: normal;\">Biba Vespuccia, al secolo <strong>Anna Soria, ha affidato alla sua Vespuccia il compito di \u201cpungere\u201d con ironia e sarcasmo i vandali<\/strong>, disegnando una striscia, (questa volta non su supporto plastico, per altro costoso, ma su carta) che potrebbe intitolarsi: \u201c<strong>Il fumi-raid di Biba Vespuccia<\/strong>\u201d.<\/p>\n<p style=\"margin-bottom: 0.0001pt; text-align: justify; line-height: normal;\"><strong>Dopo aver ricostruito la scena del \u201cdelitto\u201d<\/strong>, a confortare il cagnolino disgustato dal comportamento dei suoi padroni (tra animali e insetti vige solidariet\u00e0, a differenza degli esseri umani, \u201cbestiali\u201d per scelta e indole), la nostra vespuccia giunge sulla sua \u201cvespa da combattimento\u201d e con fumi ad alta concentrazione di \u201cspray umanicida\u201d ed una pernacchia smarmittata inonda i teppisti.<\/p>\n<p style=\"margin-bottom: 0.0001pt; text-align: justify; line-height: normal;\"><strong>RoomArt<\/strong>, progetto cui ha aderito l\u2019artista gioiese, <strong>annovera tra i suoi successi pi\u00f9 di un furto d\u2019arte<\/strong> (gi\u00e0 i primi pannelli della pensilina di Villa Duse sono stati asportati a poche settimane dalla loro apposizione), a conferma che il senso civico latita, in pochi vedono e nessuno denuncia.<\/p>\n<p style=\"margin-bottom: 0.0001pt; text-align: justify; line-height: normal;\"><strong>Perch\u00e9 mai, quindi, continuare in <\/strong><a title=\"vandali fermata fse villa duse by LA VOCE DEL PAESE, on Flickr\" href=\"https:\/\/www.flickr.com\/photos\/91470992@N02\/15097120404\"><img loading=\"lazy\" decoding=\"async\" style=\"margin: 4px; float: right;\" src=\"https:\/\/farm8.staticflickr.com\/7513\/15097120404_94b8b054eb_n.jpg\" alt=\"vandali fermata fse villa duse\" width=\"400\" height=\"266\" \/><\/a><strong>questa titanica impresa<\/strong> di abbellimento e decoro della citt\u00e0, se <strong>nessuno protegge e vigila<\/strong> sugli allestimenti?<\/p>\n<p style=\"margin-bottom: 0.0001pt; text-align: justify; line-height: normal;\">E\u2019 pur vero che per colpa di pochi non devono essere tutti penalizzati, ma <strong>la tentazione di migrare verso altri lidi<\/strong>, come Bruxelles o citt\u00e0 \u201ceducate\u201d all\u2019Arte, <strong>\u00e8 sempre pi\u00f9 forte<\/strong>.<\/p>\n<p style=\"text-align: justify;\"><span style=\"font-weight: normal;\">\u201c<\/span><span>Non riuscivo a crederci, quando Mario Pugliese mi ha telefonato<\/span><span style=\"font-weight: normal;\"> dicendomi che avevano fatto a<\/span><span style=\"font-weight: normal;\"> pezzi il pannello che avevo disegnato e avevamo fissato sulla pensilina di Villa Duse, <\/span><span style=\"font-weight: normal;\">mi sono sentita ferita, delusa\u2026! <\/span><span>Perch\u00e9 agire cos\u00ec?<\/span><span style=\"font-weight: normal;\">\u201d<\/span><\/p>\n<p style=\"text-align: justify;\"><strong><span style=\"line-height: 115%;\">Un \u201cperch\u00e9\u201d forse non c\u2019\u00e8<\/span><\/strong><span style=\"line-height: 115%;\">, cos\u00ec come non c\u2019\u00e8 \u201cbellezza\u201d nei cuori di chi ha infierito con crudelt\u00e0 privando i tanti pendolari di un simpatico allestimento, rubando un sorriso ai bambini e mandando in frantumi quella gioiosit\u00e0 che solo l\u2019arte pu\u00f2 dare!<\/span><\/p>\n<p style=\"text-align: center;\"><span style=\"line-height: 115%;\">&#8212;&#8212;&#8212;&#8212;&#8212;&#8212;&#8212;&#8212;&#8212;&#8212;&#8212;&#8212;&#8212;&#8212;&#8212;&#8212;-<\/span><\/p>\n<p style=\"text-align: justify;\"><span style=\"line-height: 115%;\">Di seguito quanto scritto su \u201cla voce del paese\u201d n. 36 del 04\/10\/2014. <\/span><\/p>\n<h1><strong>\u201cBiba <\/strong><strong>Vespu<\/strong><a title=\"vandali fermata fse villa duse by LA VOCE DEL PAESE, on Flickr\" href=\"https:\/\/www.flickr.com\/photos\/91470992@N02\/15531652178\"><img loading=\"lazy\" decoding=\"async\" style=\"margin: 4px; float: left;\" src=\"https:\/\/farm6.staticflickr.com\/5604\/15531652178_2d2fb9cc8c_n.jpg\" alt=\"vandali fermata fse villa duse\" width=\"400\" height=\"266\" \/><\/a><strong>ccia\u201d si racconta\u2026<\/strong><\/h1>\n<p style=\"text-align: justify;\">Brand tutto gioiese per far volare un sogno<\/p>\n<p style=\"margin-bottom: 0.0001pt; text-align: justify; line-height: normal;\">\u201cPassione, cuore, invenzione ed originalit\u00e0\u201d\u2026 questo \u00e8 per Biba Vespuccia &#8211; karmico alter ego di Anna Soria &#8211; il mantra che la sua simpaticissima creazione recita in un ronzio, mentre osserva il cielo e i suoi respiri\u2026<\/p>\n<p style=\"text-align: justify;\">Protagonista della mostra tenutasi dal 14 fino al 30 settembre presso la Librellula ed ospite d\u2019onore e d\u2019Arte in \u201cinTransito\u201d di RoomArt, nella pensilina posta accanto a Villa Duse -Vespuccia svela i suoi segreti e si racconta nell\u2019intervista rilasciata al nostro giornale dalla sua ideatrice, per tutti Biba Vespuccia, non a caso perdutamente innamorata della sua \u201cvespa\u201d che in una indimenticabile, magica notte le ispir\u00f2 un personaggio \u201d\u2026immaginario, ironico, sfortunato, tenero, imperfetto e positivo. Colore ed allegria su due ruote\u2026.\u201d. <span><\/span><\/p>\n<p style=\"margin-bottom: 0.0001pt; text-align: justify; line-height: normal;\"><span><strong><span>&#8211; Quando \u00e8 nata \u201cBiba Vespuccia\u201d?<\/span><\/strong><\/span><\/p>\n<p style=\"margin-bottom: 0.0001pt; text-align: justify; line-height: normal;\">Quel giorno ero emozionata e tanto\u2026vidi quella Vespa e fu subito amore! Eh gi\u00e0, ancora oggi mi scende la lacrimuccia di commozione. Era gialla come il sole, come l\u2019energia <a title=\"vandali fermata fse villa duse by LA VOCE DEL PAESE, on Flickr\" href=\"https:\/\/www.flickr.com\/photos\/91470992@N02\/15531881877\"><img loading=\"lazy\" decoding=\"async\" style=\"margin: 4px; float: right;\" src=\"https:\/\/farm4.staticflickr.com\/3951\/15531881877_4b38482a16_n.jpg\" alt=\"vandali fermata fse villa duse\" width=\"400\" height=\"266\" \/><\/a>del sole, come l\u2019allegria che in un attimo mi trasmise. Ero in estasi, un\u2019estasi che \u00e8 tipica di chi ha la passione che da sempre sa scorrergli dentro. Stavo sfiorando un sogno, il mio sogno, stavo per guidare un vero oggetto del desiderio immutato nel tempo: l\u2019eccellenza del design italiano divenuto mito! Non so spiegare, \u00e8 stato come se fosse stata sempre con me, come se da qualche parte mi aspettasse. Ogni giorno, ogni istante, proprio come tra due innamorati, non vedevo l\u2019ora di tornare ad aprire il garage per un saluto, una carezza. Oggi come allora \u00e8 lo stesso identico sentire. La mia vespa (credo ogni vespa) sa darmi una gioia, una leggerezza ed un piacere inimmaginabile! Tra silenzi e natura mi perdo, rallento e l\u2019odore di miscela torna a lasciare la scia. Una vespa va oltre il tempo. E\u2019un miracolo &#8211; se mi consentite il termine azzardato! Il miracolo del cuore, della passione, quella che ti fa battere il cuore a mille&#8230; Nessun danaro mai potr\u00e0 comprare quel che basta a far stare bene l&#8217;anima. La vespa \u00e8 libert\u00e0 e lentezza, \u00e8 colore e passione, \u00e8 follia e sacrificio.<\/p>\n<p>&nbsp;<\/p>\n<p style=\"margin-bottom: 0.0001pt; text-align: justify; line-height: normal;\"><span><strong><span>&#8211; Quale futuro sogni per \u201cVespuccia\u201d? Diventer\u00e0 una griffa famosa o continuer\u00e0 a scorazzare per mari e monti, fiere e mercatini?<\/span><\/strong><\/span><\/p>\n<p style=\"margin-bottom: 0.0001pt; line-height: normal; text-align: justify;\">Tra giri in vespa, disegni e sogni, non smetto pi\u00f9. La creativit\u00e0 ci trasforma in esploratori, in appassionati di vitalit\u00e0 e Vespuccia riesce a trasmettere la gioia e la leggerezza di cui tanto a<a title=\"vandali fermata fse villa duse by LA VOCE DEL PAESE, on Flickr\" href=\"https:\/\/www.flickr.com\/photos\/91470992@N02\/15097124234\"><img loading=\"lazy\" decoding=\"async\" style=\"margin: 4px; float: left;\" src=\"https:\/\/farm8.staticflickr.com\/7480\/15097124234_90947ef0d8_n.jpg\" alt=\"vandali fermata fse villa duse\" width=\"400\" height=\"266\" \/><\/a>bbiamo bisogno. Ho registrato il marchio, creato un brand, un mio sito (www.vespuccia.com )\u2026tutto frutto di passione e sacrificio. Ho investito anima e corpo in questo tenero personaggio. Vespuccia \u00e8 anche una serie di T-shirt, felpe ed altri gadgets esclusivi, ma \u00e8 soprattutto disegno e fantasia. Sogno di poter pubblicare una raccolta di vignette e magari arrivare dove non oso immaginare (del resto i sogni esistono per questo!). Certo poter avere uno sponsor, nel campo dell\u2019abbigliamento e non, che mi sostenga e faccia con Vespuccia una linea di magliette o altro, sarebbe un altro dei miei sogni!<\/p>\n<p style=\"margin-bottom: 0.0001pt; text-align: justify; line-height: normal;\"><span><strong><span>&#8211; Quali collaborazioni hai in atto?<\/span><\/strong><\/span><\/p>\n<p style=\"margin-bottom: 0.0001pt; text-align: justify; line-height: normal;\"><span>Faccio parte a Bari di un colle<\/span><span>ttivo formato da artiste, designers, attiviste, cittadine che osservando le cose che non vanno nella propria citt\u00e0, sentono la necessit\u00e0 e la volont\u00e0 di volerle trasformare in qualcosa di migliore. Quando Mario Pugliese mi ha contattata perch\u00e9 prestassi e donassi la mia opera per un intervento di RoomArt a Gioia, da subito ne sono stata entusiasta e cos\u00ec \u00e8 nata questa collaborazione culminata con la striscia a fumetti con protagonista Vespuccia che contribuisce ad abbellire la pensilina della fermata autobus di Villa Duse, gi\u00e0 trasformata dal progetto \u201dinTransito\u201d di RoomArt. Ogni tanto mi fermo ed osservo i pendolari che sorridono guardando le vignette. Ecco, era que<\/span><a title=\"vandali fermata fse villa duse by LA VOCE DEL PAESE, on Flickr\" href=\"https:\/\/www.flickr.com\/photos\/91470992@N02\/15531654678\"><img loading=\"lazy\" decoding=\"async\" style=\"margin: 4px; float: right;\" src=\"https:\/\/farm8.staticflickr.com\/7479\/15531654678_4dd3200d00_n.jpg\" alt=\"vandali fermata fse villa duse\" width=\"400\" height=\"266\" \/><\/a><span>llo che speravo! Questo personaggio mi rende elettrica ed allegra e mi auguro possa fare lo stesso per gli altri. Un viaggio mentale con Vespuccia e <\/span><span>RoomArt. Chiss\u00e0 che il viaggio continui con una mia partecipazione al BikeBox che nascer\u00e0, partecipazione che potr\u00e0 coinvolgere nuovamente Vespuccia e le sue avventure o <\/span><span>altre mie creazioni \u201cmateriche\u201d come io le definisco. La stampa del disegno \u00e8 stata ben fissata alla struttura della pensilina, per evitare tentativi di furti. Mi auguro che la gentilezza d\u2019animo prevalga.<\/span><\/p>\n<p style=\"margin-bottom: 0.0001pt; text-align: justify; line-height: normal;\"><span><strong><span>&#8211; Come \u00e8 andata la mostra alla Librellula?<\/span><\/strong><\/span><\/p>\n<p style=\"margin-bottom: 0.0001pt; text-align: justify; line-height: normal;\">Mi emoziona parlare della mostra alla Librellula. Una bellissima esperienza! Ho cercato come sempre in ogni cosa che faccio, di dare il massimo, nei preparativi, nell\u2019allestimento\u2026, ho voluto che trasparisse il mio cuore attraverso le tavole, le vignette di Vespuccia. Sono stata ripagata dall\u2019entusiasmo dei visitatori, coinvolti dalla sferzata di energia ed ironia del personaggio, dal colore e dall\u2019allegria delle altre mie creazioni. La mostra che si sarebbe dovuta chiudere il 21 settembre \u00e8 stata poi prorogata fino al 30 settembre e questo non poteva che riempirmi di gioia! Colgo l\u2019occasioni per ringraziare le titolari della \u201cLibrellula\u201d oltre modo gentili e disponibili, per l\u2019ospitalit\u00e0 concessami.<\/p>\n<p style=\"margin-bottom: 0.0001pt; text-align: justify; line-height: normal;\"><span><strong><span>&#8211; <span style=\"text-transform: uppercase;\">\u00e8<\/span>tranger\u2026 un\u2019esperienza da ripetere?<\/span><\/strong><\/span><\/p>\n<p style=\"margin-bottom: 0.0001pt; text-align: justify; line-height: normal;\">Partecipare come sponsor all\u2019<span style=\"text-transform: uppercase;\">\u00e8<\/span>tranger film festival \u00e8 s<a title=\"vandali fermata fse villa duse by LA VOCE DEL PAESE, on Flickr\" href=\"https:\/\/www.flickr.com\/photos\/91470992@N02\/15531880047\"><img loading=\"lazy\" decoding=\"async\" style=\"margin: 4px; float: left;\" src=\"https:\/\/farm8.staticflickr.com\/7500\/15531880047_20d43bab2d_n.jpg\" alt=\"vandali fermata fse villa duse\" width=\"400\" height=\"266\" \/><\/a>tato stimolante e coinvolgente! Mi ha dato l\u2019ispirazione per una serie di vignette sul cinema che hanno coinvolto il mio personaggio Vespuccia. Ne sono nati dei gadgets esclusivi prodotti per l\u2019occasione che hanno riscosso il consenso del pubblico e anche di due noti registi presenti al film festival! E poi recitare una piccola parte nel promo realizzato dal regista gioiese Sergio Recchia \u00e8 stato molto divertente! Posso concludere dicendo che \u00e8 stata una bella e nuova esperienza, sicuramente da ripetere.<\/p>\n<p style=\"margin-bottom: 0.0001pt; text-align: justify; line-height: normal;\"><span><strong><span>&#8211; Cos\u2019\u00e8 per te l\u2019Arte?<\/span><\/strong><\/span><\/p>\n<p style=\"margin-bottom: 0.0001pt; text-align: justify; line-height: normal;\"><span>Bella domanda! L\u2019Arte in tutte le sue forme, \u00e8 sempre stata per me fonte di benessere. Quel benessere dell\u2019anima difficile da spiegare con parole. \u201cQuando forme nuove, tattili emozioni stanno per \u201cbucare i miei pensieri\u201d\/ per \u201cinondare il cuore\u201d\/mi lascio attraversare dall\u2019Arte.\/ Quando l\u2019anima arranca\/ ed il respiro si fa muto,\/ allora la mente mia si perde, \/felicemente si acquieta nella materia.\/ Lascio che ad ingoiarmi sia la fantasia.\/ Muta, contemplo il variare delle forme,\/ finch\u00e9 non sento gli occhi tremare di gioia\/ e le mani dolenti stringere sogni\u2026\u201d. lo scrissi il 16 gennaio del 2004\u2026 Ecco, questa sono io e l\u2019Arte\u2026 <\/span>Mi trasformo quando disegno, quando creo. Quando vado in vespa mi trasformo e mi emoziono: una volta lasciati gli ormeggi, non bisogna pi\u00f9 temere, non bisogna pi\u00f9 voler tornare indietro ma sentire il vento.<\/p>\n<p style=\"margin-bottom: 0.0001pt; line-height: normal; text-align: right;\"><strong>Dalila Bellacicco<\/strong><\/p>\n<p>\n<object data=\"https:\/\/photos.gstatic.com\/media\/slideshow.swf\" type=\"application\/x-shockwave-flash\" width=\"640\" height=\"480\"><param name=\"flashvars\" value=\"host=picasaweb.google.com&amp;hl=it&amp;feat=flashalbum&amp;RGB=0x000000&amp;feed=https%3A%2F%2Fpicasaweb.google.com%2Fdata%2Ffeed%2Fapi%2Fuser%2F104626251937098962566%2Falbumid%2F6078213691285413777%3Falt%3Drss%26kind%3Dphoto%26hl%3Dit\" \/><param name=\"movie\" value=\"https:\/\/photos.gstatic.com\/media\/slideshow.swf\" \/><\/object><\/p>\n","protected":false},"excerpt":{"rendered":"","protected":false},"author":1,"featured_media":0,"comment_status":"open","ping_status":"closed","sticky":false,"template":"","format":"standard","meta":{"colormag_page_container_layout":"default_layout","colormag_page_sidebar_layout":"default_layout","footnotes":""},"categories":[8],"tags":[],"class_list":["post-46854","post","type-post","status-publish","format-standard","hentry","category-cronaca"],"_links":{"self":[{"href":"https:\/\/archiviogioia.lavocedelpaese.info\/index.php?rest_route=\/wp\/v2\/posts\/46854","targetHints":{"allow":["GET"]}}],"collection":[{"href":"https:\/\/archiviogioia.lavocedelpaese.info\/index.php?rest_route=\/wp\/v2\/posts"}],"about":[{"href":"https:\/\/archiviogioia.lavocedelpaese.info\/index.php?rest_route=\/wp\/v2\/types\/post"}],"author":[{"embeddable":true,"href":"https:\/\/archiviogioia.lavocedelpaese.info\/index.php?rest_route=\/wp\/v2\/users\/1"}],"replies":[{"embeddable":true,"href":"https:\/\/archiviogioia.lavocedelpaese.info\/index.php?rest_route=%2Fwp%2Fv2%2Fcomments&post=46854"}],"version-history":[{"count":0,"href":"https:\/\/archiviogioia.lavocedelpaese.info\/index.php?rest_route=\/wp\/v2\/posts\/46854\/revisions"}],"wp:attachment":[{"href":"https:\/\/archiviogioia.lavocedelpaese.info\/index.php?rest_route=%2Fwp%2Fv2%2Fmedia&parent=46854"}],"wp:term":[{"taxonomy":"category","embeddable":true,"href":"https:\/\/archiviogioia.lavocedelpaese.info\/index.php?rest_route=%2Fwp%2Fv2%2Fcategories&post=46854"},{"taxonomy":"post_tag","embeddable":true,"href":"https:\/\/archiviogioia.lavocedelpaese.info\/index.php?rest_route=%2Fwp%2Fv2%2Ftags&post=46854"}],"curies":[{"name":"wp","href":"https:\/\/api.w.org\/{rel}","templated":true}]}}