{"id":46867,"date":"2014-11-06T01:39:43","date_gmt":"2014-11-06T01:39:43","guid":{"rendered":"https:\/\/archiviogioia.lavocedelpaese.info\/?p=46867"},"modified":"2014-11-06T01:39:43","modified_gmt":"2014-11-06T01:39:43","slug":"fratres-organizza-giornata-per-donazione-sangue-2","status":"publish","type":"post","link":"https:\/\/archiviogioia.lavocedelpaese.info\/?p=46867","title":{"rendered":"FRATRES ORGANIZZA GIORNATA PER DONAZIONE SANGUE"},"content":{"rendered":"<p><a title=\"donazione fidas by LA VOCE DEL PAESE, on Flickr\" href=\"https:\/\/www.flickr.com\/photos\/91470992@N02\/14404392695\"><img loading=\"lazy\" decoding=\"async\" style=\"display: block; margin-left: auto; margin-right: auto;\" src=\"https:\/\/farm4.staticflickr.com\/3869\/14404392695_a6f7dce4c1_n.jpg\" alt=\"donazione fidas\" width=\"320\" height=\"240\" \/><\/a><\/p>\n<p><!--more--><\/p>\n<p style=\"margin-bottom: 0.0001pt; line-height: normal; text-align: justify;\"><a title=\"donazione fratres by LA VOCE DEL PAESE, on Flickr\" href=\"https:\/\/www.flickr.com\/photos\/91470992@N02\/14258579600\"><img loading=\"lazy\" decoding=\"async\" style=\"margin: 4px; float: left;\" src=\"https:\/\/farm4.staticflickr.com\/3905\/14258579600_352d16c0b8_n.jpg\" alt=\"donazione fratres\" width=\"320\" height=\"284\" \/><\/a>\u201c<strong>Domenica prossima<\/strong> 9 novembre 2014 <strong>presso l&#8217;ospedale Paradiso<\/strong> di Gioia del Colle il Gruppo <strong>FRATRES ha organizzato una giornata per la Donazione di Sangue<\/strong>. E&#8217; superfluo stare qui a dire, e a voi in particolare, della necessit\u00e0 di donare. <strong>Non facciamoci passare la voglia di donare <\/strong>perch\u00e9 \u00e8 sempre bello per se e per gli altri. Ricordo, questo si, che potrete portare chiunque, anche per curiosit\u00e0.<\/p>\n<p style=\"margin-bottom: 0.0001pt; line-height: normal; text-align: justify;\">Sin dalle 8 noi ci saremo. Si raccomanda, <strong>n<\/strong><strong>iente farmaci, niente latte<\/strong> o suoi derivati <strong>ma biscotti<\/strong> secchi, caff\u00e8, the e succhi di frutta.<\/p>\n<p style=\"margin-bottom: 0.0001pt; line-height: normal; text-align: justify;\">Vi aspettiamo e nell&#8217;attesa un abbraccio e un calori saluto dalla FRATRES Gioia\u201d.<\/p>\n<p style=\"text-align: right;\"><strong><span style=\"line-height: 115%;\">Giorgio Gasparre<\/span><\/strong>&nbsp;<\/p>\n","protected":false},"excerpt":{"rendered":"","protected":false},"author":1,"featured_media":0,"comment_status":"open","ping_status":"closed","sticky":false,"template":"","format":"standard","meta":{"colormag_page_container_layout":"default_layout","colormag_page_sidebar_layout":"default_layout","footnotes":""},"categories":[7],"tags":[],"class_list":["post-46867","post","type-post","status-publish","format-standard","hentry","category-attualita"],"_links":{"self":[{"href":"https:\/\/archiviogioia.lavocedelpaese.info\/index.php?rest_route=\/wp\/v2\/posts\/46867","targetHints":{"allow":["GET"]}}],"collection":[{"href":"https:\/\/archiviogioia.lavocedelpaese.info\/index.php?rest_route=\/wp\/v2\/posts"}],"about":[{"href":"https:\/\/archiviogioia.lavocedelpaese.info\/index.php?rest_route=\/wp\/v2\/types\/post"}],"author":[{"embeddable":true,"href":"https:\/\/archiviogioia.lavocedelpaese.info\/index.php?rest_route=\/wp\/v2\/users\/1"}],"replies":[{"embeddable":true,"href":"https:\/\/archiviogioia.lavocedelpaese.info\/index.php?rest_route=%2Fwp%2Fv2%2Fcomments&post=46867"}],"version-history":[{"count":0,"href":"https:\/\/archiviogioia.lavocedelpaese.info\/index.php?rest_route=\/wp\/v2\/posts\/46867\/revisions"}],"wp:attachment":[{"href":"https:\/\/archiviogioia.lavocedelpaese.info\/index.php?rest_route=%2Fwp%2Fv2%2Fmedia&parent=46867"}],"wp:term":[{"taxonomy":"category","embeddable":true,"href":"https:\/\/archiviogioia.lavocedelpaese.info\/index.php?rest_route=%2Fwp%2Fv2%2Fcategories&post=46867"},{"taxonomy":"post_tag","embeddable":true,"href":"https:\/\/archiviogioia.lavocedelpaese.info\/index.php?rest_route=%2Fwp%2Fv2%2Ftags&post=46867"}],"curies":[{"name":"wp","href":"https:\/\/api.w.org\/{rel}","templated":true}]}}