{"id":46930,"date":"2014-11-13T14:23:43","date_gmt":"2014-11-13T14:23:43","guid":{"rendered":"https:\/\/archiviogioia.lavocedelpaese.info\/?p=46930"},"modified":"2014-11-13T14:23:43","modified_gmt":"2014-11-13T14:23:43","slug":"acli-petizione-no-ai-tagli-ai-patronati-firma-anche-tu-2","status":"publish","type":"post","link":"https:\/\/archiviogioia.lavocedelpaese.info\/?p=46930","title":{"rendered":"ACLI. PETIZIONE: \u201cNO AI TAGLI AI PATRONATI\u201d. FIRMA ANCHE TU"},"content":{"rendered":"<p><a title=\"petizione patronati by LA VOCE DEL PAESE, on Flickr\" href=\"https:\/\/www.flickr.com\/photos\/91470992@N02\/15784891802\"><img loading=\"lazy\" decoding=\"async\" style=\"display: block; margin-left: auto; margin-right: auto;\" src=\"https:\/\/farm8.staticflickr.com\/7495\/15784891802_5d8d11175a_o.jpg\" alt=\"petizione patronati\" width=\"320\" height=\"240\" \/><\/a><\/p>\n<p><!--more--><\/p>\n<p><strong><span style=\"font-size: 11.5pt; font-family: 'Times','serif'; color: black;\">Per la petizione on-line clicca qui<\/span><\/strong><span style=\"font-size: 11.5pt; font-family: 'Times','serif'; color: black;\">:<\/span> <a href=\"http:\/\/www.tituteliamo.it\/acli-la-petizione-no-ai-tagli-ai-patronati\" target=\"_blank\" rel=\"noopener\">http:\/\/www.tituteliamo.it\/acli-la-petizione-no-ai-tagli-ai-patronati<\/a><\/p>\n<p><iframe loading=\"lazy\" src=\"\/\/www.slideshare.net\/slideshow\/embed_code\/41569611\" marginwidth=\"0\" marginheight=\"0\" scrolling=\"no\" width=\"660\" height=\"780\" allowfullscreen=\"allowfullscreen\" style=\"border: 1px solid #CCC; border-width: 1px; margin-bottom: 5px; max-width: 100%;\"><\/iframe><\/p>\n<p style=\"text-align: justify;\"><a title=\"petizione patronati by LA VOCE DEL PAESE, on Flickr\" href=\"https:\/\/www.flickr.com\/photos\/91470992@N02\/15783314315\"><img loading=\"lazy\" decoding=\"async\" style=\"margin: 4px; float: left;\" src=\"https:\/\/farm6.staticflickr.com\/5613\/15783314315_db7324e4ec_b.jpg\" alt=\"petizione patronati\" width=\"400\" height=\"567\" \/><\/a><span style=\"color: black;\">\u201c<strong>Non si ferma la protesta dei patronati contro i tagli <\/strong>delle risorse contenuti nella legge di Stabilit\u00e0. <strong>Per iniziativa del Ce.Pa.<\/strong> (il coordinamento che raggruppa i principali patronati Acli, Inas, Inca e Ital), dal 29 ottobre <strong>\u00e8 stata avviata la raccolta delle<\/strong> firme di adesione alla petizione \u201cNo ai tagli ai patronati\u201d, <strong>a cui hanno gi\u00e0 aderito decine di migliaia di cittadine e cittadini<\/strong>, per protestare contro una misura che, se confermata, canceller\u00e0 il diritto di ogni persona ad avere l&#8217;assistenza previdenziale e socio-assistenziale gratuita garantita da questi istituti.<\/span><\/p>\n<p style=\"text-align: justify;\"><span style=\"color: black;\">Inoltre il numero di coloro che <strong>rischiano di perdere il lavoro<\/strong> si attesta attorno al 70% degli organici complessivi dei vari patronati, ovvero <strong>migliaia e migliaia di persone<\/strong>.<\/span><\/p>\n<p style=\"text-align: justify;\"><span style=\"color: black;\">La protesta, che sta ricevendo anche attestati di solidariet\u00e0 da parte di parlamentari e di istituzioni, quali Inps e Inail, continuer\u00e0 finch\u00e9 il Governo non si impegner\u00e0 a cancellare la norma che prevede <strong>una riduzione di 150 milioni di euro del fondo Patronati<\/strong>, pari a circa il 35 per cento delle risorse complessive ad esso destinate.<\/span><\/p>\n<p style=\"text-align: justify;\"><span style=\"color: black;\">Acli, Inas, Inca e Ital ribadiscono con forza che la sottrazione delle risorse al fondo patronati, se approvata cos\u00ec com&#8217;\u00e8, si tradurrebbe in <strong>un&#8217;altra tassa occulta ai danni delle persone socialmente pi\u00f9 deboli costrette, dietro pagamento, a rivolgersi al mercato selvaggio di sedicenti consulenti<\/strong>, che operano senza alcun controllo e senza regole. Infatti, mentre i lavoratori e le lavoratrici dipendenti continueranno a pagare integralmente i contributi previdenziali all&#8217;Inps, lo Stato incamerer\u00e0 la quota oggi destinata alla tutela gratuita per destinarla ad altri scopi non precisati. <strong>Il Governo, quindi, finir\u00e0 per appropriarsi di soldi che sono dei lavoratori<\/strong> senza specificarne l&#8217;utilizzo. Una beffa a cui si aggiunge un danno economico serio che aggraver\u00e0 le gi\u00e0 precarie condizioni di coloro che pagano con la disoccupazione e la povert\u00e0 le conseguenze di una crisi gravissima.<\/span><\/p>\n<p style=\"text-align: justify;\"><span style=\"color: black;\">Per questa ragione, <strong>la mobilitazione promossa da Acli, Inas, Inca e Ital proseguir\u00e0<\/strong> per tutto l&#8217;iter parlamentare di approvazione della legge di Stabilit\u00e0.<\/span><\/p>\n<p style=\"text-align: justify;\"><strong><span style=\"color: black;\">Per dire \u201cNO AI TAGLI AI PATRONATI\u201d<\/span><\/strong><span style=\"color: black;\"> il CE\u2013PA (Acli \u2013 Inas &#8211; Inca \u2013 Ital) di Bari ha organizzato per domani, <strong>venerd\u00ec 14 novembre, un presidio presso la Prefettura<\/strong> di Bari e per <strong>sabato<\/strong> 15 novembre, sempre a Bari, una <strong>manifestazione in Piazza San Ferdinando<\/strong> (via Sparano) con raccolta di firme.<\/span><\/p>\n<p style=\"text-align: justify;\"><strong><span style=\"color: black;\">A Gioia del Colle presso la sede Acli di via Pasquale Soria<\/span><\/strong><span style=\"color: black;\"> (ang. Via Mergellina 35) tutti i giorni, escluso il gioved\u00ec, <strong>dalle 20 alle 22 &#8211; luned\u00ec e mercoled\u00ec dalle 10 alle 13<\/strong>.<\/span><\/p>\n<p style=\"text-align: justify;\"><strong><span style=\"color: black;\">Vi aspettiamo&#8221;<\/span><\/strong><span style=\"color: black;\">. <\/span><\/p>\n<p style=\"text-align: justify;\"><strong><span style=\"font-size: 11.5pt; font-family: 'Times','serif'; color: black;\">Per la petizione on-line clicca qui<\/span><\/strong><span style=\"font-size: 11.5pt; font-family: 'Times','serif'; color: black;\">:<\/span> <a href=\"http:\/\/www.tituteliamo.it\/acli-la-petizione-no-ai-tagli-ai-patronati\" target=\"_blank\" rel=\"noopener\">http:\/\/www.tituteliamo.it\/acli-la-petizione-no-ai-tagli-ai-patronati<\/a><\/p>\n<p><iframe loading=\"lazy\" src=\"\/\/www.slideshare.net\/slideshow\/embed_code\/41533615\" marginwidth=\"0\" marginheight=\"0\" scrolling=\"no\" width=\"660\" height=\"780\" allowfullscreen=\"allowfullscreen\" style=\"border: 1px solid #CCC; border-width: 1px; margin-bottom: 5px; max-width: 100%;\"><\/iframe><\/p>\n","protected":false},"excerpt":{"rendered":"","protected":false},"author":1,"featured_media":0,"comment_status":"open","ping_status":"closed","sticky":false,"template":"","format":"standard","meta":{"colormag_page_container_layout":"default_layout","colormag_page_sidebar_layout":"default_layout","footnotes":""},"categories":[4],"tags":[],"class_list":["post-46930","post","type-post","status-publish","format-standard","hentry","category-politica"],"_links":{"self":[{"href":"https:\/\/archiviogioia.lavocedelpaese.info\/index.php?rest_route=\/wp\/v2\/posts\/46930","targetHints":{"allow":["GET"]}}],"collection":[{"href":"https:\/\/archiviogioia.lavocedelpaese.info\/index.php?rest_route=\/wp\/v2\/posts"}],"about":[{"href":"https:\/\/archiviogioia.lavocedelpaese.info\/index.php?rest_route=\/wp\/v2\/types\/post"}],"author":[{"embeddable":true,"href":"https:\/\/archiviogioia.lavocedelpaese.info\/index.php?rest_route=\/wp\/v2\/users\/1"}],"replies":[{"embeddable":true,"href":"https:\/\/archiviogioia.lavocedelpaese.info\/index.php?rest_route=%2Fwp%2Fv2%2Fcomments&post=46930"}],"version-history":[{"count":0,"href":"https:\/\/archiviogioia.lavocedelpaese.info\/index.php?rest_route=\/wp\/v2\/posts\/46930\/revisions"}],"wp:attachment":[{"href":"https:\/\/archiviogioia.lavocedelpaese.info\/index.php?rest_route=%2Fwp%2Fv2%2Fmedia&parent=46930"}],"wp:term":[{"taxonomy":"category","embeddable":true,"href":"https:\/\/archiviogioia.lavocedelpaese.info\/index.php?rest_route=%2Fwp%2Fv2%2Fcategories&post=46930"},{"taxonomy":"post_tag","embeddable":true,"href":"https:\/\/archiviogioia.lavocedelpaese.info\/index.php?rest_route=%2Fwp%2Fv2%2Ftags&post=46930"}],"curies":[{"name":"wp","href":"https:\/\/api.w.org\/{rel}","templated":true}]}}