{"id":46969,"date":"2014-11-19T01:45:16","date_gmt":"2014-11-19T01:45:16","guid":{"rendered":"https:\/\/archiviogioia.lavocedelpaese.info\/?p=46969"},"modified":"2014-11-19T01:45:16","modified_gmt":"2014-11-19T01:45:16","slug":"maratona-torino-esplosione-di-gioia-running-foto-2","status":"publish","type":"post","link":"https:\/\/archiviogioia.lavocedelpaese.info\/?p=46969","title":{"rendered":"MARATONA TORINO. ESPLOSIONE DI GIOIA (RUNNING)-foto"},"content":{"rendered":"<p><a title=\"maratona-di-torino-e-gioia-running by LA VOCE DEL PAESE, on Flickr\" href=\"https:\/\/www.flickr.com\/photos\/91470992@N02\/15825011212\"><img loading=\"lazy\" decoding=\"async\" style=\"display: block; margin-left: auto; margin-right: auto;\" src=\"https:\/\/farm9.staticflickr.com\/8636\/15825011212_dffefd257f_z.jpg\" alt=\"maratona-di-torino-e-gioia-running\" width=\"320\" height=\"240\" \/><\/a><\/p>\n<p><!--more--><\/p>\n<p style=\"margin-bottom: 0.0001pt; line-height: normal; text-align: justify;\"><a title=\"maratona-di-torino-e-gioia-running by LA VOCE DEL PAESE, on Flickr\" href=\"https:\/\/www.flickr.com\/photos\/91470992@N02\/15823461655\"><img loading=\"lazy\" decoding=\"async\" style=\"margin: 4px; float: left;\" src=\"https:\/\/farm8.staticflickr.com\/7565\/15823461655_cb2873e591_n.jpg\" alt=\"maratona-di-torino-e-gioia-running\" width=\"400\" height=\"289\" \/><\/a> Il 16 novembre rimarr\u00e0 una data memorabile per <strong>12 podisti gioiesi<\/strong> e per tutta la Gioia Running. Per la prima volta un gruppo cos\u00ec numeroso di runners del nostro paese era iscritto a un evento prestigioso come la 28^ edizione della <strong>Turin Marathon<\/strong> Gran Premio La Stampa. Nel capoluogo piemontese sono giunti quindi gli atleti biancorossi dopo pi\u00f9 di 3 mesi di allenamenti intensissimi.<\/p>\n<p style=\"margin-bottom: 0.0001pt; line-height: normal; text-align: justify;\"><strong>Per molti di loro era la prima esperienza sulla distanza regina dell&#8217;atletica<\/strong>, quindi comprensibilmente il timore e l&#8217;emozione erano pi\u00f9 che presenti in ognuno. L&#8217;occasione \u00e8 stata propizia per un weekend di svago e relax, col pensiero sempre rivolto per\u00f2 alla prova che li avrebbe attesi la domenica mattina.<\/p>\n<p style=\"margin-bottom: 0.0001pt; line-height: normal; text-align: justify;\">Nonostante la palpabile tensione, <strong>il clima \u00e8 stato quella della pi\u00f9 pura goliardia<\/strong> che ha reso <strong>i runners gioiesi i beniamini di speaker e fotografi<\/strong> in Piazza san Carlo, dove \u00e8 stato dato lo start della gara. Di certo il sentire al proprio fianco un gruppo compatto ha aiutato tutti a supe<a title=\"maratona-di-torino-e-gioia-running by LA VOCE DEL PAESE, on Flickr\" href=\"https:\/\/www.flickr.com\/photos\/91470992@N02\/15638049848\"><img loading=\"lazy\" decoding=\"async\" style=\"margin: 4px; float: right;\" src=\"https:\/\/farm8.staticflickr.com\/7520\/15638049848_12a8e345e3.jpg\" alt=\"maratona-di-torino-e-gioia-running\" width=\"300\" height=\"450\" \/><\/a>rare le proprie paure e i propri limiti per provare a raggiungere quel traguardo, per molti impensabile fino a qualche mese fa. E <strong>l&#8217;impresa \u00e8 stata portata a termine da tutti<\/strong>, sia dai pi\u00f9 esperti che dai neofiti. E per tutti sono stati <strong>42,195 km di pure emozioni<\/strong>, emozioni che solo una prova che avvicina cos\u00ec fisico e mente ai propri limiti pu\u00f2 scatenare. La gara \u00e8 stata pi\u00f9 che positiva per tutti, con <strong>numerosi personali migliorati<\/strong> e con l&#8217;incredula euforia di chi per la prima volta ha portato a termine questa impresa titanica.<\/p>\n<p style=\"margin-bottom: 0.0001pt; line-height: normal; text-align: justify;\"><strong>Da segnalare la prestazione di Eugenia Resta<\/strong>, unica quota rosa presente, che <strong>ha concluso la sua fatica entro la fatidica soglia delle 4 ore<\/strong> diventando quindi la prima donna della Gioia Running a terminare una maratona. Spazio anche alla tenerezza, visto che ha condiviso la sua gara con il futuro sposo <strong>Giovanni Notarnicola<\/strong>, anch&#8217;egli all&#8217;esordio. Per le statistiche la migliore prestazione \u00e8 stata quella di <strong>Michele Raimondi<\/strong> che ha chiuso in 3h19&#8217;29&#8221;, ma di certo il cronometro non racconta a pieno le emozioni che tutti i 12 hanno provato. Emozioni che non sembrano bastare mai, visto che <strong>per la<\/strong> <strong>prossima maratona di Roma<\/strong>, che si terr\u00e0 il 22 marzo 2015, <strong>ci sono gi\u00e0 15 iscritti<\/strong>.<\/p>\n<p style=\"text-align: justify;\"><span style=\"line-height: 115%;\">Di seguito i nomi di tutti i partecipanti alla Maratona di Torino: <strong>Domenico Antonicelli<\/strong>, <strong>Leonardo Buttiglione<\/strong>, <strong>Gianluca Fraccascia<\/strong>, <strong>Antonello Galatola<\/strong>, <strong>Marco Lenoci<\/strong>, <strong>Cesare Magistro<\/strong>, <strong>Francesco Milano<\/strong>, Giovanni Notarnicola, <strong>Orazio Pugliese<\/strong>, Michele Raimondi, Eugenia Resta, <strong>Angelo Roberto<\/strong>.<\/span>&nbsp;<\/p>\n<p>\n<object data=\"https:\/\/photos.gstatic.com\/media\/slideshow.swf\" type=\"application\/x-shockwave-flash\" width=\"640\" height=\"480\"><param name=\"flashvars\" value=\"host=picasaweb.google.com&amp;hl=it&amp;feat=flashalbum&amp;RGB=0x000000&amp;feed=https%3A%2F%2Fpicasaweb.google.com%2Fdata%2Ffeed%2Fapi%2Fuser%2F104626251937098962566%2Falbumid%2F6083223034155690321%3Falt%3Drss%26kind%3Dphoto%26hl%3Dit\" \/><param name=\"movie\" value=\"https:\/\/photos.gstatic.com\/media\/slideshow.swf\" \/><\/object><\/p>\n","protected":false},"excerpt":{"rendered":"","protected":false},"author":1,"featured_media":0,"comment_status":"open","ping_status":"closed","sticky":false,"template":"","format":"standard","meta":{"colormag_page_container_layout":"default_layout","colormag_page_sidebar_layout":"default_layout","footnotes":""},"categories":[5],"tags":[],"class_list":["post-46969","post","type-post","status-publish","format-standard","hentry","category-sport"],"_links":{"self":[{"href":"https:\/\/archiviogioia.lavocedelpaese.info\/index.php?rest_route=\/wp\/v2\/posts\/46969","targetHints":{"allow":["GET"]}}],"collection":[{"href":"https:\/\/archiviogioia.lavocedelpaese.info\/index.php?rest_route=\/wp\/v2\/posts"}],"about":[{"href":"https:\/\/archiviogioia.lavocedelpaese.info\/index.php?rest_route=\/wp\/v2\/types\/post"}],"author":[{"embeddable":true,"href":"https:\/\/archiviogioia.lavocedelpaese.info\/index.php?rest_route=\/wp\/v2\/users\/1"}],"replies":[{"embeddable":true,"href":"https:\/\/archiviogioia.lavocedelpaese.info\/index.php?rest_route=%2Fwp%2Fv2%2Fcomments&post=46969"}],"version-history":[{"count":0,"href":"https:\/\/archiviogioia.lavocedelpaese.info\/index.php?rest_route=\/wp\/v2\/posts\/46969\/revisions"}],"wp:attachment":[{"href":"https:\/\/archiviogioia.lavocedelpaese.info\/index.php?rest_route=%2Fwp%2Fv2%2Fmedia&parent=46969"}],"wp:term":[{"taxonomy":"category","embeddable":true,"href":"https:\/\/archiviogioia.lavocedelpaese.info\/index.php?rest_route=%2Fwp%2Fv2%2Fcategories&post=46969"},{"taxonomy":"post_tag","embeddable":true,"href":"https:\/\/archiviogioia.lavocedelpaese.info\/index.php?rest_route=%2Fwp%2Fv2%2Ftags&post=46969"}],"curies":[{"name":"wp","href":"https:\/\/api.w.org\/{rel}","templated":true}]}}