{"id":47108,"date":"2014-12-04T09:24:04","date_gmt":"2014-12-04T09:24:04","guid":{"rendered":"https:\/\/archiviogioia.lavocedelpaese.info\/?p=47108"},"modified":"2014-12-04T09:24:04","modified_gmt":"2014-12-04T09:24:04","slug":"calendario-storico-dellarma-dei-carabinieri-foto","status":"publish","type":"post","link":"https:\/\/archiviogioia.lavocedelpaese.info\/?p=47108","title":{"rendered":"CALENDARIO STORICO DELL\u2019ARMA DEI CARABINIERI-foto"},"content":{"rendered":"<p><a title=\"calendario storico carabinieri by LA VOCE DEL PAESE, on Flickr\" href=\"https:\/\/www.flickr.com\/photos\/91470992@N02\/15325852404\"><img loading=\"lazy\" decoding=\"async\" style=\"display: block; margin-left: auto; margin-right: auto;\" src=\"https:\/\/farm8.staticflickr.com\/7563\/15325852404_67fc09e89a_n.jpg\" alt=\"calendario storico carabinieri\" width=\"320\" height=\"240\" \/><\/a><\/p>\n<p><!--more--><\/p>\n<p style=\"margin-bottom: 0.0001pt; line-height: normal; text-align: justify;\"><a title=\"calendario storico carabinieri by LA VOCE DEL PAESE, on Flickr\" href=\"https:\/\/www.flickr.com\/photos\/91470992@N02\/15948124955\"><img loading=\"lazy\" decoding=\"async\" style=\"margin: 4px; float: left;\" src=\"https:\/\/farm8.staticflickr.com\/7571\/15948124955_b50c39440f_n.jpg\" alt=\"calendario storico carabinieri\" width=\"400\" height=\"275\" \/><\/a> Nella mattinata di mercoled\u00ec 3 dicembre, presso l\u2019Aula Magna della Scuola Ufficiali Carabinieri di Roma, alla presenza del Comandante Generale dell\u2019Arma Leonardo Gallitelli, si \u00e8 svolta la <strong>cerimonia di presentazione del Calendario Storico e dell\u2019Agenda Storica 2015 dell&#8217;Arma dei Carabinieri<\/strong>, quest\u2019anno dedicati al tema \u201c<strong>Il Carabiniere e la famiglia<\/strong>\u201d. Gli stati d\u2019animo, le ansie, lo sconforto e i disagi, ma anche la fierezza, i consigli, le rassicurazioni e l\u2019amore che i Carabinieri trasmettevano ai propri familiari, anche in circostanze drammatiche, permettono di \u201cleggere\u201d in modo diverso alcuni episodi &#8211; noti o meno noti &#8211; della storia dell\u2019Arma.<\/p>\n<p style=\"margin-bottom: 0.0001pt; line-height: normal; text-align: justify;\">Il notevole interesse da parte del cittadino verso il Calendario Storico dell\u2019Arma, <strong>oggi giunto a una tiratura di 1.250.000 copie<\/strong>, di cui 8.000 in lingue straniere (inglese, francese, spagnolo e tedesco), \u00e8 indice sia dell\u2019affetto e della vicinanza di cui gode la Benemerita, sia della profondit\u00e0 di significato dei suoi contenuti, che ne fanno un oggetto apprezzato, ambito e presente tanto nelle abitazioni quanto nei luoghi di lavoro, quasi a testimonianza del fatto che \u201cin ogni famiglia c\u2019\u00e8 un Carabiniere\u201d.<a title=\"calendario storico carabinieri by LA VOCE DEL PAESE, on Flickr\" href=\"https:\/\/www.flickr.com\/photos\/91470992@N02\/15948127205\"><img loading=\"lazy\" decoding=\"async\" style=\"margin: 4px; float: right;\" src=\"https:\/\/farm8.staticflickr.com\/7539\/15948127205_aef22bcc88_n.jpg\" alt=\"calendario storico carabinieri\" width=\"400\" height=\"278\" \/><\/a><\/p>\n<p style=\"margin-bottom: 0.0001pt; line-height: normal; text-align: justify;\"><strong>Nato nel 1928<\/strong>, dopo l\u2019interruzione post-bellica dal 1945 al 1949, la pubblicazione del Calendario, <strong>giunta alla sua 82^ edizione<\/strong>, venne ripresa regolarmente nel 1950 e da allora \u00e8 stata puntuale interprete, con le sue tavole, delle vicende dell\u2019Arma e, attraverso di essa, della Storia d\u2019Italia.<\/p>\n<p style=\"margin-bottom: 0.0001pt; line-height: normal; text-align: justify;\"><strong>Le tavole artistiche<\/strong> dell\u2019edizione 2015 del Calendario Storico, <strong>sono state ideate e realizzate dal Maestro Paolo Di Paolo<\/strong>.<\/p>\n<h3 style=\"margin-bottom: 0.0001pt; line-height: normal; text-align: center;\" align=\"center\"><strong>CALENDARIO ANNO 2015<\/strong><\/h3>\n<p style=\"margin-bottom: 0.0001pt; line-height: normal; text-align: justify;\">Il filo conduttore che lega i mesi dell&#8217;anno, illustrati dalle tavole del Maestro Paolo Di Paolo, \u00e8 costituito dal tema \u201c<i>Il Carabiniere e la famiglia<\/i>\u201d.<\/p>\n<p style=\"margin-bottom: 0.0001pt; line-height: normal; text-align: justify;\">Il <strong>calendario<\/strong>, attraverso una raccolta di lettere scritte dai Carabinieri ai familiari e di immagini di vita al di fuori del servizio, \u00e8 dedicato a coloro che condividono in silenzio sacrifici e soddisfazioni dei militari dell\u2019Arma.<\/p>\n<p style=\"margin-bottom: 0.0001pt; line-height: normal; text-align: justify;\"><a title=\"Copertina Calendario 2015 by LA VOCE DEL PAESE, on Flickr\" href=\"https:\/\/www.flickr.com\/photos\/91470992@N02\/15947510942\"><img loading=\"lazy\" decoding=\"async\" style=\"margin: 4px; float: left;\" src=\"https:\/\/farm9.staticflickr.com\/8681\/15947510942_d9d9ea5891_n.jpg\" alt=\"Copertina Calendario 2015\" width=\"400\" height=\"276\" \/><\/a> In <strong>copertina<\/strong> \u00e8 raffigurata la caserma \u201c<strong>Bergia<\/strong>\u201d di Torino, primo Comando Generale dell\u2019Arma e ideale \u201c<i>casa del Carabiniere<\/i>\u201d da dove inizia il cammino professionale di ciascun militare e si tramandano tradizioni e valori tipici dell\u2019<i>essere<\/i> Carabiniere.<\/p>\n<p style=\"margin-bottom: 0.0001pt; line-height: normal; text-align: justify;\">Nella quarta di copertina, all\u2019interno di un ovale, \u00e8 raffigurato un Carabiniere intento a scrivere alla propria famiglia.<\/p>\n<p style=\"margin-bottom: 0.0001pt; line-height: normal; text-align: justify;\">La <strong>prefazione<\/strong> del Comandante Generale dell\u2019Arma Leonardo Gallitelli, presenta il tema centrale che ispira l\u2019opera, sottolineando come negli affetti pi\u00f9 stretti sia \u201c<i>radicata la disponibilit\u00e0 a provvedere che il Carabiniere coltiva nella sua missione quotidiana<\/i>\u201d, sia essa di vigilare sulla sicurezza di un borgo o di costruire la pace fuori dai confini nazionali, \u201c<i>animato solo da inviolabile fedelt\u00e0 ai principi di legalit\u00e0, libert\u00e0 e giustizia<\/i>\u201d.<\/p>\n<p style=\"margin-bottom: 0.0001pt; line-height: normal; text-align: justify;\">Il Generale Gallitelli poi pone l\u2019accento sul senso del dovere \u201c<i>che \u00e8 cifra distintiva del nostro agire e che<\/i><a title=\"calendario storico carabinieri by LA VOCE DEL PAESE, on Flickr\" href=\"https:\/\/www.flickr.com\/photos\/91470992@N02\/15762443347\"><img loading=\"lazy\" decoding=\"async\" style=\"margin: 4px; float: right;\" src=\"https:\/\/farm8.staticflickr.com\/7482\/15762443347_217741828d_n.jpg\" alt=\"calendario storico carabinieri\" width=\"400\" height=\"279\" \/><\/a><i> trova da sempre piena e speculare rispondenza nell\u2019ambito familiare<\/i>\u201d, evidenziando, in conclusione, come quei familiari, nel ricevere le lettere, non solo abbiano trepidato per la sorte dei loro cari, ma abbiano anche avvertito \u201c<i>intima<\/i><i>mente l\u2019orgoglio di essere parte viva e pulsante di quella storia<\/i>\u201d.<\/p>\n<p style=\"margin-bottom: 0.0001pt; line-height: normal; text-align: justify;\">La <strong>tavola che apre il Calendario<\/strong>, in contropagina alla citata prefazione, riporta un particolare dell\u2019opera vincitrice del 1\u00b0 Premio per la categoria \u201cPittura\u201d del Concorso Artistico Nazionale indetto in occasione del Bicentenario di fondazione dell\u2019Arma a simboleggiare il tramandarsi delle tradizioni tra le generazioni.<\/p>\n<p style=\"margin-bottom: 0.0001pt; line-height: normal; text-align: justify;\">Le <strong>tavole del Calendario<\/strong>, tramite \u201c<i>l\u2019aspetto pi\u00f9 umano di alcuni Carabinieri<\/i>\u201d, ripercorrono alcuni momenti salienti della storia dell\u2019Istituzione<i>.<\/i> Dalla descrizione della battaglia di Pastrengo e della dura \u201c<i>vita di campagna<\/i>\u201d fatta in una lettera indirizzata alla moglie dal Capitano Bernardino Morelli di Popolo, Comandante di uno dei tre Squadroni Carabinieri che diedero vita alla Carica di Pastrengo, a quella indirizzata dal Capitano Alfredo Amenduni sempre alla propria consorte, con la quale descrive le fasi salienti della battaglia di Adua, evidenziando il rammarico per aver visto cadere numerosi amici. D<a title=\"calendario storico carabinieri by LA VOCE DEL PAESE, on Flickr\" href=\"https:\/\/www.flickr.com\/photos\/91470992@N02\/15922382566\"><img loading=\"lazy\" decoding=\"async\" style=\"margin: 4px; float: left;\" src=\"https:\/\/farm8.staticflickr.com\/7510\/15922382566_7bd2255e11_n.jpg\" alt=\"calendario storico carabinieri\" width=\"400\" height=\"273\" \/><\/a>alla lettera rinvenuta addosso al Carabiniere Orazio Greco &#8211; deceduto il 18 luglio 1915, nell\u2019imminenza della battaglia del Podgora, mentre si trovava sotto le linee nemiche per danneggiare i reticoli austriaci &#8211; e diretta alla madre per invitarla a non piangere e mandare sul fronte anche gli altri fratelli, alle umili parole rivolte, nel 1937 ad Adelfia (BA), al Comandante Generale dell\u2019Arma Generale Riccardo Moizo, dalla madre del Car. M.O.V.M \u201calla Memoria\u201d Vittoriano Cimarrusti, durante lo scoprimento di una lapide in onore del figlio, immolatosi il 24 aprile 1936 a Gunu Gadu (Etiopia).<\/p>\n<p style=\"margin-bottom: 0.0001pt; line-height: normal; text-align: justify;\">Non mancano riferimenti sia ai pluridecorati Colonnello Lussorio Cau e Capitano Chiaffredo Bergia, i quali seppero trarre dagli affetti familiari rinnovate energie per conseguire i ben noti ed esaltanti successi contro il brigantaggio, sia al Maggiore Alessandro Negri di Sanfront, Comandante dei tre Squadroni di Carabinieri Reali assegnati alla scorta del Re Carlo Alberto durante la Prima Guerra d\u2019Indipendenza, e al Vice Brigadiere M.O.V.M. \u201calla Memoria\u201d Salvo D\u2019Acquisto &#8211; dai destini diversi, ma uniti nella determinazione a mantenere fede al giuramento prestato &#8211; che, malgrado pressati dagli eventi, trovarono il tempo per rivolgere un pensiero alla propria madre.<\/p>\n<p style=\"margin-bottom: 0.0001pt; line-height: normal; text-align: justify;\">Dense di significato e carich<a title=\"calendario storico carabinieri by LA VOCE DEL PAESE, on Flickr\" href=\"https:\/\/www.flickr.com\/photos\/91470992@N02\/15948128375\"><img loading=\"lazy\" decoding=\"async\" style=\"margin: 4px; float: right;\" src=\"https:\/\/farm9.staticflickr.com\/8650\/15948128375_03d82c7bc7_n.jpg\" alt=\"calendario storico carabinieri\" width=\"400\" height=\"275\" \/><\/a>e di sentimenti &#8211; sebbene l\u2019una si chiuda con rassicurazioni sul buon esito della situazione e l\u2019altra sia stata scritta sotto forma di testamento &#8211; le missive che le M.O.V.M. \u201calla Memoria\u201d Tenente Romeo Rodrigues-Pereira e Maresciallo Francesco Pepicelli, Martiri delle Fosse Ardeatine, hanno indirizzato alle rispettive mogli.<\/p>\n<p style=\"margin-bottom: 0.0001pt; line-height: normal; text-align: justify;\">Le ultime tavole del calendario sono dedicate alla Signora Santuccia Beni, che, tra figli, nipoti, pronipoti e cugini, ha avuto 12 familiari nell\u2019Arma. Uno dei figli della donna, l\u2019Appuntato Giuseppe Beni, in missione di scorta ad un convoglio nel Mediterraneo durante la Seconda Guerra Mondiale, scrisse un diario annotandovi, tra l\u2019altro, pensieri diretti alla madre e agli altri fratelli in armi. Il 18 maggio 1977, a Porto San Giorgio (FM), anche la famiglia Beni ha pagato il suo tributo di sangue alla Patria, l\u2019Appuntato M.O.V.M. \u201calla Memoria\u201d Alfredo Beni cadde in un conflitto a fuoco con dei malviventi. &nbsp;<\/p>\n<p style=\"text-align: right;\"><span style=\"line-height: 115%;\">(Comando Provinciale Carabinieri Bari)<\/span>&nbsp;<\/p>\n<p>\n<object data=\"https:\/\/photos.gstatic.com\/media\/slideshow.swf\" type=\"application\/x-shockwave-flash\" width=\"640\" height=\"480\" pluginspage=\"http:\/\/www.macromedia.com\/go\/getflashplayer\"><param name=\"flashvars\" value=\"host=picasaweb.google.com&amp;hl=it&amp;feat=flashalbum&amp;RGB=0x000000&amp;feed=https%3A%2F%2Fpicasaweb.google.com%2Fdata%2Ffeed%2Fapi%2Fuser%2F104626251937098962566%2Falbumid%2F6089107813360827937%3Falt%3Drss%26kind%3Dphoto%26hl%3Dit\" \/><param name=\"movie\" value=\"https:\/\/photos.gstatic.com\/media\/slideshow.swf\" \/><\/object><\/p>\n","protected":false},"excerpt":{"rendered":"","protected":false},"author":1,"featured_media":0,"comment_status":"open","ping_status":"closed","sticky":false,"template":"","format":"standard","meta":{"colormag_page_container_layout":"default_layout","colormag_page_sidebar_layout":"default_layout","footnotes":""},"categories":[7],"tags":[],"class_list":["post-47108","post","type-post","status-publish","format-standard","hentry","category-attualita"],"_links":{"self":[{"href":"https:\/\/archiviogioia.lavocedelpaese.info\/index.php?rest_route=\/wp\/v2\/posts\/47108","targetHints":{"allow":["GET"]}}],"collection":[{"href":"https:\/\/archiviogioia.lavocedelpaese.info\/index.php?rest_route=\/wp\/v2\/posts"}],"about":[{"href":"https:\/\/archiviogioia.lavocedelpaese.info\/index.php?rest_route=\/wp\/v2\/types\/post"}],"author":[{"embeddable":true,"href":"https:\/\/archiviogioia.lavocedelpaese.info\/index.php?rest_route=\/wp\/v2\/users\/1"}],"replies":[{"embeddable":true,"href":"https:\/\/archiviogioia.lavocedelpaese.info\/index.php?rest_route=%2Fwp%2Fv2%2Fcomments&post=47108"}],"version-history":[{"count":0,"href":"https:\/\/archiviogioia.lavocedelpaese.info\/index.php?rest_route=\/wp\/v2\/posts\/47108\/revisions"}],"wp:attachment":[{"href":"https:\/\/archiviogioia.lavocedelpaese.info\/index.php?rest_route=%2Fwp%2Fv2%2Fmedia&parent=47108"}],"wp:term":[{"taxonomy":"category","embeddable":true,"href":"https:\/\/archiviogioia.lavocedelpaese.info\/index.php?rest_route=%2Fwp%2Fv2%2Fcategories&post=47108"},{"taxonomy":"post_tag","embeddable":true,"href":"https:\/\/archiviogioia.lavocedelpaese.info\/index.php?rest_route=%2Fwp%2Fv2%2Ftags&post=47108"}],"curies":[{"name":"wp","href":"https:\/\/api.w.org\/{rel}","templated":true}]}}