{"id":47128,"date":"2014-12-06T01:31:41","date_gmt":"2014-12-06T01:31:41","guid":{"rendered":"https:\/\/archiviogioia.lavocedelpaese.info\/?p=47128"},"modified":"2014-12-06T01:31:41","modified_gmt":"2014-12-06T01:31:41","slug":"galena-chef-academy-seleziona-80-aspiranti-2","status":"publish","type":"post","link":"https:\/\/archiviogioia.lavocedelpaese.info\/?p=47128","title":{"rendered":"GALENA CHEF ACADEMY SELEZIONA 80 ASPIRANTI"},"content":{"rendered":"<p><a title=\"galena-chef-academy by LA VOCE DEL PAESE, on Flickr\" href=\"https:\/\/www.flickr.com\/photos\/91470992@N02\/15769945589\"><img loading=\"lazy\" decoding=\"async\" style=\"display: block; margin-left: auto; margin-right: auto;\" src=\"https:\/\/farm9.staticflickr.com\/8605\/15769945589_135654350a_z.jpg\" alt=\"galena-chef-academy\" width=\"320\" height=\"240\" \/><\/a><\/p>\n<p><!--more--><\/p>\n<p style=\"margin-bottom: 0.0001pt; line-height: normal; text-align: justify;\"><a title=\"galena-chef-academy by LA VOCE DEL PAESE, on Flickr\" href=\"https:\/\/www.flickr.com\/photos\/91470992@N02\/15955959955\"><img loading=\"lazy\" decoding=\"async\" style=\"margin: 4px; float: left;\" src=\"https:\/\/farm8.staticflickr.com\/7467\/15955959955_52c595ce3b_n.jpg\" alt=\"galena-chef-academy\" width=\"311\" height=\"311\" \/><\/a><strong>La Galena Chef Academy<\/strong>, scuola di alta formazione di cucina e pasticceria con sede a Modugno (Ba), <strong>diretta dagli chef<\/strong> campioni del mondo e pluri stellati <strong>Matteo e Giuseppe Galena<\/strong>, <strong>seleziona 80 operatori di cucina, bar e ricevimento<\/strong> nelle pi\u00f9 grandi mete del turismo invernale italiano. <strong>Stage retribuiti fino al 21 aprile 2015<\/strong>.&nbsp;Cimone, Pez Cayard S. Martino di Castrozza, Pila, Marmolada, Marilleva e Sestriere saranno le destinazioni alberghiere che portano il marchio di uno dei pi\u00f9 grandi tour operator del mondo: Valtur.<\/p>\n<p style=\"margin-bottom: 0.0001pt; line-height: normal; text-align: justify;\"><strong>Queste le<\/strong> <strong>figure richieste, ambosessi<\/strong>:<\/p>\n<p style=\"margin-bottom: 0.0001pt; line-height: normal; text-align: justify;\">37 operatori per servizio bar\/sala, 26 operatori di cucina, 17 operatori del ricevimento. Oltre alla regoalre retribuzione prevista, vitto e alloggio saranno gratuiti oltre alla copertura del costo di viaggio di andata. Gi\u00e0 8 operatori (3 di bar\/sala, 3 di cucina e 2 di ricevimento) potranno raggiungere la destinazione veneta della Marmolada in provincia di Belluno gi\u00e0 dal prossimo 10 dicembre.&nbsp;<\/p>\n<p style=\"margin-bottom: 0.0001pt; line-height: normal; text-align: justify;\">Le<strong> candidature e <\/strong>le<strong> presentazioni <\/strong>dei<strong> curriculum<\/strong> dovranno essere effettuate <strong>entro il 17 dicembre<\/strong> (e prima del 10 dicembre per la<a title=\"galena-chef-academy by LA VOCE DEL PAESE, on Flickr\" href=\"https:\/\/www.flickr.com\/photos\/91470992@N02\/15955960065\"><img loading=\"lazy\" decoding=\"async\" style=\"margin: 4px; float: right;\" src=\"https:\/\/farm9.staticflickr.com\/8683\/15955960065_e701401d64_n.jpg\" alt=\"galena-chef-academy\" width=\"400\" height=\"225\" \/><\/a> partenza anticipata della Marmolada) presso la Galena Chef Academy sulla strada provinciale Modugno-Bari al km 0,800. Dal luned\u00ec al mercoled\u00ec dalle 15.00 alle 16.00 e dalle 19.00 alle 21.00. Dal gioved\u00ec al sabato dalle 11.00 alle 13.00. E&#8217; possibile compilare la propria candidatura anche su <a href=\"http:\/\/www.galenachef.it\/lavoro\" target=\"_blank\" rel=\"noopener\">www.galenachef.it\/lavoro<\/a> previa registrazione al sito o inviare curriculum all&#8217;indirizzo <a href=\"mailto:info@galenachef.it\" target=\"_blank\" rel=\"noopener\">info@galenachef.it<\/a>. Informazioni al 392 8201968 e su <a href=\"http:\/\/www.galenachef.it\" target=\"_blank\" rel=\"noopener\">www.galenachef.it<\/a>.&nbsp;<\/p>\n<p>&nbsp;<\/p>\n","protected":false},"excerpt":{"rendered":"","protected":false},"author":1,"featured_media":0,"comment_status":"open","ping_status":"closed","sticky":false,"template":"","format":"standard","meta":{"colormag_page_container_layout":"default_layout","colormag_page_sidebar_layout":"default_layout","footnotes":""},"categories":[7],"tags":[],"class_list":["post-47128","post","type-post","status-publish","format-standard","hentry","category-attualita"],"_links":{"self":[{"href":"https:\/\/archiviogioia.lavocedelpaese.info\/index.php?rest_route=\/wp\/v2\/posts\/47128","targetHints":{"allow":["GET"]}}],"collection":[{"href":"https:\/\/archiviogioia.lavocedelpaese.info\/index.php?rest_route=\/wp\/v2\/posts"}],"about":[{"href":"https:\/\/archiviogioia.lavocedelpaese.info\/index.php?rest_route=\/wp\/v2\/types\/post"}],"author":[{"embeddable":true,"href":"https:\/\/archiviogioia.lavocedelpaese.info\/index.php?rest_route=\/wp\/v2\/users\/1"}],"replies":[{"embeddable":true,"href":"https:\/\/archiviogioia.lavocedelpaese.info\/index.php?rest_route=%2Fwp%2Fv2%2Fcomments&post=47128"}],"version-history":[{"count":0,"href":"https:\/\/archiviogioia.lavocedelpaese.info\/index.php?rest_route=\/wp\/v2\/posts\/47128\/revisions"}],"wp:attachment":[{"href":"https:\/\/archiviogioia.lavocedelpaese.info\/index.php?rest_route=%2Fwp%2Fv2%2Fmedia&parent=47128"}],"wp:term":[{"taxonomy":"category","embeddable":true,"href":"https:\/\/archiviogioia.lavocedelpaese.info\/index.php?rest_route=%2Fwp%2Fv2%2Fcategories&post=47128"},{"taxonomy":"post_tag","embeddable":true,"href":"https:\/\/archiviogioia.lavocedelpaese.info\/index.php?rest_route=%2Fwp%2Fv2%2Ftags&post=47128"}],"curies":[{"name":"wp","href":"https:\/\/api.w.org\/{rel}","templated":true}]}}