{"id":47153,"date":"2014-12-08T02:39:22","date_gmt":"2014-12-08T02:39:22","guid":{"rendered":"https:\/\/archiviogioia.lavocedelpaese.info\/?p=47153"},"modified":"2014-12-08T02:39:22","modified_gmt":"2014-12-08T02:39:22","slug":"sabrina-merolla-porta-buon-vento-di-gioia-in-tv-video-2","status":"publish","type":"post","link":"https:\/\/archiviogioia.lavocedelpaese.info\/?p=47153","title":{"rendered":"SABRINA MEROLLA PORTA \u201cBUON VENTO\u201d DI GIOIA IN TV-video"},"content":{"rendered":"<p><a title=\"sabrina merolla by LA VOCE DEL PAESE, on Flickr\" href=\"https:\/\/www.flickr.com\/photos\/91470992@N02\/15946399936\"><img loading=\"lazy\" decoding=\"async\" style=\"display: block; margin-left: auto; margin-right: auto;\" src=\"https:\/\/farm8.staticflickr.com\/7497\/15946399936_a1dca37f1a_z.jpg\" alt=\"sabrina merolla\" width=\"320\" height=\"240\" \/><\/a><\/p>\n<p><!--more--><\/p>\n<p style=\"margin-bottom: 0.0001pt; line-height: normal; text-align: justify;\"><a title=\"sabrina merolla by LA VOCE DEL PAESE, on Flickr\" href=\"https:\/\/www.flickr.com\/photos\/91470992@N02\/15971497452\"><img loading=\"lazy\" decoding=\"async\" style=\"margin: 4px; float: left;\" src=\"https:\/\/farm9.staticflickr.com\/8594\/15971497452_bdf7bd07bf_n.jpg\" alt=\"sabrina merolla\" width=\"400\" height=\"268\" \/><\/a>\u201c<strong>Buon Vento<\/strong>\u201d racconter\u00e0 di Gioia, lo anticipa nel suo trailer <strong>Sabrina Merolla<\/strong>, cuore e mente della fortunata trasmissione che tanto successo ha riscosso su TeleNorba ed oggi <strong>sul suo blog<\/strong> e nel palinsesto di Antenna Sud.<\/p>\n<p style=\"margin-bottom: 0.0001pt; line-height: normal; text-align: justify;\"><strong>Un trailer che anticipa gli scenari, gli incontri e le atmosfere vissute<\/strong> dalla conduttrice nel viaggio alla scoperta di Gioia del Colle, citt\u00e0 federiciana,&nbsp;capitale della mozzarella e patria del vino Primitivo DOC.<\/p>\n<p style=\"margin-bottom: 0.0001pt; line-height: normal; text-align: justify;\">\u201cVi condurr\u00f2 alla scoperta delle ambientazioni del borgo antico, vi far\u00f2 vivere l&#8217;atmosfera medievale del magnifico Castello svevo, vi porter\u00f2 a conoscere alcuni fra i pi\u00f9 grandi musicisti gioiesi che si esibiranno nello storico Teatro Rossini in esclusiva per Buon Vento, e <strong>vi presenter\u00f2 un novero di realt\u00e0 imprenditoriali di primario livello<\/strong>, anche nazionale, che, con il loro dinamismo, fanno di questa citt\u00e0 pulsante \u2018<strong>Il cuore della Puglia\u2019<\/strong>\u201d.<\/p>\n<p style=\"text-align: justify;\"><strong>Cos\u00ec Sabrina anticipa la puntata integrale<\/strong> trasmessa nei giorni di domenica 7 dicembre, alle ore 13.30 e 22.00, con replica <strong>oggi, luned\u00ec 8 dicembre, alle 12.50 e sabato 13 dicembre alle 21<\/strong>\u201d.&nbsp;<\/p>\n<p><iframe loading=\"lazy\" src=\"\/\/www.youtube.com\/embed\/aXcpLB7CB9Y\" width=\"640\" height=\"360\" allowfullscreen=\"allowfullscreen\"><\/iframe><\/p>\n","protected":false},"excerpt":{"rendered":"","protected":false},"author":1,"featured_media":0,"comment_status":"open","ping_status":"closed","sticky":false,"template":"","format":"standard","meta":{"colormag_page_container_layout":"default_layout","colormag_page_sidebar_layout":"default_layout","footnotes":""},"categories":[7],"tags":[],"class_list":["post-47153","post","type-post","status-publish","format-standard","hentry","category-attualita"],"_links":{"self":[{"href":"https:\/\/archiviogioia.lavocedelpaese.info\/index.php?rest_route=\/wp\/v2\/posts\/47153","targetHints":{"allow":["GET"]}}],"collection":[{"href":"https:\/\/archiviogioia.lavocedelpaese.info\/index.php?rest_route=\/wp\/v2\/posts"}],"about":[{"href":"https:\/\/archiviogioia.lavocedelpaese.info\/index.php?rest_route=\/wp\/v2\/types\/post"}],"author":[{"embeddable":true,"href":"https:\/\/archiviogioia.lavocedelpaese.info\/index.php?rest_route=\/wp\/v2\/users\/1"}],"replies":[{"embeddable":true,"href":"https:\/\/archiviogioia.lavocedelpaese.info\/index.php?rest_route=%2Fwp%2Fv2%2Fcomments&post=47153"}],"version-history":[{"count":0,"href":"https:\/\/archiviogioia.lavocedelpaese.info\/index.php?rest_route=\/wp\/v2\/posts\/47153\/revisions"}],"wp:attachment":[{"href":"https:\/\/archiviogioia.lavocedelpaese.info\/index.php?rest_route=%2Fwp%2Fv2%2Fmedia&parent=47153"}],"wp:term":[{"taxonomy":"category","embeddable":true,"href":"https:\/\/archiviogioia.lavocedelpaese.info\/index.php?rest_route=%2Fwp%2Fv2%2Fcategories&post=47153"},{"taxonomy":"post_tag","embeddable":true,"href":"https:\/\/archiviogioia.lavocedelpaese.info\/index.php?rest_route=%2Fwp%2Fv2%2Ftags&post=47153"}],"curies":[{"name":"wp","href":"https:\/\/api.w.org\/{rel}","templated":true}]}}