{"id":47198,"date":"2014-12-17T01:07:29","date_gmt":"2014-12-17T01:07:29","guid":{"rendered":"https:\/\/archiviogioia.lavocedelpaese.info\/?p=47198"},"modified":"2014-12-17T01:07:29","modified_gmt":"2014-12-17T01:07:29","slug":"isabella-capozzi-ha-visto-la-poesia-morire-a-proevocazioni","status":"publish","type":"post","link":"https:\/\/archiviogioia.lavocedelpaese.info\/?p=47198","title":{"rendered":"ISABELLA CAPOZZI HA VISTO LA POESIA MORIRE A PROEVOCAZIONI"},"content":{"rendered":"<p><a title=\"libro-isabella-capozzi by LA VOCE DEL PAESE, on Flickr\" href=\"https:\/\/www.flickr.com\/photos\/91470992@N02\/15852139038\"><img loading=\"lazy\" decoding=\"async\" style=\"display: block; margin-left: auto; margin-right: auto;\" src=\"https:\/\/farm8.staticflickr.com\/7513\/15852139038_ce7dbf4252_n.jpg\" alt=\"libro-isabella-capozzi\" width=\"320\" height=\"240\" \/><\/a><\/p>\n<p><!--more--><\/p>\n<p style=\"margin-bottom: 0.0001pt; line-height: normal; text-align: justify;\"><a title=\"isabella capozzi by LA VOCE DEL PAESE, on Flickr\" href=\"https:\/\/www.flickr.com\/photos\/91470992@N02\/15851986438\"><img loading=\"lazy\" decoding=\"async\" style=\"margin: 4px; float: left;\" src=\"https:\/\/farm9.staticflickr.com\/8576\/15851986438_0def88c0cd.jpg\" alt=\"isabella capozzi\" width=\"350\" height=\"526\" \/><\/a><strong>Evento fuori programma<\/strong> nell&#8217;ambito della manifestazione &#8220;ProEvocazioni &#8211; Storie nel tempo&#8221;, un cammino dentro il nostro tempo e le storie della nostra societ\u00e0, tra fotografia, musica e incontri, che si terr\u00e0 presso Palazzo Romano a Gioia del Colle, dal 15 al 22 dicembre 2014. <a href=\"https:\/\/www.facebook.com\/events\/877642612254552\/?fref=ts\" target=\"_blank\" rel=\"noopener\">https:\/\/www.facebook.com\/events\/877642612254552\/?fref=ts<\/a><\/p>\n<p style=\"margin-bottom: 0.0001pt; line-height: normal; text-align: justify;\"><strong>Dopo la vittoria del contest &#8220;Talento da poeta&#8221;<\/strong>, tenutosi nel corso della Notte Bianca della Poesia presso la Provincia di Bari lo scorso 23 giugno, <strong>Isabella Capozzi presenta<\/strong> la sua silloge poetica d&#8217;esordio dal titolo &#8220;<strong>Ho visto la poesia morire<\/strong>&#8220;. <a href=\"https:\/\/www.facebook.com\/pages\/Ho-visto-la-poesia-morire\/890053531019243?fref=ts\" target=\"_blank\" rel=\"noopener\">https:\/\/www.facebook.com\/pages\/Ho-visto-la-poesia-morire\/890053531019243?fref=ts<\/a><\/p>\n<p style=\"margin-bottom: 0.0001pt; line-height: normal; text-align: justify;\">&#8220;Isabella con il suo libro d&#8217;esordio manifesta un&#8217;inclinazione poetica e una maturit\u00e0 stilistica gi\u00e0 avviate.[&#8230; ] La sua poesia non intende celebrare entusiasticamente la bellezza, n\u00e9 esibire il possesso di un privilegio conoscitivo. Anzi, al contrario, testimonia con potenza le tappe di una ricerca difficile, durante la quale la ragione \u00e8 spesso vittima dello scacco delle cose che si nascondono alla vista e, quindi, il senso della sua poesia sta proprio in questa coscienza del limite e nel tentativo di guadagnare poco a poco \u00abla ragione della scrittura\u00bb che \u00e8 sempre \u00abscrittura della ragione\u00bb (V. Magrelli) senza mai perdere la fiducia nella convinzione profonda che \u00abmuore la poesia e rinasce ogni giorno come gatta dalle tante vite\u00bb\u201d. (dalla Prefazione di Irene Martino).<\/p>\n<p style=\"margin-bottom: 0.0001pt; line-height: normal; text-align: justify;\"><strong>Presenta Irene Martino<\/strong>.<\/p>\n<p style=\"margin-bottom: 0.0001pt; line-height: normal; text-align: justify;\"><strong>Inframezzi musicali<\/strong> a cura di <strong>Ilaria Nitti<\/strong>. Un evento promosso da \u201c<strong>la Librellula<\/strong>\u201d e \u201c<strong>SIC! ProgettAzioni Culturali<\/strong>\u201d.<\/p>\n<p>&nbsp;<\/p>\n","protected":false},"excerpt":{"rendered":"","protected":false},"author":1,"featured_media":0,"comment_status":"open","ping_status":"closed","sticky":false,"template":"","format":"standard","meta":{"colormag_page_container_layout":"default_layout","colormag_page_sidebar_layout":"default_layout","footnotes":""},"categories":[7],"tags":[],"class_list":["post-47198","post","type-post","status-publish","format-standard","hentry","category-attualita"],"_links":{"self":[{"href":"https:\/\/archiviogioia.lavocedelpaese.info\/index.php?rest_route=\/wp\/v2\/posts\/47198","targetHints":{"allow":["GET"]}}],"collection":[{"href":"https:\/\/archiviogioia.lavocedelpaese.info\/index.php?rest_route=\/wp\/v2\/posts"}],"about":[{"href":"https:\/\/archiviogioia.lavocedelpaese.info\/index.php?rest_route=\/wp\/v2\/types\/post"}],"author":[{"embeddable":true,"href":"https:\/\/archiviogioia.lavocedelpaese.info\/index.php?rest_route=\/wp\/v2\/users\/1"}],"replies":[{"embeddable":true,"href":"https:\/\/archiviogioia.lavocedelpaese.info\/index.php?rest_route=%2Fwp%2Fv2%2Fcomments&post=47198"}],"version-history":[{"count":0,"href":"https:\/\/archiviogioia.lavocedelpaese.info\/index.php?rest_route=\/wp\/v2\/posts\/47198\/revisions"}],"wp:attachment":[{"href":"https:\/\/archiviogioia.lavocedelpaese.info\/index.php?rest_route=%2Fwp%2Fv2%2Fmedia&parent=47198"}],"wp:term":[{"taxonomy":"category","embeddable":true,"href":"https:\/\/archiviogioia.lavocedelpaese.info\/index.php?rest_route=%2Fwp%2Fv2%2Fcategories&post=47198"},{"taxonomy":"post_tag","embeddable":true,"href":"https:\/\/archiviogioia.lavocedelpaese.info\/index.php?rest_route=%2Fwp%2Fv2%2Ftags&post=47198"}],"curies":[{"name":"wp","href":"https:\/\/api.w.org\/{rel}","templated":true}]}}