{"id":47239,"date":"2014-12-22T00:40:42","date_gmt":"2014-12-22T00:40:42","guid":{"rendered":"https:\/\/archiviogioia.lavocedelpaese.info\/?p=47239"},"modified":"2014-12-22T00:40:42","modified_gmt":"2014-12-22T00:40:42","slug":"nuove-tasse-sul-futuro-dei-giovani-professionisti","status":"publish","type":"post","link":"https:\/\/archiviogioia.lavocedelpaese.info\/?p=47239","title":{"rendered":"NUOVE TASSE SUL FUTURO DEI GIOVANI PROFESSIONISTI"},"content":{"rendered":"<p><a title=\"regime dei minimi by LA VOCE DEL PAESE, on Flickr\" href=\"https:\/\/www.flickr.com\/photos\/91470992@N02\/16045861726\"><img loading=\"lazy\" decoding=\"async\" style=\"display: block; margin-left: auto; margin-right: auto;\" src=\"https:\/\/farm8.staticflickr.com\/7564\/16045861726_a2baa79730_n.jpg\" alt=\"regime dei minimi\" width=\"320\" height=\"240\" \/><\/a><\/p>\n<p><!--more--><\/p>\n<p style=\"text-align: justify;\"><a title=\"partite-iva-e-regime-dei-minimi-le-novita_154609 by LA VOCE DEL PAESE, on Flickr\" href=\"https:\/\/www.flickr.com\/photos\/91470992@N02\/15889466279\"><img loading=\"lazy\" decoding=\"async\" style=\"margin: 4px; float: left;\" src=\"https:\/\/farm8.staticflickr.com\/7529\/15889466279_155a0a411d_n.jpg\" alt=\"partite-iva-e-regime-dei-minimi-le-novita_154609\" width=\"400\" height=\"265\" \/><\/a><span style=\"color: black;\">&#8220;<\/span><strong><span style=\"color: black;\">Il regime dei minimi che aiutava i <\/span><\/strong><span style=\"color: black;\">giovani ad aprirsi una partita IVA a condizioni agevolate, <strong>dal 2015 non sar\u00e0 pi\u00f9 cos\u00ec conveniente<\/strong> come poteva esserlo quest\u2019anno. Grazie alla&nbsp;Legge di Stabilit\u00e0, dal 2015 ci sar\u00e0 un incremento sulla<strong>&nbsp;tassazione<\/strong> sui ricavi dei professionisti che sar\u00e0 <strong>triplicata <\/strong>rispetto a quella di quest\u2019anno: <strong>dal 5% passa al 15%<\/strong>.<\/span><\/p>\n<p style=\"text-align: justify;\">Mancano pochi giorni alla chiusura dell\u2019anno e <strong>chi pensa di aprire una partita iva \u00e8 meglio che si sbrighi<\/strong>, dal primo gennaio infatti, oltre all\u2019aumento della tassazione, <strong>ci saranno anche altre differenze<\/strong>:&nbsp;<span style=\"color: black;\">i&nbsp;<strong>professionisti&nbsp;<\/strong>dovranno fatturare fino ad un massimo di&nbsp;<strong>15mila euro<\/strong>, mentre&nbsp;<strong>artigiani e commercianti&nbsp;<\/strong>potranno spingersi sino ai<strong>&nbsp;40mila euro <\/strong><\/span>mentre finora il limite era per tutti fissato sui<strong><span style=\"color: black;\"> 30mila euro.<\/span><\/strong><\/p>\n<p style=\"text-align: justify;\">Inoltre chi aprisse <strong>oggi<\/strong> una partita iva in regime dei minimi <strong>pu\u00f2 usufruire di ulteriori agevolazioni come l\u2019esonero&nbsp;dal versamento dell\u2019IVA<\/strong>&nbsp;e&nbsp;dalla registrazione delle fatture<a title=\"regime dei minimi by LA VOCE DEL PAESE, on Flickr\" href=\"https:\/\/www.flickr.com\/photos\/91470992@N02\/15884231298\"><img loading=\"lazy\" decoding=\"async\" style=\"margin: 4px; float: right;\" src=\"https:\/\/farm9.staticflickr.com\/8575\/15884231298_1dcb25404a_n.jpg\" alt=\"regime dei minimi\" width=\"400\" height=\"268\" \/><\/a> emesse; l\u2019esonero dalla tenuta e conservazione dei registri e dei documenti (tranne che per le fatture di acquisto e le bollette doganali);&nbsp;l\u2019esonero&nbsp;dalla <strong>presentazione degli studi di settore<\/strong> e l\u2019esonero dalla <strong>comunicaz<\/strong><strong>ione annuale IVA<\/strong>.<\/p>\n<p style=\"text-align: justify;\">Il prossimo anno chi \u00e8 in regime dei minimi rimarr\u00e0 con le sue agevolazioni fino&nbsp;al compimento dei <strong>35 anni di et\u00e0<\/strong>&nbsp;oppure sino alla&nbsp;scadenza dei 5 anni dall\u2019apertura della partita IVA con conseguente fruizione del regime agevolato&nbsp;mentre chi apre la partita IVA&nbsp;dopo il 1 gennaio&nbsp;<strong>il <span>Regime dei Minimi 2015<\/span><\/strong> <strong>statuisce il&nbsp;venir meno del limite dei 5 anni di permanenza qualora si siano superati i 35 anni di et\u00e0<\/strong>.<\/p>\n<p style=\"margin: 0cm 0cm 0.0001pt; text-align: justify;\">Quindi il prossimo anno <strong>non sar\u00e0 pi\u00f9 cos\u00ec conveniente come oggi aprire una partita IVA<\/strong> con le agevolazioni che furono studiate&nbsp;per favorire l\u2019imprenditoria giovanile nell\u2019ottica di una&nbsp;<strong>politica di sostegno all\u2019occupazione<\/strong> giovanile&#8221;.<\/p>\n<p>&nbsp;<\/p>\n","protected":false},"excerpt":{"rendered":"","protected":false},"author":1,"featured_media":0,"comment_status":"open","ping_status":"closed","sticky":false,"template":"","format":"standard","meta":{"colormag_page_container_layout":"default_layout","colormag_page_sidebar_layout":"default_layout","footnotes":""},"categories":[7],"tags":[],"class_list":["post-47239","post","type-post","status-publish","format-standard","hentry","category-attualita"],"_links":{"self":[{"href":"https:\/\/archiviogioia.lavocedelpaese.info\/index.php?rest_route=\/wp\/v2\/posts\/47239","targetHints":{"allow":["GET"]}}],"collection":[{"href":"https:\/\/archiviogioia.lavocedelpaese.info\/index.php?rest_route=\/wp\/v2\/posts"}],"about":[{"href":"https:\/\/archiviogioia.lavocedelpaese.info\/index.php?rest_route=\/wp\/v2\/types\/post"}],"author":[{"embeddable":true,"href":"https:\/\/archiviogioia.lavocedelpaese.info\/index.php?rest_route=\/wp\/v2\/users\/1"}],"replies":[{"embeddable":true,"href":"https:\/\/archiviogioia.lavocedelpaese.info\/index.php?rest_route=%2Fwp%2Fv2%2Fcomments&post=47239"}],"version-history":[{"count":0,"href":"https:\/\/archiviogioia.lavocedelpaese.info\/index.php?rest_route=\/wp\/v2\/posts\/47239\/revisions"}],"wp:attachment":[{"href":"https:\/\/archiviogioia.lavocedelpaese.info\/index.php?rest_route=%2Fwp%2Fv2%2Fmedia&parent=47239"}],"wp:term":[{"taxonomy":"category","embeddable":true,"href":"https:\/\/archiviogioia.lavocedelpaese.info\/index.php?rest_route=%2Fwp%2Fv2%2Fcategories&post=47239"},{"taxonomy":"post_tag","embeddable":true,"href":"https:\/\/archiviogioia.lavocedelpaese.info\/index.php?rest_route=%2Fwp%2Fv2%2Ftags&post=47239"}],"curies":[{"name":"wp","href":"https:\/\/api.w.org\/{rel}","templated":true}]}}