{"id":47314,"date":"2014-12-30T00:04:24","date_gmt":"2014-12-30T00:04:24","guid":{"rendered":"https:\/\/archiviogioia.lavocedelpaese.info\/?p=47314"},"modified":"2014-12-30T00:04:24","modified_gmt":"2014-12-30T00:04:24","slug":"alunni-villaggio-azzurro-spettacolo-da-applausi-foto","status":"publish","type":"post","link":"https:\/\/archiviogioia.lavocedelpaese.info\/?p=47314","title":{"rendered":"ALUNNI VILLAGGIO AZZURRO. SPETTACOLO DA APPLAUSI-foto"},"content":{"rendered":"<p><a title=\"recita-scuola-aeroporto by LA VOCE DEL PAESE, on Flickr\" href=\"https:\/\/www.flickr.com\/photos\/91470992@N02\/15958124877\"><img loading=\"lazy\" decoding=\"async\" style=\"margin-right: auto; margin-left: auto; display: block;\" src=\"https:\/\/farm8.staticflickr.com\/7480\/15958124877_2fd185a0c1_z.jpg\" alt=\"recita-scuola-aeroporto\" width=\"320\" height=\"240\" \/><\/a><\/p>\n<p><!--more--><\/p>\n<p style=\"text-align: justify;\"><a title=\"recita-scuola-aeroporto2 by LA VOCE DEL PAESE, on Flickr\" href=\"https:\/\/www.flickr.com\/photos\/91470992@N02\/16141980321\"><img loading=\"lazy\" decoding=\"async\" style=\"margin: 4px; float: left;\" src=\"https:\/\/farm8.staticflickr.com\/7488\/16141980321_5037aba9f4.jpg\" alt=\"recita-scuola-aeroporto2\" width=\"400\" height=\"266\" \/><\/a> Luned\u00ec 22 dicembre&nbsp; alle ore 10, \u00e8 andato <strong>in scena nel teatro dell\u2019Aeroporto Ramirez<\/strong> di Gioia del Colle lo <strong>spettacolo di Natale<\/strong> a cura della scuola primaria e dell\u2019infanzia che opera all\u2019interno del Villaggio Azzurro, sede distaccata dell\u2019I.C. Mazzini &#8211; Carano.<\/p>\n<p style=\"text-align: justify;\">Il teatro era <strong>gremito di genitori, fratelli, nonni, zii, amici e parenti vari<\/strong> dei bambini che frequentano questa scuola. Tema dello spettacolo: A Natale, prima di tutto l\u2019uomo ed il Volo. Ha introdotto lo spettacolo e salutato i numerosi presenti la responsabile del plesso, insegnante <strong>Domenica Difino<\/strong>.<\/p>\n<p style=\"text-align: justify;\">Tutto il recital \u00e8 stato impostato su di un viaggio virtuale nel mondo per scoprire che \u201cl\u2019uomo \u00e8 unico\u201d, e che la diversit\u00e0 \u00e8 una grande ricchezza. <strong>Le insegnanti<\/strong>,&nbsp; in questo percorso &#8211; volo di solidariet\u00e0 intorno al mondo, rappresentato su di un maxi schermo con bellissime e significative immagini, <strong>sono riuscite a rendere protagonisti tutti gli alunni<\/strong>, nessuno escluso, in varie performance. C\u2019\u00e8 stato cos\u00ec chi ha cantato, chi ha suonato, chi ha ballato, danzato, in un tessuto narrativo in cui ognu<a title=\"recita-scuola-aeroporto3 by LA VOCE DEL PAESE, on Flickr\" href=\"https:\/\/www.flickr.com\/photos\/91470992@N02\/16143898535\"><img loading=\"lazy\" decoding=\"async\" style=\"margin: 4px; float: right;\" src=\"https:\/\/farm9.staticflickr.com\/8578\/16143898535_75beafb028.jpg\" alt=\"recita-scuola-aeroporto3\" width=\"400\" height=\"266\" \/><\/a>no era contemporaneamente un solista ma anche uno del gruppo. Sono state recitate dai pi\u00f9 piccoli frasi di auguri che parlavano di serenit\u00e0 e solidariet\u00e0.<\/p>\n<p style=\"text-align: justify;\"><strong>Un coro composto da bimbi di varia etnia <\/strong>ha cantato mentre sullo schermo scorrevano immagini da tutto il mondo e messaggi di educazione interculturale per imparare a vivere nella societ\u00e0 globale. Fra i tanti questo di Ren\u00e8 Phicombe: \u201cAprimi fratello. Non chiedermi da dove vengo, chi sono. Sono un uomo come te\u201d.<\/p>\n<p style=\"text-align: justify;\"><strong>Sono stati recitati pensieri di Papa Francesco e di padre Turoldo<\/strong>, messaggi di amore alla vita ed alla fratellanza. Tutti insieme hanno cantato in un clima di grande commozione \u201cL\u2019inno alla gioia\u201d. E poi altri canti, altri balletti, tutti a fare da corona ad importanti messaggi di pace, di amore per le tradizioni dei vari popoli, \u201cperch\u00e9 tutti i ragazzi sono nostri fratelli ed il mondo \u00e8 un grande recinto in cui c\u2019\u00e8 posto per tutti\u201d.<\/p>\n<p style=\"text-align: justify;\">Verso la fine dello spettacolo, con la bravissima, piacevolmente fresca <strong>Domiziana Salvemini<\/strong>, figlia dell\u2019insegnante Ziino- Salvemini<a title=\"spettacolo alunni villaggio azzurro by LA VOCE DEL PAESE, on Flickr\" href=\"https:\/\/www.flickr.com\/photos\/91470992@N02\/16143185352\"><img loading=\"lazy\" decoding=\"async\" style=\"margin: 4px; float: left;\" src=\"https:\/\/farm8.staticflickr.com\/7469\/16143185352_3dd3d8f27f.jpg\" alt=\"spettacolo alunni villaggio azzurro\" width=\"400\" height=\"266\" \/><\/a>, i pi\u00f9 grandi fra gli alunni hanno cantato brani pi\u00f9 impegnativi, come New York. <strong>Al termine un interminabile scroscio di applausi<\/strong>, tutti meritati da alunni, insegnanti e dalla bravissima Domiziana.<\/p>\n<p style=\"text-align: justify;\">Senza dubbio, quella che opera presso il Villaggio Azzurro&nbsp; in Aeroporto a Gioia \u00e8 <strong>una scuola di eccellenza<\/strong>, nella quale molti genitori vorrebbero iscrivere i loro figli. In questa scuola si pratica il tempo pieno, grande opportunit\u00e0 per genitori che lavorano. Il problema che li trattiene dal farlo \u00e8 quello del trasporto dei bambini, perch\u00e9 non tutte le famiglie sono in condizione di poter accompagnare i propri figli ogni mattina a scuola.<\/p>\n<p style=\"text-align: justify;\"><strong>La responsabile<\/strong>, insegnante Domenica Difino, <strong>molto soddisfatta<\/strong> per lo svolgimento della mattinata, <strong>ha salutato tutti con molto calore<\/strong>, augurando&nbsp; un Natale sereno ed un felice anno nuovo. In una breve intervista&nbsp;ci ha detto che <strong>la popolazione scolastica<\/strong> consta di 95 alunni nella scuola primaria e di 55 in quella dell\u2019infanzia, ed <strong>\u00e8 multietnica<\/strong> con due alunni indiani, due georgiani, due rumeni e una brasiliana. E\u2019 facile e doveroso parlare di multi etnia in una scuola come questa.<\/p>\n<p>\n<object data=\"https:\/\/photos.gstatic.com\/media\/slideshow.swf\" type=\"application\/x-shockwave-flash\" width=\"640\" height=\"480\" pluginspage=\"http:\/\/www.macromedia.com\/go\/getflashplayer\"><param name=\"flashvars\" value=\"host=picasaweb.google.com&amp;hl=it&amp;feat=flashalbum&amp;RGB=0x000000&amp;feed=https%3A%2F%2Fpicasaweb.google.com%2Fdata%2Ffeed%2Fapi%2Fuser%2F104626251937098962566%2Falbumid%2F6098477943226302993%3Falt%3Drss%26kind%3Dphoto%26hl%3Dit\" \/><param name=\"movie\" value=\"https:\/\/photos.gstatic.com\/media\/slideshow.swf\" \/><\/object><\/p>\n","protected":false},"excerpt":{"rendered":"","protected":false},"author":1,"featured_media":0,"comment_status":"open","ping_status":"closed","sticky":false,"template":"","format":"standard","meta":{"colormag_page_container_layout":"default_layout","colormag_page_sidebar_layout":"default_layout","footnotes":""},"categories":[7],"tags":[],"class_list":["post-47314","post","type-post","status-publish","format-standard","hentry","category-attualita"],"_links":{"self":[{"href":"https:\/\/archiviogioia.lavocedelpaese.info\/index.php?rest_route=\/wp\/v2\/posts\/47314","targetHints":{"allow":["GET"]}}],"collection":[{"href":"https:\/\/archiviogioia.lavocedelpaese.info\/index.php?rest_route=\/wp\/v2\/posts"}],"about":[{"href":"https:\/\/archiviogioia.lavocedelpaese.info\/index.php?rest_route=\/wp\/v2\/types\/post"}],"author":[{"embeddable":true,"href":"https:\/\/archiviogioia.lavocedelpaese.info\/index.php?rest_route=\/wp\/v2\/users\/1"}],"replies":[{"embeddable":true,"href":"https:\/\/archiviogioia.lavocedelpaese.info\/index.php?rest_route=%2Fwp%2Fv2%2Fcomments&post=47314"}],"version-history":[{"count":0,"href":"https:\/\/archiviogioia.lavocedelpaese.info\/index.php?rest_route=\/wp\/v2\/posts\/47314\/revisions"}],"wp:attachment":[{"href":"https:\/\/archiviogioia.lavocedelpaese.info\/index.php?rest_route=%2Fwp%2Fv2%2Fmedia&parent=47314"}],"wp:term":[{"taxonomy":"category","embeddable":true,"href":"https:\/\/archiviogioia.lavocedelpaese.info\/index.php?rest_route=%2Fwp%2Fv2%2Fcategories&post=47314"},{"taxonomy":"post_tag","embeddable":true,"href":"https:\/\/archiviogioia.lavocedelpaese.info\/index.php?rest_route=%2Fwp%2Fv2%2Ftags&post=47314"}],"curies":[{"name":"wp","href":"https:\/\/api.w.org\/{rel}","templated":true}]}}