{"id":47330,"date":"2014-12-31T23:13:53","date_gmt":"2014-12-31T23:13:53","guid":{"rendered":"https:\/\/archiviogioia.lavocedelpaese.info\/?p=47330"},"modified":"2014-12-31T23:13:53","modified_gmt":"2014-12-31T23:13:53","slug":"auguri-di-buon-anno-a-tutti-dalla-redazione-di-gioianet-3","status":"publish","type":"post","link":"https:\/\/archiviogioia.lavocedelpaese.info\/?p=47330","title":{"rendered":"AUGURI DI BUON ANNO A TUTTI DALLA REDAZIONE DI GIOIANET"},"content":{"rendered":"<p><a title=\"auguri buon anno by LA VOCE DEL PAESE, on Flickr\" href=\"https:\/\/www.flickr.com\/photos\/91470992@N02\/15972183548\"><img loading=\"lazy\" decoding=\"async\" style=\"display: block; margin-left: auto; margin-right: auto;\" src=\"https:\/\/farm8.staticflickr.com\/7508\/15972183548_eb1afcf1a5_z.jpg\" alt=\"auguri buon anno\" width=\"320\" height=\"240\" \/><\/a><\/p>\n<p><!--more--><\/p>\n<p style=\"text-align: justify;\"><a title=\"auguri buon anno by LA VOCE DEL PAESE, on Flickr\" href=\"https:\/\/www.flickr.com\/photos\/91470992@N02\/15537247894\"><img loading=\"lazy\" decoding=\"async\" style=\"margin: 4px; float: left;\" src=\"https:\/\/farm9.staticflickr.com\/8612\/15537247894_cc00775e41.jpg\" alt=\"auguri buon anno\" width=\"400\" height=\"266\" \/><\/a>C\u2019\u00e8 chi in questo anno che si spegne, sotto una coltre di neve, dedica un pensiero a chi nel futuro ripone ogni speranza, lontano migliaia di chilometri da casa, a chi \u00e8 emigrato alla ricerca di lavoro, pace, serenit\u00e0. <strong>A chi fugge dalla guerra<\/strong>, <strong>dalle malattie e dalla povert\u00e0<\/strong>, e sceglie di chiedere l\u2019elemosina all\u2019angolo di un supermercato o di attendere che qualcosa cambi, in un angolo della stazione.<\/p>\n<p style=\"text-align: justify;\"><strong>A chi non sa ancora perch\u00e9 \u00e8 qui<\/strong>, se ci rester\u00e0 e cosa gli riserva il nuovo anno.<\/p>\n<p style=\"text-align: justify;\">Ragazzi ospitati a Gioia\u2026 \u201cche probabilmente il gelo ce l\u2019hanno dentro\u2026\u201d, come scritto nel suo post dal fotografo <strong>Mimmo Ricatti<\/strong> che il mondo lo conosce e respira attraverso l\u2019obiettivo della sua fotocamera.<\/p>\n<p style=\"text-align: justify;\">Mimmo Ricatti ancora una volta <strong>ha \u201ccentrato il bersaglio\u201d<\/strong>\u2026 Lui che nel maggio del 2013 port\u00f2 volti e rughe e mani di Cuba nel chiostro di Gioia, nei suoi scatti ha colto quel brivido che non nasce dal gelo ma dalla nostalgia e in poche parole ha racchiuso il suo messaggio di pace!<\/p>\n<p style=\"text-align: justify;\"><strong>Grazie, Mimmo, per aver dato voce e visibilit\u00e0<\/strong> ad una realt\u00e0 che in tanti preferiscono non vedere o peggio, ghettizzare nell\u2019ombra, perch\u00e9 il destino del nostro futuro si gioca l\u00ec, nella capacit\u00e0 di condividere e accogliere conservando intatte la nostra identit\u00e0, le nostre radici, la nostra cultura.<\/p>\n<p style=\"text-align: justify;\"><strong>Buon 2015 a tutti<\/strong> da tutti noi della <strong>Redazione di GioiaNet<\/strong>.<\/p>\n<p>\n<object data=\"https:\/\/photos.gstatic.com\/media\/slideshow.swf\" type=\"application\/x-shockwave-flash\" width=\"640\" height=\"480\"><param name=\"flashvars\" value=\"host=picasaweb.google.com&amp;hl=it&amp;feat=flashalbum&amp;RGB=0x000000&amp;feed=https%3A%2F%2Fpicasaweb.google.com%2Fdata%2Ffeed%2Fapi%2Fuser%2F104626251937098962566%2Falbumid%2F6099137746966789681%3Falt%3Drss%26kind%3Dphoto%26hl%3Dit\" \/><param name=\"movie\" value=\"https:\/\/photos.gstatic.com\/media\/slideshow.swf\" \/><\/object><\/p>\n","protected":false},"excerpt":{"rendered":"","protected":false},"author":1,"featured_media":0,"comment_status":"open","ping_status":"closed","sticky":false,"template":"","format":"standard","meta":{"colormag_page_container_layout":"default_layout","colormag_page_sidebar_layout":"default_layout","footnotes":""},"categories":[9],"tags":[],"class_list":["post-47330","post","type-post","status-publish","format-standard","hentry","category-la-voce-del-paese"],"_links":{"self":[{"href":"https:\/\/archiviogioia.lavocedelpaese.info\/index.php?rest_route=\/wp\/v2\/posts\/47330","targetHints":{"allow":["GET"]}}],"collection":[{"href":"https:\/\/archiviogioia.lavocedelpaese.info\/index.php?rest_route=\/wp\/v2\/posts"}],"about":[{"href":"https:\/\/archiviogioia.lavocedelpaese.info\/index.php?rest_route=\/wp\/v2\/types\/post"}],"author":[{"embeddable":true,"href":"https:\/\/archiviogioia.lavocedelpaese.info\/index.php?rest_route=\/wp\/v2\/users\/1"}],"replies":[{"embeddable":true,"href":"https:\/\/archiviogioia.lavocedelpaese.info\/index.php?rest_route=%2Fwp%2Fv2%2Fcomments&post=47330"}],"version-history":[{"count":0,"href":"https:\/\/archiviogioia.lavocedelpaese.info\/index.php?rest_route=\/wp\/v2\/posts\/47330\/revisions"}],"wp:attachment":[{"href":"https:\/\/archiviogioia.lavocedelpaese.info\/index.php?rest_route=%2Fwp%2Fv2%2Fmedia&parent=47330"}],"wp:term":[{"taxonomy":"category","embeddable":true,"href":"https:\/\/archiviogioia.lavocedelpaese.info\/index.php?rest_route=%2Fwp%2Fv2%2Fcategories&post=47330"},{"taxonomy":"post_tag","embeddable":true,"href":"https:\/\/archiviogioia.lavocedelpaese.info\/index.php?rest_route=%2Fwp%2Fv2%2Ftags&post=47330"}],"curies":[{"name":"wp","href":"https:\/\/api.w.org\/{rel}","templated":true}]}}